{"id":6991,"count":1,"description":"","link":"https:\/\/bisbalpenedes.com\/web\/tag\/gerent-de-la-regio-sanitaria-al-penedes\/","name":"gerent de la regi\u00f3 sanit\u00e0ria al Pened\u00e8s","slug":"gerent-de-la-regio-sanitaria-al-penedes","taxonomy":"post_tag","meta":[],"_links":{"self":[{"href":"https:\/\/bisbalpenedes.com\/web\/wp-json\/wp\/v2\/tags\/6991"}],"collection":[{"href":"https:\/\/bisbalpenedes.com\/web\/wp-json\/wp\/v2\/tags"}],"about":[{"href":"https:\/\/bisbalpenedes.com\/web\/wp-json\/wp\/v2\/taxonomies\/post_tag"}],"wp:post_type":[{"href":"https:\/\/bisbalpenedes.com\/web\/wp-json\/wp\/v2\/posts?tags=6991"}],"curies":[{"name":"wp","href":"https:\/\/api.w.org\/{rel}","templated":true}]}}