{"id":5697,"count":1,"description":"","link":"https:\/\/bisbalpenedes.com\/web\/tag\/placa-oferta-publica-docupacio\/","name":"pla\u00e7a oferta p\u00fablica d&#039;ocupaci\u00f3","slug":"placa-oferta-publica-docupacio","taxonomy":"post_tag","meta":[],"_links":{"self":[{"href":"https:\/\/bisbalpenedes.com\/web\/wp-json\/wp\/v2\/tags\/5697"}],"collection":[{"href":"https:\/\/bisbalpenedes.com\/web\/wp-json\/wp\/v2\/tags"}],"about":[{"href":"https:\/\/bisbalpenedes.com\/web\/wp-json\/wp\/v2\/taxonomies\/post_tag"}],"wp:post_type":[{"href":"https:\/\/bisbalpenedes.com\/web\/wp-json\/wp\/v2\/posts?tags=5697"}],"curies":[{"name":"wp","href":"https:\/\/api.w.org\/{rel}","templated":true}]}}