{"id":4977,"count":1,"description":"","link":"https:\/\/bisbalpenedes.com\/web\/tag\/ocupacio-de-terrenys-dus-public\/","name":"ocupaci\u00f3 de terrenys d&#039;\u00fas p\u00fablic","slug":"ocupacio-de-terrenys-dus-public","taxonomy":"post_tag","meta":[],"_links":{"self":[{"href":"https:\/\/bisbalpenedes.com\/web\/wp-json\/wp\/v2\/tags\/4977"}],"collection":[{"href":"https:\/\/bisbalpenedes.com\/web\/wp-json\/wp\/v2\/tags"}],"about":[{"href":"https:\/\/bisbalpenedes.com\/web\/wp-json\/wp\/v2\/taxonomies\/post_tag"}],"wp:post_type":[{"href":"https:\/\/bisbalpenedes.com\/web\/wp-json\/wp\/v2\/posts?tags=4977"}],"curies":[{"name":"wp","href":"https:\/\/api.w.org\/{rel}","templated":true}]}}