{"id":9995,"date":"2019-07-08T11:17:50","date_gmt":"2019-07-08T10:17:50","guid":{"rendered":"http:\/\/bisbalpenedes.com\/web\/?p=9995"},"modified":"2019-07-08T11:17:50","modified_gmt":"2019-07-08T10:17:50","slug":"families-bisbalenques-us-agradaria-participar-en-el-programa-persona-infiltrada-de-tv3","status":"publish","type":"post","link":"https:\/\/bisbalpenedes.com\/web\/2019\/07\/08\/families-bisbalenques-us-agradaria-participar-en-el-programa-persona-infiltrada-de-tv3\/","title":{"rendered":"Fam\u00edlies bisbalenques, us agradaria participar en el programa &#8216;Persona Infiltrada&#8217; de TV3?"},"content":{"rendered":"<p><span style=\"color: #000000;\">El programa \u2018Persona Infiltrada\u2019 de TV3 busca fam\u00edlies divertides, amb m\u00e9s de 4 membres, i que estiguin disposades a passar-s\u2019ho b\u00e9.<\/span><\/p>\n<p><span style=\"color: #000000;\">Des del programa s\u2019han posat en contacte amb nosaltres perqu\u00e8 fem difusi\u00f3 del seu c\u00e0sting i per veure si alguna fam\u00edlia bisbalenca estaria disposada a participar en el programa.<\/span><\/p>\n<p><span style=\"color: #000000;\">Per participar en el c\u00e0sting del programa podeu contactar amb la productora a trav\u00e9s de les vies que s\u2019indiquen al cartell.<\/span><\/p>\n<hr \/>\n<p><span style=\"color: #000000;\"><strong>CASTELLANO |<\/strong> El programa \u2018Persona Infiltrada\u2019 de TV3 busca familias divertidas, con m\u00e1s de 4 miembros, y que est\u00e9n dispuestas a pasarlo bien. Desde el programa se han puesto en contacto con nosotros para que hagamos difusi\u00f3n de su casting y para ver si alguna familia bisbalenca estar\u00eda dispuesta a participar en el programa.<\/span><\/p>\n<p><span style=\"color: #000000;\">Para participar en el casting del programa pod\u00e9is contactar con la productora a trav\u00e9s de las v\u00edas que se indican en el cartel.<\/span><\/p>\n<p><a href=\"http:\/\/bisbalpenedes.com\/web\/wp-content\/uploads\/2019\/07\/cartell-PI-Temp-2_opt.jpg\"><img loading=\"lazy\" class=\"aligncenter size-full wp-image-9996\" src=\"http:\/\/bisbalpenedes.com\/web\/wp-content\/uploads\/2019\/07\/cartell-PI-Temp-2_opt.jpg\" alt=\"cartell persona infiltrada\" width=\"400\" height=\"566\" srcset=\"https:\/\/bisbalpenedes.com\/web\/wp-content\/uploads\/2019\/07\/cartell-PI-Temp-2_opt.jpg 400w, https:\/\/bisbalpenedes.com\/web\/wp-content\/uploads\/2019\/07\/cartell-PI-Temp-2_opt-212x300.jpg 212w\" sizes=\"(max-width: 400px) 100vw, 400px\" \/><\/a><\/p>\n","protected":false},"excerpt":{"rendered":"<p>El programa \u2018Persona Infiltrada\u2019 de TV3 busca fam\u00edlies divertides, amb m\u00e9s de 4 membres, i que estiguin disposades a passar-s\u2019ho b\u00e9. Des del programa s\u2019han posat en contacte amb nosaltres &hellip; <a href=\"https:\/\/bisbalpenedes.com\/web\/2019\/07\/08\/families-bisbalenques-us-agradaria-participar-en-el-programa-persona-infiltrada-de-tv3\/\" class=\"more-link\">Read More<\/a><\/p>\n","protected":false},"author":4,"featured_media":9996,"comment_status":"closed","ping_status":"closed","sticky":false,"template":"","format":"standard","meta":[],"categories":[2370],"tags":[3121,227,3120,3118,3119,1044],"_links":{"self":[{"href":"https:\/\/bisbalpenedes.com\/web\/wp-json\/wp\/v2\/posts\/9995"}],"collection":[{"href":"https:\/\/bisbalpenedes.com\/web\/wp-json\/wp\/v2\/posts"}],"about":[{"href":"https:\/\/bisbalpenedes.com\/web\/wp-json\/wp\/v2\/types\/post"}],"author":[{"embeddable":true,"href":"https:\/\/bisbalpenedes.com\/web\/wp-json\/wp\/v2\/users\/4"}],"replies":[{"embeddable":true,"href":"https:\/\/bisbalpenedes.com\/web\/wp-json\/wp\/v2\/comments?post=9995"}],"version-history":[{"count":1,"href":"https:\/\/bisbalpenedes.com\/web\/wp-json\/wp\/v2\/posts\/9995\/revisions"}],"predecessor-version":[{"id":9997,"href":"https:\/\/bisbalpenedes.com\/web\/wp-json\/wp\/v2\/posts\/9995\/revisions\/9997"}],"wp:featuredmedia":[{"embeddable":true,"href":"https:\/\/bisbalpenedes.com\/web\/wp-json\/wp\/v2\/media\/9996"}],"wp:attachment":[{"href":"https:\/\/bisbalpenedes.com\/web\/wp-json\/wp\/v2\/media?parent=9995"}],"wp:term":[{"taxonomy":"category","embeddable":true,"href":"https:\/\/bisbalpenedes.com\/web\/wp-json\/wp\/v2\/categories?post=9995"},{"taxonomy":"post_tag","embeddable":true,"href":"https:\/\/bisbalpenedes.com\/web\/wp-json\/wp\/v2\/tags?post=9995"}],"curies":[{"name":"wp","href":"https:\/\/api.w.org\/{rel}","templated":true}]}}