{"id":9991,"date":"2019-07-05T20:16:14","date_gmt":"2019-07-05T19:16:14","guid":{"rendered":"http:\/\/bisbalpenedes.com\/web\/?p=9991"},"modified":"2019-07-05T20:22:40","modified_gmt":"2019-07-05T19:22:40","slug":"aquest-dijous-4-de-juliol-ha-tingut-lloc-un-ple-extraordinari-a-lajuntament-de-la-bisbal-del-penedes","status":"publish","type":"post","link":"https:\/\/bisbalpenedes.com\/web\/2019\/07\/05\/aquest-dijous-4-de-juliol-ha-tingut-lloc-un-ple-extraordinari-a-lajuntament-de-la-bisbal-del-penedes\/","title":{"rendered":"Aquest dijous 4 de juliol ha tingut lloc un Ple extraordinari a l&#8217;Ajuntament de la Bisbal del Pened\u00e8s"},"content":{"rendered":"<p><u><\/u><span style=\"color: #000000;\">Aquest dijous 4 de juliol ha tingut lloc un Ple extraordinari a l\u2019Ajuntament de la Bisbal del Pened\u00e8s. S\u2019ha excusat l\u2019abs\u00e8ncia de la regidora S\u00edlvia Monfort (ERC-AM). Durant el Ple, s\u2019han tractat els seg\u00fcents punts:<\/span><\/p>\n<p><span style=\"color: #000000;\"><strong>1.-Nomenament dels representants de la Corporaci\u00f3 a l\u2019AMTU (Associaci\u00f3 de Municipis pel Transport Urb\u00e0).<\/strong><\/span><\/p>\n<p><span style=\"color: #000000;\">En el Ple ordinari del 17 de desembre de 2017 es va aprovar l\u2019adhesi\u00f3 de l\u2019Ajuntament a l\u2019AMTU, una associaci\u00f3 de municipis que treballa per la millora de la mobilitat i de les infraestructures de transport p\u00fablic d\u2019arreu de Catalunya. Aquesta entitat d\u00f3na suport t\u00e8cnic, jur\u00eddic i administratiu als seus associats en mat\u00e8ria de mobilitat, infraestructures i transport p\u00fablic. La quota d\u2019associat a l\u2019AMTU ascendeix a 472\u20ac per a l\u2019any 2019.<\/span><\/p>\n<p><span style=\"color: #000000;\">Al desembre, quan es va aprovar l\u2019adhesi\u00f3 a l\u2019entitat, es va nomenar com a representant de l\u2019Ajuntament a l\u2019assemblea de l\u2019Associaci\u00f3 l\u2019alcaldessa Agn\u00e8s Ferr\u00e9 i com a suplent a la primera tinent d\u2019alcaldia i regidora, Judith Vidal. Al Ple es proposa nomenar la mateixa representant i la mateixa suplent.<\/span><\/p>\n<p><span style=\"color: #000000;\"><strong>S\u2019aprova.<\/strong><\/span><\/p>\n<p><span style=\"color: #000000;\"><u>Vots a favor:<\/u> Comprom\u00eds amb la Bisbal (6) i Units per la Bisbal del Pened\u00e8s \u2013 FIC (1)<\/span><\/p>\n<p><span style=\"color: #000000;\"><u>Vots en contra:<\/u> 0<\/span><\/p>\n<p><span style=\"color: #000000;\"><u>Abstencions:<\/u> PSC (2) i Ara la Bisbal (1)<\/span><\/p>\n<p><span style=\"color: #000000;\"><strong>2.-Delegacions de Compet\u00e8ncies del Ple a la Junta de Govern Local<\/strong><\/span><\/p>\n<p><span style=\"color: #000000;\">Aquest punt forma part dels Plens constitutius dels Ajuntaments. Hi ha determinades compet\u00e8ncies del Ple que s\u00f3n delegables a la Junta de Govern Local. Es proposa tirar endavant aquesta delegaci\u00f3 de compet\u00e8ncies. Aquesta mateixa proposta es va aprovar tamb\u00e9 a l\u2019inici del mandat 2015-2019.<\/span><\/p>\n<p><span style=\"color: #000000;\"><strong>S\u2019aprova.<\/strong><\/span><\/p>\n<p><span style=\"color: #000000;\"><u>Vots a favor:<\/u> Comprom\u00eds amb la Bisbal (6)<\/span><\/p>\n<p><span style=\"color: #000000;\"><u>Vots en contra:<\/u> Ara la Bisbal (1)<\/span><\/p>\n<p><span style=\"color: #000000;\"><u>Abstencions:<\/u> PSC (2) i Units per la Bisbal del Pened\u00e8s \u2013 FIC (1)<\/span><\/p>\n<p>&nbsp;<\/p>\n<p><span style=\"color: #000000;\"><strong>3.-Festes Locals any 2020<\/strong><\/span><\/p>\n<p><span style=\"color: #000000;\">Es proposa que les festes locals per al 2020 siguin el 23 d\u2019abril (Sant Jordi) i el 14 d\u2019agost, amb motiu de la Festa Major.<\/span><\/p>\n<p><span style=\"color: #000000;\"><strong>S\u2019aprova.<\/strong><\/span><\/p>\n<p><span style=\"color: #000000;\"><u>Vots a favor:<\/u> Comprom\u00eds amb la Bisbal (6), PSC (2), Units per la Bisbal del Pened\u00e8s \u2013 FIC (1) i Ara la Bisbal (1).<\/span><\/p>\n<p><span style=\"color: #000000;\"><u>Vots en contra:<\/u> 0<\/span><\/p>\n<p><span style=\"color: #000000;\"><u>Abstencions:<\/u> 0<\/span><\/p>\n<p><span style=\"color: #000000;\"><strong>4.-Aprovaci\u00f3 dels models de declaraci\u00f3 de b\u00e9ns i activitats<\/strong><\/span><\/p>\n<p><span style=\"color: #000000;\">Els c\u00e0rrecs electes, abans de prendre possessi\u00f3, al final del mandat o si hi ha ren\u00fancia al c\u00e0rrec, han d\u2019omplir uns models de declaraci\u00f3 de b\u00e9ns i activitats. Es proposa aprovar uns models m\u00e9s simples i f\u00e0cils d\u2019emplenar que els que hi havia en el mandat anterior.<\/span><\/p>\n<p><span style=\"color: #000000;\"><strong>S\u2019aprova.<\/strong><\/span><\/p>\n<p><span style=\"color: #000000;\"><u>Vots a favor:<\/u> Comprom\u00eds amb la Bisbal (6), PSC (2), Units per la Bisbal del Pened\u00e8s \u2013 FIC (1) i Ara la Bisbal (1).<\/span><\/p>\n<p><span style=\"color: #000000;\"><u>Vots en contra:<\/u> 0<\/span><\/p>\n<p><span style=\"color: #000000;\"><u>Abstencions:<\/u> 0<\/span><\/p>\n<p><span style=\"color: #000000;\"><strong>5.-Pla econ\u00f2mic i financer 2019<\/strong><\/span><\/p>\n<p><span style=\"color: #000000;\">En el Ple extraordinari del 18 de mar\u00e7 de 2019 es va donar compte de l\u2019informe d\u2019intervenci\u00f3 relatiu al compliment dels objectius d\u2019estabilitat pressupost\u00e0ria del tancament de l\u2019any 2018.<\/span><\/p>\n<p><span style=\"color: #000000;\">El tancament i liquidaci\u00f3 de l\u2019execuci\u00f3 del pressupost del 2018:<\/span><\/p>\n<p><span style=\"color: #000000;\">-Compleix l\u2019objectiu d\u2019estabilitat pressupost\u00e0ria<\/span><\/p>\n<p><span style=\"color: #000000;\">-Compleix el l\u00edmit de deute<\/span><\/p>\n<p><span style=\"color: #000000;\">-No compleix amb la regla de la despesa\u00a0a causa de l\u2019endarreriment de les obres realitzades per Fecsa-Endesa per incrementar la pot\u00e8ncia el\u00e8ctrica al pol\u00edgon. Aix\u00f2 ha fet que la despesa corresponent a les quotes que han d\u2019abonar els propietaris no es pugui restar de la regla de la despesa.<\/span><\/p>\n<p><span style=\"color: #000000;\">Com que l\u2019article 21 de la Llei Org\u00e0nica d\u2019Estabilitat Pressupost\u00e0ria i Sostenibilitat Financera determina que, en cas d\u2019incompliment d\u2019alguns par\u00e0metres (en el cas de l\u2019Ajuntament de la Bisbal del Pened\u00e8s, el de la regla de la despesa) s\u2019ha d\u2019elaborar un pla econ\u00f2mic-financer que permeti, en aquest any o l\u2019any vinent, complir tots els objectius, es portava a aprovaci\u00f3, al Ple, el pla econ\u00f2mic-financer, que recollia que, sense aplicar cap mesura correctora, ja es complirien els requisits d\u2019estabilitat pressupost\u00e0ria per als anys 2019 i 2020.<\/span><\/p>\n<p><span style=\"color: #000000;\">Al Ple del 18 d\u2019abril de 2019 es va\u00a0elevar la proposta d\u2019aprovaci\u00f3 del pla econ\u00f2mic i financer per\u00f2 no es va aprovar. Ara s\u2019ha tornat a portar al Ple la proposta.<\/span><\/p>\n<p><span style=\"color: #000000;\"><strong>S\u2019aprova.<\/strong><\/span><\/p>\n<p><span style=\"color: #000000;\"><u>Vots a favor:<\/u> Comprom\u00eds amb la Bisbal (6)<\/span><\/p>\n<p><span style=\"color: #000000;\"><u>Vots en contra:<\/u> 0<\/span><\/p>\n<p><span style=\"color: #000000;\"><u>Abstencions:<\/u>\u00a0 PSC (2), Units per la Bisbal del Pened\u00e8s \u2013 FIC (1) i Ara la Bisbal (1).<\/span><\/p>\n<p><span style=\"color: #000000;\"><strong>\u00a0<\/strong><\/span><\/p>\n<p><span style=\"color: #000000;\"><strong>6.-Aprovaci\u00f3 del super\u00e0vit 2018<\/strong><\/span><\/p>\n<p><span style=\"color: #000000;\">En el Ple del 18 d\u2019abril de 2019 no va prosperar l\u2019aprovaci\u00f3 del super\u00e0vit de 2018. El super\u00e0vit \u00e9s la quantitat econ\u00f2mica positiva resultant de la difer\u00e8ncia entre els ingressos i les despeses, \u00e9s a dir, l\u2019exc\u00e9s de l\u2019haver sobre el deure. El super\u00e0vit de 2018 ascendeix a 222.904\u20ac.<\/span><\/p>\n<p><span style=\"color: #000000;\">Ara s\u2019ha tornat a elevar al Ple aquesta proposta i, en un Ple posterior, es proposar\u00e0 la seva distribuci\u00f3.<\/span><\/p>\n<p><span style=\"color: #000000;\"><strong>S\u2019aprova.<\/strong><\/span><\/p>\n<p><span style=\"color: #000000;\"><u>Vots a favor:<\/u> Comprom\u00eds amb la Bisbal (6), PSC (2), Units per la Bisbal del Pened\u00e8s \u2013 FIC (1) i Ara la Bisbal (1).<\/span><\/p>\n<p><span style=\"color: #000000;\"><u>Vots en contra:<\/u> 0<\/span><\/p>\n<p><span style=\"color: #000000;\"><u>Abstencions:<\/u>\u00a0 0<\/span><\/p>\n<p>&nbsp;<\/p>\n<p><span style=\"color: #000000;\"><strong>7.-Nomenament membres Junta de Govern Local<\/strong><\/span><\/p>\n<p><span style=\"color: #000000;\">Es d\u00f3na compte del Decret n\u00famero 464, de 21 de juny, en el qual es nomena com a membres de la Junta de Govern local a:<\/span><\/p>\n<p><span style=\"color: #000000;\">-Judith Vidal Vilella, Leo Uceda Mart\u00edn i F\u00e9lix Villaz\u00e1n Ruiz.<\/span><\/p>\n<p><span style=\"color: #000000;\">En aquest Decret tamb\u00e9 s\u2019estableix que les sessions ordin\u00e0ries seran el primer i tercer dilluns de cada mes a les 19:00h.<\/span><\/p>\n<p>&nbsp;<\/p>\n<p><span style=\"color: #000000;\"><strong>8.-Donar compte dels Decrets d&#8217;Alcaldia n\u00fam. 460 i 470 <\/strong><\/span><\/p>\n<p><span style=\"color: #000000;\">Es d\u00f3na compte dels decrets 460 i 470, signats els dies 20 de juny i 1 de juliol, respectivament, de delegaci\u00f3 especial de compet\u00e8ncies de les diferents regidories i amb els seg\u00fcents nomenaments:<\/span><\/p>\n<p>&nbsp;<\/p>\n<p style=\"padding-left: 30px;\"><span style=\"color: #000000;\">Agn\u00e8s Ferr\u00e9 Ca\u00f1ellas: Regidora de serveis centrals, Regidora d\u2019hisenda, Regidora d\u2019urbanisme i Regidora d\u2019empresa i ocupaci\u00f3.\u00a0<\/span><\/p>\n<p style=\"padding-left: 30px;\"><span style=\"color: #000000;\">Judith Vidal Vilella: Regidora de cultura i lleure, Regidora de turisme, Regidora de comer\u00e7 i Regidora d\u2019agricultura.<\/span><\/p>\n<p style=\"padding-left: 30px;\"><span style=\"color: #000000;\">Leo Uceda Mart\u00edn: Regidora d\u2019ensenyament, Regidora d\u2019enllumenat i del servei d\u2019abastament d\u2019aigua potable i clavegueram, Regidora de mobilitat i via p\u00fablica, Regidora de medi ambient , Regidora de protecci\u00f3 animal i Regidora d\u2019esports.<\/span><\/p>\n<p style=\"padding-left: 30px;\"><span style=\"color: #000000;\">Feliu Gil Esteve: Regidor de sanitat, Regidor de festes i Regidor de barris.<\/span><\/p>\n<p style=\"padding-left: 30px;\"><span style=\"color: #000000;\">F\u00e9lix Villaz\u00e1n Ru\u00edz: Regidor de seguretat ciutadana, Regidor de gesti\u00f3 de residus i Regidor de joventut.<\/span><\/p>\n<p style=\"padding-left: 30px;\"><span style=\"color: #000000;\">Paqui Cepas Garc\u00eda: Regidora de benestar social i habitatge, Regidora de gent gran i Regidora d\u2019atenci\u00f3 a la ciutadania.<\/span><\/p>\n<p><span style=\"color: #000000;\"><strong>9.-Donar compte del Decret d&#8217;Alcaldia n\u00fam. 469 <\/strong><\/span><\/p>\n<p><span style=\"color: #000000;\">Es d\u00f3na compte del Decret d\u2019alcaldia signat el 28 de juny de Delegaci\u00f3 de compet\u00e8ncies d\u2019Alcaldia a la Junta de Govern Local.<\/span><\/p>\n<p><span style=\"color: #000000;\"><strong>\u00a0<\/strong><\/span><\/p>\n<p><span style=\"color: #000000;\"><strong>10.-Grups Pol\u00edtics municipals<\/strong><\/span><\/p>\n<p><span style=\"color: #000000;\">Es posa en coneixement del Ple la creaci\u00f3 dels grups pol\u00edtics municipals que aix\u00ed ho han sol\u00b7licitat en temps i forma, per aquesta legislatura 2019\/2023.<\/span><\/p>\n<p><span style=\"color: #000000;\">S\u2019han constitu\u00eft els seg\u00fcents grups municipals:<\/span><\/p>\n<p><span style=\"color: #000000;\"><u>Comprom\u00eds amb la Bisbal del Pened\u00e8s<\/u>, grup format pels 6 regidors de Comprom\u00eds amb la Bisbal.<\/span><\/p>\n<p><span style=\"color: #000000;\">Portaveu: Judith Vidal<\/span><\/p>\n<p><span style=\"color: #000000;\">Suplent: Leo Uceda<\/span><\/p>\n<p><span style=\"color: #000000;\"><u>PSC,<\/u> grup format pels 2 regidors del PSC.<\/span><\/p>\n<p><span style=\"color: #000000;\">Portaveu: Dani Caballero<\/span><\/p>\n<p><span style=\"color: #000000;\">Suplent: Jos\u00e9 Ma Cuadros<\/span><\/p>\n<p><span style=\"color: #000000;\"><u>Units per la Bisbal del Pened\u00e8s \u2013 FIC<\/u>, grup format per regidor d\u2019Units per la Bisbal del Pened\u00e8s &#8211; FIC.<\/span><\/p>\n<p><span style=\"color: #000000;\">Portaveu: Xavier Faura<\/span><\/p>\n<p><span style=\"color: #000000;\"><u>Ara la Bisbal<\/u>, grup format per la regidora d\u2019Ara la Bisbal.<\/span><\/p>\n<p><span style=\"color: #000000;\">Portaveu: Maguy Antol\u00edn<\/span><\/p>\n<p><span style=\"color: #000000;\"><u>ERC AM<\/u>, grup format per la regidora d\u2019ERC-AM.<\/span><\/p>\n<p><span style=\"color: #000000;\">Portaveu: S\u00edlvia Monfort<\/span><\/p>\n<p>&nbsp;<\/p>\n<p><span style=\"color: #000000;\"><strong>11.-Donar compte Decrets d&#8217;Alcaldia<\/strong><\/span><\/p>\n<p><span style=\"color: #000000;\">Es d\u00f3na compte dels Decrets d\u2019alcaldia signats entre el 24 d\u2019abril i el 28 de juny.<\/span><\/p>\n<p>&nbsp;<\/p>\n<hr \/>\n<p><span style=\"color: #000000;\"><strong>CASTELLANO |<\/strong> Este jueves 4 de julio ha tenido lugar un Pleno extraordinario en el Ayuntamiento de la Bisbal del Pened\u00e8s. Se ha excusado la ausencia de la regidora S\u00edlvia Monfort (ERC-AM). Durante el Pleno, se han tratado los siguientes puntos:<\/span><\/p>\n<p><span style=\"color: #000000;\"><strong>1.-Nombramiento de los representantes de la Corporaci\u00f3n a la AMTU (Associaci\u00f3 de Municipis pel Transport Urb\u00e0).<\/strong><\/span><\/p>\n<p><span style=\"color: #000000;\">En el Pleno ordinario del 17 de diciembre del 2017 se aprob\u00f3 la adhesi\u00f3n del Ayuntamiento a la AMTU, una asociaci\u00f3n de municipios que trabaja para la mejora de la movilidad y de las infraestructuras de transporte p\u00fablico en Catalunya. Esta entidad da soporte t\u00e9cnico, jur\u00eddico y administrativo a sus asociados en materia de movilidad, infraestructuras y transporte p\u00fablico. La cuota de asociado de AMTU asciende a 472\u20ac para el a\u00f1o 2019.<\/span><\/p>\n<p><span style=\"color: #000000;\">En diciembre, cuando se aprob\u00f3 la adhesi\u00f3n a la entidad, se nombr\u00f3 como representante del Ayuntamiento en la asamblea de la Asociaci\u00f3n a la alcaldesa Agn\u00e8s Ferr\u00e9 y como suplente a la primera teniente de alcald\u00eda y regidora, Judith Vidal. En el Pleno se propone nombrar la misma representante y la misma suplente.<\/span><\/p>\n<p><span style=\"color: #000000;\"><strong>Se aprueba.<\/strong><\/span><\/p>\n<p><span style=\"color: #000000;\"><span style=\"text-decoration: underline;\">Votos a favor:<\/span> Comprom\u00eds amb la Bisbal (6) i Units per la Bisbal del Pened\u00e8s &#8211; FIC (1)<\/span><\/p>\n<p><span style=\"color: #000000;\"><span style=\"text-decoration: underline;\">Votos en contra:<\/span> 0<\/span><\/p>\n<p><span style=\"color: #000000;\"><span style=\"text-decoration: underline;\">Abstenciones:<\/span> PSC (2) y Ara la Bisbal (1)<\/span><\/p>\n<p>&nbsp;<\/p>\n<p>&nbsp;<\/p>\n<p><span style=\"color: #000000;\"><strong>2.-Delegaci\u00f3n de Competencias del Pleno en la Junta de Gobierno Local<\/strong><\/span><\/p>\n<p><span style=\"color: #000000;\">Este punto forma parte de los Plenos constitutivos de los Ayuntamientos. Hay determinadas competencias del Pleno que son delegables a la Junta de Gobierno Local. Se propone sacar adelante esta delegaci\u00f3n de competencias. Esta misma propuesta se aprob\u00f3 tambi\u00e9n al inicio del mandato 2015-2019.<\/span><\/p>\n<p><span style=\"color: #000000;\"><strong>Se aprueba.<\/strong><\/span><\/p>\n<p><span style=\"color: #000000;\"><span style=\"text-decoration: underline;\">Votos a favor:<\/span> Comprom\u00eds amb la Bisbal (6)<\/span><\/p>\n<p><span style=\"color: #000000;\"><span style=\"text-decoration: underline;\">Votos en contra:<\/span> Ara la Bisbal (1)<\/span><\/p>\n<p><span style=\"color: #000000;\"><span style=\"text-decoration: underline;\">Abstenciones:<\/span> PSC (2) y Units per la Bisbal del Pened\u00e8s &#8211; FIC (1)<\/span><\/p>\n<p>&nbsp;<\/p>\n<p><span style=\"color: #000000;\"><strong>3.-Fiestas Locales a\u00f1o 2020<\/strong><\/span><\/p>\n<p><span style=\"color: #000000;\">Se propone que las fiestas locales para el 2020 sean el 23 de abril (Sant Jordi) y el 14 de agosto, con motivo de la Fiesta Mayor.<\/span><\/p>\n<p><span style=\"color: #000000;\"><strong>Se aprueba.<\/strong><\/span><\/p>\n<p><span style=\"color: #000000;\"><span style=\"text-decoration: underline;\">Votos a favor:<\/span> Comprom\u00eds amb la Bisbal (6), PSC (2), Units per la Bisbal del Pened\u00e8s &#8211; FIC (1) y Ara la Bisbal (1).<\/span><\/p>\n<p><span style=\"color: #000000;\"><span style=\"text-decoration: underline;\">Votos en contra:<\/span> 0<\/span><\/p>\n<p><span style=\"color: #000000;\"><span style=\"text-decoration: underline;\">Abstenciones:<\/span> 0<\/span><\/p>\n<p>&nbsp;<\/p>\n<p>&nbsp;<\/p>\n<p>&nbsp;<\/p>\n<p>&nbsp;<\/p>\n<p><span style=\"color: #000000;\"><strong>4.-Aprobaci\u00f3n de los modelos de declaraci\u00f3n de bienes y actividades<\/strong><\/span><\/p>\n<p><span style=\"color: #000000;\">Los cargos electos, antes de tomar posesi\u00f3n, al final del mandato o si hay renuncia al cargo, deben rellenar unos modelos de declaraci\u00f3n de bienes y actividades. Se propone aprobar unos modelos m\u00e1s simples y f\u00e1ciles de rellenar que los que hab\u00eda en el mandato anterior.<\/span><\/p>\n<p><span style=\"color: #000000;\"><strong>Se aprueba.<\/strong><\/span><\/p>\n<p><span style=\"color: #000000;\"><span style=\"text-decoration: underline;\">Votos a favor:<\/span> Comprom\u00eds amb la Bisbal (6), PSC (2), Units per la Bisbal del Pened\u00e8s &#8211; FIC (1) y Ara la Bisbal (1).<\/span><\/p>\n<p><span style=\"color: #000000;\"><span style=\"text-decoration: underline;\">Votos en contra:<\/span> 0<\/span><\/p>\n<p><span style=\"color: #000000;\"><span style=\"text-decoration: underline;\">Abstenciones:<\/span> 0<\/span><\/p>\n<p>&nbsp;<\/p>\n<p>&nbsp;<\/p>\n<p><span style=\"color: #000000;\"><strong>5.-Plan econ\u00f3mico y financiero 2019<\/strong><\/span><\/p>\n<p><span style=\"color: #000000;\">En el Pleno extraordinario del 18 de marzo del 2019 se dio cuenta del informe de intervenci\u00f3n relativo al cumplimiento de los objetivos de estabilidad presupuestaria del cierre del a\u00f1o 2018.<\/span><\/p>\n<p><span style=\"color: #000000;\">El cierre y liquidaci\u00f3n de la ejecuci\u00f3n del presupuesto del 2018:<\/span><\/p>\n<p><span style=\"color: #000000;\">-Cumple el objetivo de estabilidad presupuestaria.<\/span><\/p>\n<p><span style=\"color: #000000;\">-Cumple el l\u00edmite de deuda.<\/span><\/p>\n<p><span style=\"color: #000000;\">-No cumple con la regla del gasto a causa del retraso en las obras realizadas por Fecsa-Endesa para incrementar la potencia el\u00e9ctrica en el pol\u00edgono. Esto ha hecho que el gasto correspondiente a las cuotas que deben abonar los propietarios no se pueda restar de la regla del gasto.<\/span><\/p>\n<p><span style=\"color: #000000;\">En tanto que el art\u00edculo 21 de la Ley Org\u00e1nica de Estabilidad Presupuestaria y Sostenibilidad Financiera determina que, en caso de incumplimiento de algunos par\u00e1metros (en el caso del Ayuntamiento de la Bisbal del Pened\u00e8s, el de la regla del gasto) se debe elaborar un plan econ\u00f3mico financiero que permita, en este a\u00f1o o el que viene, cumplir todos los objetivos, se llevaba a aprobaci\u00f3n al Pleno, el plan econ\u00f3mico-financiero, que recog\u00eda que, sin aplicar ninguna medida correctora, ya se cumplir\u00edan los requisitos de estabilidad presupuestaria para los a\u00f1os 2019 y 2020.<\/span><\/p>\n<p><span style=\"color: #000000;\">En el Pleno del 18 de abril del 2019 se elev\u00f3 la propuesta de aprobaci\u00f3n del plan econ\u00f3mico y financiero pero no se aprob\u00f3. Ahora se ha vuelto a llevar al Pleno la propuesta.<\/span><\/p>\n<p><span style=\"color: #000000;\"><strong>Se aprueba.<\/strong><\/span><\/p>\n<p><span style=\"color: #000000;\"><span style=\"text-decoration: underline;\">Votos a favor:<\/span> Comprom\u00eds amb la Bisbal (6)<\/span><\/p>\n<p><span style=\"color: #000000;\"><span style=\"text-decoration: underline;\">Votos en contra:<\/span> 0<\/span><\/p>\n<p><span style=\"color: #000000;\"><span style=\"text-decoration: underline;\">Abstenciones:<\/span> PSC (2), Units per la Bisbal del Pened\u00e8s &#8211; FIC (1) y Ara la Bisbal (1).<\/span><\/p>\n<p>&nbsp;<\/p>\n<p><span style=\"color: #000000;\"><strong>6.-Aprobaci\u00f3n del super\u00e1vit 2018<\/strong><\/span><\/p>\n<p><span style=\"color: #000000;\">En el Pleno del 18 de abril del 2019 no prosper\u00f3 la aprobaci\u00f3n del super\u00e1vit del 2018. El super\u00e1vit es la cantidad econ\u00f3mica positiva resultante de la diferencia entre los ingresos y los gastos, es decir, el exceso del haber sobre el deber. El super\u00e1vit del 2018 asciende a 222.904\u20ac.<\/span><\/p>\n<p><span style=\"color: #000000;\">Ahora se ha vuelto a elevar al Pleno esta propuesta y, en un Pleno posterior, se propondr\u00e1 su distribuci\u00f3n.<\/span><\/p>\n<p><span style=\"color: #000000;\"><strong>Se aprueba.<\/strong><\/span><\/p>\n<p><span style=\"color: #000000;\"><span style=\"text-decoration: underline;\">Votos a favor:<\/span> Comprom\u00eds amb la Bisbal (6), PSC (2), Units per la Bisbal del Pened\u00e8s &#8211; FIC (1) y Ara la Bisbal (1).<\/span><\/p>\n<p><span style=\"color: #000000;\"><span style=\"text-decoration: underline;\">Votos en contra:<\/span> 0<\/span><\/p>\n<p><span style=\"color: #000000;\"><span style=\"text-decoration: underline;\">Abstenciones:<\/span> 0<\/span><\/p>\n<p>&nbsp;<\/p>\n<p><span style=\"color: #000000;\"><strong>\u00a0<\/strong><\/span><\/p>\n<p>&nbsp;<\/p>\n<p><span style=\"color: #000000;\"><strong>7.-Nombramiento de los miembros de la Junta de Gobierno Local.<\/strong><\/span><\/p>\n<p><span style=\"color: #000000;\">Se da cuenta del Decreto n\u00famero 464, de 21 de junio, en el que se nombra como miembros de la Junta de Gobierno local a:<\/span><\/p>\n<p><span style=\"color: #000000;\">-Judith Vidal Vilella, Leo Uceda\u00a0 Mart\u00edn y F\u00e9lix Villaz\u00e1n Ruiz.<\/span><\/p>\n<p><span style=\"color: #000000;\">En este Decreto tambi\u00e9n se establece que las sesiones ordinarias ser\u00e1n el primer y tercer lunes de cada mes a las 19:00h.<\/span><\/p>\n<p>&nbsp;<\/p>\n<p><span style=\"color: #000000;\"><strong>8.-Dar cuenta de los Decretos de Alcald\u00eda n\u00fam. 460 y 470.<\/strong><\/span><\/p>\n<p><span style=\"color: #000000;\">Se da cuenta de los decretos 460 y 470, firmados los d\u00edas 20 de junio y 1 de julio, respectivamente, de delegaci\u00f3n especial de competencias de las diferentes concejal\u00edas y con los siguientes nombramientos:<\/span><\/p>\n<p>&nbsp;<\/p>\n<p style=\"padding-left: 30px;\"><span style=\"color: #000000;\">Agn\u00e8s Ferr\u00e9 Ca\u00f1ellas: Regidora de servicios centrales, Regidora de hacienda, Regidora de Urbanismo y Regidora de Empresa y Ocupaci\u00f3n.<\/span><\/p>\n<p style=\"padding-left: 30px;\"><span style=\"color: #000000;\">Judith Vidal Vilella: Regidora de Cultura y Ocio, Regidora de Turismo, Regidora de Comercio y Regidora de Agricultura.<\/span><\/p>\n<p style=\"padding-left: 30px;\"><span style=\"color: #000000;\">Leo Uceda Mart\u00edn: Regidora de Educaci\u00f3n, Regidora de Alumbrado y del Servicio de Abastecimiento de Agua Potable y Alcantarillado, Regidora de Mobilidad y V\u00eda P\u00fablica, Regidora de Medio Ambiente, Regidora de Protecci\u00f3n Animal y Regidora de Deportes.<\/span><\/p>\n<p style=\"padding-left: 30px;\"><span style=\"color: #000000;\">Feliu Gil Esteve: Regidor de Sanidad, Regidor de Fiestas y Regidor de Barrios.<\/span><\/p>\n<p style=\"padding-left: 30px;\"><span style=\"color: #000000;\">F\u00e9lix Villaz\u00e1n Ruiz: Regidor de Seguridad Ciudadana, Regidor de Gesti\u00f3n de Residuos y Regidor de Juventud.<\/span><\/p>\n<p style=\"padding-left: 30px;\"><span style=\"color: #000000;\">Paqui Cepas Garc\u00eda: Regidora de Bienestar Social y Vivienda, Regidora de la Gente Mayor y Regidora de Atenci\u00f3n a la Ciudadan\u00eda.<\/span><\/p>\n<p><span style=\"color: #000000;\"><strong>9.-Dar cuenta del Decreto de Alcald\u00eda n\u00fam. 469<\/strong><\/span><\/p>\n<p><span style=\"color: #000000;\">Se da cuenta del Decreto de alcald\u00eda firmado el 28 de junio de Delegaci\u00f3n de competencias de Alcald\u00eda a la Junta de Gobierno Local.<\/span><\/p>\n<p><span style=\"color: #000000;\"><strong>\u00a0<\/strong><\/span><\/p>\n<p><span style=\"color: #000000;\"><strong>10.-Grupos Pol\u00edticos municipales<\/strong><\/span><\/p>\n<p><span style=\"color: #000000;\">Se pone en conocimiento del Pleno la creaci\u00f3n de los grupos pol\u00edticos municipales que as\u00ed lo han solicitado en tiempo y forma, para esta legislatura 2019\/2023.<\/span><\/p>\n<p><span style=\"color: #000000;\">Se han constituido los siguientes grupos municipales:<\/span><\/p>\n<p>&nbsp;<\/p>\n<p><span style=\"color: #000000;\"><u>Comprom\u00eds amb la Bisbal del Pened\u00e8s<\/u>, grupo formado por los 6 concejales de Comprom\u00eds amb la Bisbal.<\/span><\/p>\n<p><span style=\"color: #000000;\">Portavoz: Judith Vidal<\/span><\/p>\n<p><span style=\"color: #000000;\">Suplente: Leo Uceda<\/span><\/p>\n<p><span style=\"color: #000000;\"><u>PSC,<\/u>\u00a0grupo formado por los 2 concejales del PSC.<\/span><\/p>\n<p><span style=\"color: #000000;\">Portavoz: Dani Caballero<\/span><\/p>\n<p><span style=\"color: #000000;\">Suplente: Jos\u00e9 Ma Cuadros<\/span><\/p>\n<p><span style=\"color: #000000;\"><u>Units per la Bisbal del Pened\u00e8s \u2013 FIC<\/u>, grupo pormado por el concejal de Units per la Bisbal del Pened\u00e8s &#8211; FIC.<\/span><\/p>\n<p><span style=\"color: #000000;\">Portavoz: Xavier Faura<\/span><\/p>\n<p><span style=\"color: #000000;\"><u>Ara la Bisbal<\/u>, grupo formado por la regidora de Ara la Bisbal.\u00a0<\/span><\/p>\n<p><span style=\"color: #000000;\">Portavoz: Maguy Antol\u00edn<\/span><\/p>\n<p><span style=\"color: #000000;\"><u>ERC AM<\/u>, grupo formado por la regidora d\u2019ERC.<\/span><\/p>\n<p><span style=\"color: #000000;\">Portavoz: S\u00edlvia Monfort<\/span><\/p>\n<p>&nbsp;<\/p>\n<p><span style=\"color: #000000;\"><strong>11.-Dar cuenta de los Decretos de Alcald\u00eda.<\/strong><\/span><\/p>\n<p><span style=\"color: #000000;\">Se da cuenta de los Decretos de alcald\u00eda firmados entre el 24 de abril y el 28 de junio.<\/span><\/p>\n<p>&nbsp;<\/p>\n","protected":false},"excerpt":{"rendered":"<p>Aquest dijous 4 de juliol ha tingut lloc un Ple extraordinari a l\u2019Ajuntament de la Bisbal del Pened\u00e8s. S\u2019ha excusat l\u2019abs\u00e8ncia de la regidora S\u00edlvia Monfort (ERC-AM). Durant el Ple, &hellip; <a href=\"https:\/\/bisbalpenedes.com\/web\/2019\/07\/05\/aquest-dijous-4-de-juliol-ha-tingut-lloc-un-ple-extraordinari-a-lajuntament-de-la-bisbal-del-penedes\/\" class=\"more-link\">Read More<\/a><\/p>\n","protected":false},"author":4,"featured_media":9992,"comment_status":"closed","ping_status":"closed","sticky":false,"template":"","format":"standard","meta":[],"categories":[2250],"tags":[2530,3117,139,423,515,1768],"_links":{"self":[{"href":"https:\/\/bisbalpenedes.com\/web\/wp-json\/wp\/v2\/posts\/9991"}],"collection":[{"href":"https:\/\/bisbalpenedes.com\/web\/wp-json\/wp\/v2\/posts"}],"about":[{"href":"https:\/\/bisbalpenedes.com\/web\/wp-json\/wp\/v2\/types\/post"}],"author":[{"embeddable":true,"href":"https:\/\/bisbalpenedes.com\/web\/wp-json\/wp\/v2\/users\/4"}],"replies":[{"embeddable":true,"href":"https:\/\/bisbalpenedes.com\/web\/wp-json\/wp\/v2\/comments?post=9991"}],"version-history":[{"count":2,"href":"https:\/\/bisbalpenedes.com\/web\/wp-json\/wp\/v2\/posts\/9991\/revisions"}],"predecessor-version":[{"id":9994,"href":"https:\/\/bisbalpenedes.com\/web\/wp-json\/wp\/v2\/posts\/9991\/revisions\/9994"}],"wp:featuredmedia":[{"embeddable":true,"href":"https:\/\/bisbalpenedes.com\/web\/wp-json\/wp\/v2\/media\/9992"}],"wp:attachment":[{"href":"https:\/\/bisbalpenedes.com\/web\/wp-json\/wp\/v2\/media?parent=9991"}],"wp:term":[{"taxonomy":"category","embeddable":true,"href":"https:\/\/bisbalpenedes.com\/web\/wp-json\/wp\/v2\/categories?post=9991"},{"taxonomy":"post_tag","embeddable":true,"href":"https:\/\/bisbalpenedes.com\/web\/wp-json\/wp\/v2\/tags?post=9991"}],"curies":[{"name":"wp","href":"https:\/\/api.w.org\/{rel}","templated":true}]}}