{"id":9987,"date":"2019-07-04T15:27:18","date_gmt":"2019-07-04T14:27:18","guid":{"rendered":"http:\/\/bisbalpenedes.com\/web\/?p=9987"},"modified":"2019-07-04T15:33:39","modified_gmt":"2019-07-04T14:33:39","slug":"lenllumenat-public-del-barri-de-baix-presenta-una-avaria-que-afecta-diversos-carrers","status":"publish","type":"post","link":"https:\/\/bisbalpenedes.com\/web\/2019\/07\/04\/lenllumenat-public-del-barri-de-baix-presenta-una-avaria-que-afecta-diversos-carrers\/","title":{"rendered":"L&#8217;enllumenat p\u00fablic del barri de Baix presenta una avaria que afecta diversos carrers"},"content":{"rendered":"<div class=\"\" data-block=\"true\" data-editor=\"4kkk4\" data-offset-key=\"c88kj-0-0\">\n<div class=\"_1mf _1mj\" data-offset-key=\"c88kj-0-0\"><span style=\"color: #000000;\">L\u2019enllumenat p\u00fablic del barri de Baix presenta una avaria que, durant els \u00faltims dies, ha provocat la manca d\u2019il\u00b7luminaci\u00f3 nocturna en alguns dels seus carrers. Des del primer moment en qu\u00e8 es va detectar l\u2019avaria, l\u2019Ajuntament de la Bisbal del Pened\u00e8s est\u00e0 treballant per resoldre-la per\u00f2, com que el sector afectat \u00e9s for\u00e7a gran, ens estem trobant moltes dificultats a l\u2019hora de localitzar l\u2019origen de la problem\u00e0tica que genera la incid\u00e8ncia. La brigada municipal continua treballant en la resoluci\u00f3 d\u2019aquesta avaria i \u00e9s per aix\u00f2 que us fem saber que es podrien seguir donant problemes en la il\u00b7luminaci\u00f3 nocturna de determinats carrers fins que el problema es pugui arranjar de forma definitiva. Des de l\u2019Ajuntament us preguem que disculpeu les mol\u00e8sties ocasionades per aquesta incid\u00e8ncia. Esperem poder localitzar el punt on es genera el problema i resoldre\u2018l en el m\u00ednim temps possible. Gr\u00e0cies per la vostra comprensi\u00f3.<\/span><\/div>\n<\/div>\n<div class=\"\" data-block=\"true\" data-editor=\"4kkk4\" data-offset-key=\"a2q7v-0-0\"><\/div>\n<div class=\"\" data-block=\"true\" data-editor=\"4kkk4\" data-offset-key=\"dscng-0-0\">\n<div class=\"_1mf _1mj\" data-offset-key=\"dscng-0-0\">\n<hr \/>\n<\/div>\n<\/div>\n<div class=\"\" data-block=\"true\" data-editor=\"4kkk4\" data-offset-key=\"5nktk-0-0\">\n<div class=\"_1mf _1mj\" data-offset-key=\"5nktk-0-0\"><\/div>\n<div class=\"_1mf _1mj\" data-offset-key=\"5nktk-0-0\"><span style=\"color: #000000;\">El alumbrado p\u00fablico del barri de Baix presenta una aver\u00eda que, durante los \u00faltimos d\u00edas, ha provocado la falta de iluminaci\u00f3n nocturna en algunas de sus calles. Desde el primer momento en el que se detect\u00f3 la aver\u00eda, el Ayuntamiento de la Bisbal del Pened\u00e8s est\u00e1 trabajando para resolverla pero, como el sector afectado es muy grande, nos estamos encontrando muchas dificultades a la hora de localizar el origen de la problem\u00e1tica que genera la incidencia. La brigada municipal contin\u00faa trabajando en la resoluci\u00f3n de esta aver\u00eda y es por este motivo que os hacemos saber que se podr\u00edan seguir dando problemas en la iluminaci\u00f3n nocturna de determinadas calles hasta que el problema se pueda solucionar de forma definitiva. Desde el Ayuntamiento os rogamos que disculp\u00e9is las molestias ocasionadas por esta incidencia. Esperamos poder localizar el punto donde se genera el problema y resolverlo en el m\u00ednimo tiempo posible. Gracias por vuestra comprensi\u00f3n.<\/span><\/div>\n<\/div>\n","protected":false},"excerpt":{"rendered":"<p>L\u2019enllumenat p\u00fablic del barri de Baix presenta una avaria que, durant els \u00faltims dies, ha provocat la manca d\u2019il\u00b7luminaci\u00f3 nocturna en alguns dels seus carrers. Des del primer moment en &hellip; <a href=\"https:\/\/bisbalpenedes.com\/web\/2019\/07\/04\/lenllumenat-public-del-barri-de-baix-presenta-una-avaria-que-afecta-diversos-carrers\/\" class=\"more-link\">Read More<\/a><\/p>\n","protected":false},"author":4,"featured_media":9035,"comment_status":"closed","ping_status":"closed","sticky":false,"template":"","format":"standard","meta":[],"categories":[1628],"tags":[1097,1915,1106],"_links":{"self":[{"href":"https:\/\/bisbalpenedes.com\/web\/wp-json\/wp\/v2\/posts\/9987"}],"collection":[{"href":"https:\/\/bisbalpenedes.com\/web\/wp-json\/wp\/v2\/posts"}],"about":[{"href":"https:\/\/bisbalpenedes.com\/web\/wp-json\/wp\/v2\/types\/post"}],"author":[{"embeddable":true,"href":"https:\/\/bisbalpenedes.com\/web\/wp-json\/wp\/v2\/users\/4"}],"replies":[{"embeddable":true,"href":"https:\/\/bisbalpenedes.com\/web\/wp-json\/wp\/v2\/comments?post=9987"}],"version-history":[{"count":2,"href":"https:\/\/bisbalpenedes.com\/web\/wp-json\/wp\/v2\/posts\/9987\/revisions"}],"predecessor-version":[{"id":9989,"href":"https:\/\/bisbalpenedes.com\/web\/wp-json\/wp\/v2\/posts\/9987\/revisions\/9989"}],"wp:featuredmedia":[{"embeddable":true,"href":"https:\/\/bisbalpenedes.com\/web\/wp-json\/wp\/v2\/media\/9035"}],"wp:attachment":[{"href":"https:\/\/bisbalpenedes.com\/web\/wp-json\/wp\/v2\/media?parent=9987"}],"wp:term":[{"taxonomy":"category","embeddable":true,"href":"https:\/\/bisbalpenedes.com\/web\/wp-json\/wp\/v2\/categories?post=9987"},{"taxonomy":"post_tag","embeddable":true,"href":"https:\/\/bisbalpenedes.com\/web\/wp-json\/wp\/v2\/tags?post=9987"}],"curies":[{"name":"wp","href":"https:\/\/api.w.org\/{rel}","templated":true}]}}