{"id":9975,"date":"2019-07-01T17:08:46","date_gmt":"2019-07-01T16:08:46","guid":{"rendered":"http:\/\/bisbalpenedes.com\/web\/?p=9975"},"modified":"2019-07-01T17:11:15","modified_gmt":"2019-07-01T16:11:15","slug":"el-bisbalenc-diego-castellon-exposara-la-seva-obra-del-5-al-7-de-juliol-al-local-social-de-la-miralba","status":"publish","type":"post","link":"https:\/\/bisbalpenedes.com\/web\/2019\/07\/01\/el-bisbalenc-diego-castellon-exposara-la-seva-obra-del-5-al-7-de-juliol-al-local-social-de-la-miralba\/","title":{"rendered":"El bisbalenc Diego Castell\u00f3n exposar\u00e0 la seva obra del 5 al 7 de juliol al local social de la Miralba"},"content":{"rendered":"<p><a href=\"http:\/\/bisbalpenedes.com\/web\/wp-content\/uploads\/2019\/07\/CARTELL_EXPO_D_CASTELLON_2019_A.jpg\"><img loading=\"lazy\" class=\"aligncenter size-large wp-image-9976\" src=\"http:\/\/bisbalpenedes.com\/web\/wp-content\/uploads\/2019\/07\/CARTELL_EXPO_D_CASTELLON_2019_A-724x1024.jpg\" alt=\"CARTELL_EXPO_D_CASTELLON_2019_A\" width=\"630\" height=\"891\" srcset=\"https:\/\/bisbalpenedes.com\/web\/wp-content\/uploads\/2019\/07\/CARTELL_EXPO_D_CASTELLON_2019_A-724x1024.jpg 724w, https:\/\/bisbalpenedes.com\/web\/wp-content\/uploads\/2019\/07\/CARTELL_EXPO_D_CASTELLON_2019_A-600x849.jpg 600w, https:\/\/bisbalpenedes.com\/web\/wp-content\/uploads\/2019\/07\/CARTELL_EXPO_D_CASTELLON_2019_A-212x300.jpg 212w, https:\/\/bisbalpenedes.com\/web\/wp-content\/uploads\/2019\/07\/CARTELL_EXPO_D_CASTELLON_2019_A-768x1087.jpg 768w, https:\/\/bisbalpenedes.com\/web\/wp-content\/uploads\/2019\/07\/CARTELL_EXPO_D_CASTELLON_2019_A.jpg 1169w\" sizes=\"(max-width: 630px) 100vw, 630px\" \/><\/a><\/p>\n<p><span style=\"color: #000000;\">El bisbalenc Diego Castell\u00f3n exposar\u00e0 les seves pintures al local social del seu barri, la Miralba, del 5 al 7 de juliol. La inauguraci\u00f3 tindr\u00e0 lloc el divendres 5 de juliol a les 18h i la mostra romandr\u00e0 oberta els dies 6 i 7 de juliol de 10 a 13h i de 15h a 20h.<\/span><\/p>\n<hr \/>\n<p><span style=\"color: #000000;\"><strong>CASTELLANO |<\/strong> El bisbalenc Diego Castell\u00f3n expondr\u00e1 sus pinturas en el local social de su barrio, la Miralba, del 5 al 7 de julio. La inauguraci\u00f3n tendr\u00e1 lugar el viernes 5 de julio, a las 18h, y la muestra permanecer\u00e1 abierta los d\u00edas 6 y 7 de julio de 10 a 13h y de 15h a 20h.<\/span><\/p>\n","protected":false},"excerpt":{"rendered":"<p>El bisbalenc Diego Castell\u00f3n exposar\u00e0 les seves pintures al local social del seu barri, la Miralba, del 5 al 7 de juliol. La inauguraci\u00f3 tindr\u00e0 lloc el divendres 5 de &hellip; <a href=\"https:\/\/bisbalpenedes.com\/web\/2019\/07\/01\/el-bisbalenc-diego-castellon-exposara-la-seva-obra-del-5-al-7-de-juliol-al-local-social-de-la-miralba\/\" class=\"more-link\">Read More<\/a><\/p>\n","protected":false},"author":4,"featured_media":9976,"comment_status":"closed","ping_status":"closed","sticky":false,"template":"","format":"standard","meta":[],"categories":[1047,1042],"tags":[2849,86,246,919],"_links":{"self":[{"href":"https:\/\/bisbalpenedes.com\/web\/wp-json\/wp\/v2\/posts\/9975"}],"collection":[{"href":"https:\/\/bisbalpenedes.com\/web\/wp-json\/wp\/v2\/posts"}],"about":[{"href":"https:\/\/bisbalpenedes.com\/web\/wp-json\/wp\/v2\/types\/post"}],"author":[{"embeddable":true,"href":"https:\/\/bisbalpenedes.com\/web\/wp-json\/wp\/v2\/users\/4"}],"replies":[{"embeddable":true,"href":"https:\/\/bisbalpenedes.com\/web\/wp-json\/wp\/v2\/comments?post=9975"}],"version-history":[{"count":1,"href":"https:\/\/bisbalpenedes.com\/web\/wp-json\/wp\/v2\/posts\/9975\/revisions"}],"predecessor-version":[{"id":9977,"href":"https:\/\/bisbalpenedes.com\/web\/wp-json\/wp\/v2\/posts\/9975\/revisions\/9977"}],"wp:featuredmedia":[{"embeddable":true,"href":"https:\/\/bisbalpenedes.com\/web\/wp-json\/wp\/v2\/media\/9976"}],"wp:attachment":[{"href":"https:\/\/bisbalpenedes.com\/web\/wp-json\/wp\/v2\/media?parent=9975"}],"wp:term":[{"taxonomy":"category","embeddable":true,"href":"https:\/\/bisbalpenedes.com\/web\/wp-json\/wp\/v2\/categories?post=9975"},{"taxonomy":"post_tag","embeddable":true,"href":"https:\/\/bisbalpenedes.com\/web\/wp-json\/wp\/v2\/tags?post=9975"}],"curies":[{"name":"wp","href":"https:\/\/api.w.org\/{rel}","templated":true}]}}