{"id":9972,"date":"2019-07-01T16:41:40","date_gmt":"2019-07-01T15:41:40","guid":{"rendered":"http:\/\/bisbalpenedes.com\/web\/?p=9972"},"modified":"2019-07-01T16:41:58","modified_gmt":"2019-07-01T15:41:58","slug":"el-barri-de-la-riba-celebrara-la-festa-del-pa-beneit-el-proper-cap-de-setmana","status":"publish","type":"post","link":"https:\/\/bisbalpenedes.com\/web\/2019\/07\/01\/el-barri-de-la-riba-celebrara-la-festa-del-pa-beneit-el-proper-cap-de-setmana\/","title":{"rendered":"El Barri de la Riba celebrar\u00e0 la festa del Pa Bene\u00eft el proper cap de setmana"},"content":{"rendered":"<p><span style=\"color: #000000;\">El proper cap de setmana tindr\u00e0 lloc la festa del Barri de la Riba. Per participar en la sardinada de divendres cal que compreu els tiquets abans del dimecres 3 de juliol a l&#8217;Estanc ca l&#8217;Enric o al Supermercat Jaume. El men\u00fa \u00e9s el seg\u00fcent: amanida, sardines o botifarra, gelat, caf\u00e8 i beguda. El preu s\u00f3n 14\u20ac els adults i 7\u20ac els infants. Hi haur\u00e0 servei de bar.<\/span><\/p>\n<hr \/>\n<p><span style=\"color: #000000;\"><strong>CASTELLANO |<\/strong> El pr\u00f3ximo fin de semana tendr\u00e1 lugar la fiesta del Barri de la Riba. Para participar en la sardinada del viernes hay que comprar los tickets antes del mi\u00e9rcoles 3 de julio en el Estanc ca l&#8217;Enric o en el Supermercat Jaume. El men\u00fa es el siguiente: ensalada, sardinas o butifarra, helado, caf\u00e9 y bebida. El precio son 14\u20ac los adultos y 7\u20ac los ni\u00f1os. Habr\u00e1 servicio de bar.<\/span><\/p>\n<p><a href=\"http:\/\/bisbalpenedes.com\/web\/wp-content\/uploads\/2019\/07\/barri-la-riba-2019.jpg\"><img loading=\"lazy\" class=\"aligncenter size-large wp-image-9973\" src=\"http:\/\/bisbalpenedes.com\/web\/wp-content\/uploads\/2019\/07\/barri-la-riba-2019-730x1024.jpg\" alt=\"barri-la-riba-2019\" width=\"630\" height=\"884\" srcset=\"https:\/\/bisbalpenedes.com\/web\/wp-content\/uploads\/2019\/07\/barri-la-riba-2019-730x1024.jpg 730w, https:\/\/bisbalpenedes.com\/web\/wp-content\/uploads\/2019\/07\/barri-la-riba-2019-600x841.jpg 600w, https:\/\/bisbalpenedes.com\/web\/wp-content\/uploads\/2019\/07\/barri-la-riba-2019-214x300.jpg 214w, https:\/\/bisbalpenedes.com\/web\/wp-content\/uploads\/2019\/07\/barri-la-riba-2019-768x1077.jpg 768w, https:\/\/bisbalpenedes.com\/web\/wp-content\/uploads\/2019\/07\/barri-la-riba-2019-scaled.jpg 1825w\" sizes=\"(max-width: 630px) 100vw, 630px\" \/><\/a><\/p>\n","protected":false},"excerpt":{"rendered":"<p>El proper cap de setmana tindr\u00e0 lloc la festa del Barri de la Riba. Per participar en la sardinada de divendres cal que compreu els tiquets abans del dimecres 3 &hellip; <a href=\"https:\/\/bisbalpenedes.com\/web\/2019\/07\/01\/el-barri-de-la-riba-celebrara-la-festa-del-pa-beneit-el-proper-cap-de-setmana\/\" class=\"more-link\">Read More<\/a><\/p>\n","protected":false},"author":4,"featured_media":9973,"comment_status":"closed","ping_status":"closed","sticky":false,"template":"","format":"standard","meta":[],"categories":[1047],"tags":[700,3116,3115,1904,1240],"_links":{"self":[{"href":"https:\/\/bisbalpenedes.com\/web\/wp-json\/wp\/v2\/posts\/9972"}],"collection":[{"href":"https:\/\/bisbalpenedes.com\/web\/wp-json\/wp\/v2\/posts"}],"about":[{"href":"https:\/\/bisbalpenedes.com\/web\/wp-json\/wp\/v2\/types\/post"}],"author":[{"embeddable":true,"href":"https:\/\/bisbalpenedes.com\/web\/wp-json\/wp\/v2\/users\/4"}],"replies":[{"embeddable":true,"href":"https:\/\/bisbalpenedes.com\/web\/wp-json\/wp\/v2\/comments?post=9972"}],"version-history":[{"count":1,"href":"https:\/\/bisbalpenedes.com\/web\/wp-json\/wp\/v2\/posts\/9972\/revisions"}],"predecessor-version":[{"id":9974,"href":"https:\/\/bisbalpenedes.com\/web\/wp-json\/wp\/v2\/posts\/9972\/revisions\/9974"}],"wp:featuredmedia":[{"embeddable":true,"href":"https:\/\/bisbalpenedes.com\/web\/wp-json\/wp\/v2\/media\/9973"}],"wp:attachment":[{"href":"https:\/\/bisbalpenedes.com\/web\/wp-json\/wp\/v2\/media?parent=9972"}],"wp:term":[{"taxonomy":"category","embeddable":true,"href":"https:\/\/bisbalpenedes.com\/web\/wp-json\/wp\/v2\/categories?post=9972"},{"taxonomy":"post_tag","embeddable":true,"href":"https:\/\/bisbalpenedes.com\/web\/wp-json\/wp\/v2\/tags?post=9972"}],"curies":[{"name":"wp","href":"https:\/\/api.w.org\/{rel}","templated":true}]}}