{"id":9969,"date":"2019-07-01T16:34:24","date_gmt":"2019-07-01T15:34:24","guid":{"rendered":"http:\/\/bisbalpenedes.com\/web\/?p=9969"},"modified":"2019-07-01T16:34:24","modified_gmt":"2019-07-01T15:34:24","slug":"el-proper-dijous-4-de-juliol-a-les-2030h-tindra-lloc-un-ple-extraordinari-a-lajuntament-de-la-bisbal-del-penedes","status":"publish","type":"post","link":"https:\/\/bisbalpenedes.com\/web\/2019\/07\/01\/el-proper-dijous-4-de-juliol-a-les-2030h-tindra-lloc-un-ple-extraordinari-a-lajuntament-de-la-bisbal-del-penedes\/","title":{"rendered":"El proper dijous 4 de juliol a les 20:30h tindr\u00e0 lloc un Ple extraordinari a l&#8217;Ajuntament de la Bisbal del Pened\u00e8s"},"content":{"rendered":"<p><a href=\"http:\/\/bisbalpenedes.com\/web\/wp-content\/uploads\/2019\/06\/Photo-15-06-2019-12-37-03.jpg\"><img loading=\"lazy\" class=\"aligncenter size-medium wp-image-9771\" src=\"http:\/\/bisbalpenedes.com\/web\/wp-content\/uploads\/2019\/06\/Photo-15-06-2019-12-37-03-300x169.jpg\" alt=\"Ple investidura\" width=\"300\" height=\"169\" srcset=\"https:\/\/bisbalpenedes.com\/web\/wp-content\/uploads\/2019\/06\/Photo-15-06-2019-12-37-03-300x169.jpg 300w, https:\/\/bisbalpenedes.com\/web\/wp-content\/uploads\/2019\/06\/Photo-15-06-2019-12-37-03-600x338.jpg 600w, https:\/\/bisbalpenedes.com\/web\/wp-content\/uploads\/2019\/06\/Photo-15-06-2019-12-37-03-768x432.jpg 768w, https:\/\/bisbalpenedes.com\/web\/wp-content\/uploads\/2019\/06\/Photo-15-06-2019-12-37-03-1024x576.jpg 1024w\" sizes=\"(max-width: 300px) 100vw, 300px\" \/><\/a><\/p>\n<p>El proper dijous 4 de juliol, a les 20:30h, tindr\u00e0 lloc un Ple extraordinari a l&#8217;Ajuntament de la Bisbal del Pened\u00e8s amb els seg\u00fcents punts a l&#8217;ordre del dia:<\/p>\n<p>1.-Nomenament dels representants de la Corporaci\u00f3 a l&#8217;AMTU (Associaci\u00f3 de Municipis per la Mobilitat Urbana).<\/p>\n<p>2.-Delegacions de Compet\u00e8ncies del Ple a la Junta de Govern.<\/p>\n<p>3.-Festes Locals any 2020.<\/p>\n<p>4.-Aprovaci\u00f3 dels models de declaraci\u00f3 de b\u00e9ns i activitats.<\/p>\n<p>5.-Pla econ\u00f2mic i financer 2019.<\/p>\n<p>6.-Distribuci\u00f3 del super\u00e0vit 2018.<\/p>\n<p>7.-Nomenament dels membres de la Junta de Govern Local. Donar compte del Decret n\u00fam. 464.<\/p>\n<p>8.-Delegaci\u00f3 especial de compet\u00e8ncies. Donar compte dels Decrets d&#8217;alcaldia n\u00fam. 460 i 470.<\/p>\n<p>9.-Delegacions de l&#8217;alcaldia en la Junta de Govern Local. Donar compte del Decret d&#8217;alcaldia n\u00fam. 469.<\/p>\n<p>10.-Constituci\u00f3 dels grups pol\u00edtics municipals<\/p>\n<p>11.-Donar compte dels Decrets d&#8217;alcaldia<\/p>\n<hr \/>\n<p><strong>CASTELLANO |<\/strong> El pr\u00f3ximo jueves 4 de julio, a las 20:30h, tendr\u00e1 lugar un Pleno extraordinario en el Ayuntamiento de la Bisbal del Pened\u00e8s con los siguientes puntos en el orden del d\u00eda:<\/p>\n<p>1.-Nombramiento de los representantes de la Corporaci\u00f3n en la AMTU (Associaci\u00f3 de Municipis per la Mobilitat Urbana).<\/p>\n<p>2.-Delegaciones de Competencias del Pleno a la Junta de Gobierno.<\/p>\n<p>3-Fiestas Locales a\u00f1o 2020.<\/p>\n<p>4.-Aprobaci\u00f3n de los modelos de declaraci\u00f3n de bienes y actividades.<\/p>\n<p>5.-Plan econ\u00f3mico y financiero 2019.<\/p>\n<p>6.-Distribuci\u00f3n del super\u00e1vit 2018.<\/p>\n<p>7.-Nombramiento de los miembros de la Junta de Gobierno Local. Dar cuenta del Decreto n\u00fam. 464.<\/p>\n<p>8.-Delegaci\u00f3n especial de competencias. Dar cuenta de los Decretos de alcald\u00eda n\u00fam. 460 y 470.<\/p>\n<p>9.-Delegaciones de alcald\u00eda en la Junta de Gobierno Local. Dar cuenta del Decreto de alcald\u00eda n\u00fam. 469.<\/p>\n<p>10.-Constituci\u00f3n de los grupos pol\u00edticos municipales.<\/p>\n<p>11.-Dar cuenta de los Decretos de alcald\u00eda.<\/p>\n<p>&nbsp;<\/p>\n<p>&nbsp;<\/p>\n<p>&nbsp;<\/p>\n","protected":false},"excerpt":{"rendered":"<p>El proper dijous 4 de juliol, a les 20:30h, tindr\u00e0 lloc un Ple extraordinari a l&#8217;Ajuntament de la Bisbal del Pened\u00e8s amb els seg\u00fcents punts a l&#8217;ordre del dia: 1.-Nomenament &hellip; <a href=\"https:\/\/bisbalpenedes.com\/web\/2019\/07\/01\/el-proper-dijous-4-de-juliol-a-les-2030h-tindra-lloc-un-ple-extraordinari-a-lajuntament-de-la-bisbal-del-penedes\/\" class=\"more-link\">Read More<\/a><\/p>\n","protected":false},"author":4,"featured_media":9771,"comment_status":"closed","ping_status":"closed","sticky":false,"template":"","format":"standard","meta":[],"categories":[8,2250],"tags":[2530,1058,3114,482,3112,686,3113,139,1768],"_links":{"self":[{"href":"https:\/\/bisbalpenedes.com\/web\/wp-json\/wp\/v2\/posts\/9969"}],"collection":[{"href":"https:\/\/bisbalpenedes.com\/web\/wp-json\/wp\/v2\/posts"}],"about":[{"href":"https:\/\/bisbalpenedes.com\/web\/wp-json\/wp\/v2\/types\/post"}],"author":[{"embeddable":true,"href":"https:\/\/bisbalpenedes.com\/web\/wp-json\/wp\/v2\/users\/4"}],"replies":[{"embeddable":true,"href":"https:\/\/bisbalpenedes.com\/web\/wp-json\/wp\/v2\/comments?post=9969"}],"version-history":[{"count":2,"href":"https:\/\/bisbalpenedes.com\/web\/wp-json\/wp\/v2\/posts\/9969\/revisions"}],"predecessor-version":[{"id":9971,"href":"https:\/\/bisbalpenedes.com\/web\/wp-json\/wp\/v2\/posts\/9969\/revisions\/9971"}],"wp:featuredmedia":[{"embeddable":true,"href":"https:\/\/bisbalpenedes.com\/web\/wp-json\/wp\/v2\/media\/9771"}],"wp:attachment":[{"href":"https:\/\/bisbalpenedes.com\/web\/wp-json\/wp\/v2\/media?parent=9969"}],"wp:term":[{"taxonomy":"category","embeddable":true,"href":"https:\/\/bisbalpenedes.com\/web\/wp-json\/wp\/v2\/categories?post=9969"},{"taxonomy":"post_tag","embeddable":true,"href":"https:\/\/bisbalpenedes.com\/web\/wp-json\/wp\/v2\/tags?post=9969"}],"curies":[{"name":"wp","href":"https:\/\/api.w.org\/{rel}","templated":true}]}}