{"id":9962,"date":"2019-07-01T16:00:05","date_gmt":"2019-07-01T15:00:05","guid":{"rendered":"http:\/\/bisbalpenedes.com\/web\/?p=9962"},"modified":"2019-07-01T16:00:20","modified_gmt":"2019-07-01T15:00:20","slug":"el-projecte-integrals-forma-42-persones-i-ninsereix-15-durant-els-primers-6-mesos-de-vida","status":"publish","type":"post","link":"https:\/\/bisbalpenedes.com\/web\/2019\/07\/01\/el-projecte-integrals-forma-42-persones-i-ninsereix-15-durant-els-primers-6-mesos-de-vida\/","title":{"rendered":"El projecte Integra\u2019ls forma 42 persones i n\u2019insereix 15 durant els primers 6 mesos de vida"},"content":{"rendered":"<p style=\"text-align: justify;\"><a href=\"http:\/\/bisbalpenedes.com\/web\/wp-content\/uploads\/2019\/07\/FOTO-ACTE-INTEGRALS-1.jpg\"><img loading=\"lazy\" class=\"aligncenter size-medium wp-image-9964\" src=\"http:\/\/bisbalpenedes.com\/web\/wp-content\/uploads\/2019\/07\/FOTO-ACTE-INTEGRALS-1-300x200.jpg\" alt=\"FOTO ACTE INTEGRA'LS 1\" width=\"300\" height=\"200\" srcset=\"https:\/\/bisbalpenedes.com\/web\/wp-content\/uploads\/2019\/07\/FOTO-ACTE-INTEGRALS-1-300x200.jpg 300w, https:\/\/bisbalpenedes.com\/web\/wp-content\/uploads\/2019\/07\/FOTO-ACTE-INTEGRALS-1-600x400.jpg 600w, https:\/\/bisbalpenedes.com\/web\/wp-content\/uploads\/2019\/07\/FOTO-ACTE-INTEGRALS-1-768x512.jpg 768w, https:\/\/bisbalpenedes.com\/web\/wp-content\/uploads\/2019\/07\/FOTO-ACTE-INTEGRALS-1-1024x683.jpg 1024w\" sizes=\"(max-width: 300px) 100vw, 300px\" \/><\/a><a href=\"http:\/\/bisbalpenedes.com\/web\/wp-content\/uploads\/2019\/07\/arantzazu-acte-integrals.jpg\"><br \/>\n<\/a><\/p>\n<p style=\"text-align: justify;\"><span style=\"color: #000000;\">El passat divendres el Centre Municipal de Cultura de la Bisbal del Pened\u00e8s va acollir un acte de balan\u00e7 del projecte Integra\u2019ls de l\u2019Ajuntament de la Bisbal del Pened\u00e8s, la Federaci\u00f3 Empresarial del Gran Pened\u00e8s i la Fundaci\u00f3 Santa Teresa. L\u2019acte va servir per fer balan\u00e7 dels primers 6 mesos de funcionament d\u2019aquest projecte que t\u00e9 l\u2019objectiu d\u2019integrar laboralment persones amb dificultats f\u00edsiques, intel\u00b7lectuals, mentals o socials als pol\u00edgons industrials de la Bisbal del Pened\u00e8s.<\/span><\/p>\n<p style=\"text-align: justify;\"><span style=\"color: #000000;\">Durant la presentaci\u00f3, la t\u00e8cnica d\u2019ocupaci\u00f3 del SOM Bisbal, Arantzazu Longares, va explicar que \u201cdurant aquests primers mesos s\u2019han entrevistat un total de 51 persones, de les quals 42 han rebut formaci\u00f3 i 15 han estat inserides al m\u00f3n laboral. D\u2019aquestes, dues persones s\u2019han inserit al sector ind\u00fastria i 13 persones al sector serveis\u201d. La t\u00e8cnica d\u2019ocupaci\u00f3 va explicar que \u201caquesta difer\u00e8ncia entre les 51 persones entrevistades i les 42 que van rebre formaci\u00f3 es deu al fet que, de vegades, les persones que han estat entrevistades han trobat feina o, pel motiu que sigui, no poden o no volen fer la formaci\u00f3\u201d. \u00a0Arantzazu Longares va afegir que, durant la presentaci\u00f3 del projecte el passat novembre, els impulsors del projecte ens vam marcar l\u2019objectiu d\u2019inserir 50 persones en un per\u00edode de dos anys. De moment, en el primer semestre, se n\u2019han inserit 15, el que suposa l\u2019assoliment d\u2019un 30% de l\u2019objectiu.<\/span><\/p>\n<p style=\"text-align: justify;\"><span style=\"color: #000000;\">L\u2019alcaldessa de la Bisbal del Pened\u00e8s i regidora d\u2019Ocupaci\u00f3, Agn\u00e8s Ferr\u00e9, va explicar que \u201cdes de l\u2019Ajuntament de la Bisbal del Pened\u00e8s es va voler fer un projecte diferent, no pel fet que fos un projecte diferent, sin\u00f3 pel fet que vam detectar les necessitats especials que hi havia a la comarca i al municipi i vam pensar de quina manera podr\u00edem ajudar a integrar les persones al m\u00f3n laboral\u201d. Ferr\u00e9 va afegir que \u201ces tracta d\u2019un projecte personalitzat a cada empresa, cada lloc de treball i cada persona i, el fet de no estar lligat a cap subvenci\u00f3 i beure de recursos propis, permet que pugui ser molt flexible\u201d. Ferr\u00e9 va explicar que, abans de la presentaci\u00f3 del projecte, tant l\u2019Ajuntament de la Bisbal del Pened\u00e8s com la FEGP i la Fundaci\u00f3 Santa Teresa vam estar treballant bra\u00e7 a bra\u00e7 per crear-lo i fer-lo realitat i, ara com ara, aquesta feina de comunicaci\u00f3 i coordinaci\u00f3, continua. D\u2019altra banda, la batllessa bisbalenca tamb\u00e9 va voler agrair la formaci\u00f3 feta per la Cambra de Comer\u00e7 a la Bisbal del Pened\u00e8s que, segons Agn\u00e8s Ferr\u00e9, \u201cha estat una eina clau per al projecte\u201d.<\/span><\/p>\n<p style=\"text-align: justify;\"><span style=\"color: #000000;\">El secretari general de la FEGP, Isidre Also, va posar \u00e8mfasi en el fet que \u201ccada vegada m\u00e9s es parla de coses sense \u00e0nima i nosaltres estem fent un projecte de pol\u00edgons Inclusius, que \u00e9s just el contrari\u201d. Also es va mostrar satisfet quan va explicar que, durant aquests mesos, \u201caltres ajuntaments ens han demanat de quina manera els podem ajudar o si els podem fer una tutela\u201d i va afegir que \u201cles entitats que s\u2019afegeixin ara podran fer que el projecte es pugui expandir\u201d. Also va destacar el fet que es tracti d\u2019un projecte inclusiu, que permet que es comenci a explicar i a entendre aquest concepte arreu del territori.<\/span><\/p>\n<p style=\"text-align: justify;\"><span style=\"color: #000000;\">Per la seva banda, Jos\u00e9 Carlos Eiriz, director de la Fundaci\u00f3 Santa Teresa, va expressar que \u201ct\u00e9 sentit explicar el projecte al cap d\u2019uns mesos i compartir el que s\u2019ha fet \u00e9s una manera d\u2019incentivar el projecte i aconseguir els objectius marcats\u201d. Quant als objectius, Eiriz va destacar que \u201cl\u2019objectiu principal del projecte \u00e9s que moltes persones puguin obtenir un lloc de treball i tenir una vida m\u00e9s digna\u201d.<\/span><\/p>\n<p style=\"text-align: justify;\"><span style=\"color: #000000;\">Pel que fa a les novetats, durant l\u2019acte es va explicar que s\u2019est\u00e0 redissenyant el projecte a mesura que es mantenen converses amb empreses, la qual cosa permet que el projecte sigui flexible i hi puguin tenir cabuda molts tipus d\u2019empresa. D\u2019altra banda es va anunciar que s\u2019est\u00e0 treballant amb una nova formaci\u00f3 amb el projecte Incorpora de la Caixa sobre compet\u00e8ncies transversals, ja que segons va explicar Arantzazu Longares, \u201cnormalment la formaci\u00f3 relacionada amb el <em>coaching<\/em> s\u2019ofereix als alts c\u00e0rrecs i nosaltres creiem que seria interessant oferir-la tamb\u00e9 als c\u00e0rrecs inferiors dins de la jerarquia empresarial i capacitar aix\u00ed les persones en compet\u00e8ncies personals i de lideratge\u201d. D\u2019altra banda, tamb\u00e9 es va explicar que al juliol i al setembre s\u2019inseriran\u00a0m\u00e9s\u00a0persones als pol\u00edgons industrials de la Bisbal del Pened\u00e8s en el marc del projecte Integra\u2019ls.<\/span><\/p>\n<hr \/>\n<p style=\"text-align: justify;\"><a href=\"http:\/\/bisbalpenedes.com\/web\/wp-content\/uploads\/2019\/07\/FOTO-ACTE-INTEGRALS-2.jpg\"><img loading=\"lazy\" class=\"aligncenter size-medium wp-image-9965\" src=\"http:\/\/bisbalpenedes.com\/web\/wp-content\/uploads\/2019\/07\/FOTO-ACTE-INTEGRALS-2-300x200.jpg\" alt=\"FOTO ACTE INTEGRA'LS 2\" width=\"300\" height=\"200\" srcset=\"https:\/\/bisbalpenedes.com\/web\/wp-content\/uploads\/2019\/07\/FOTO-ACTE-INTEGRALS-2-300x200.jpg 300w, https:\/\/bisbalpenedes.com\/web\/wp-content\/uploads\/2019\/07\/FOTO-ACTE-INTEGRALS-2-600x400.jpg 600w, https:\/\/bisbalpenedes.com\/web\/wp-content\/uploads\/2019\/07\/FOTO-ACTE-INTEGRALS-2-768x512.jpg 768w, https:\/\/bisbalpenedes.com\/web\/wp-content\/uploads\/2019\/07\/FOTO-ACTE-INTEGRALS-2-1024x683.jpg 1024w\" sizes=\"(max-width: 300px) 100vw, 300px\" \/><\/a><\/p>\n<p style=\"text-align: justify;\"><span style=\"color: #000000;\"><strong>CASTELLANO |<\/strong> El viernes pasado el Centre Municipal de Cultura de la Bisbal del Pened\u00e8s acogi\u00f3 un acto de balance del proyecto Integra&#8217;ls del Ayuntamiento de la Bisbal del Pened\u00e8s, la Federaci\u00f3 Empresarial del Gran Pened\u00e8s y la Fundaci\u00f3 Santa Teresa. El acto sirvi\u00f3 para hacer balance de los primeros 6 meses de funcionamiento de este proyecto que tiene el objetivo de integrar laboralmente a personas con dificultades f\u00edsicas, intelectuales, mentales o sociales en los pol\u00edgonos industriales de la Bisbal del Pened\u00e8s.<\/span><\/p>\n<p style=\"text-align: justify;\"><span style=\"color: #000000;\">Durante la presentaci\u00f3n, la t\u00e9cnica de ocupaci\u00f3n del SOM Bisbal, Arantzazu Longares, explic\u00f3 que &#8220;durante estos primeros meses se ha entrevistado a un total de 51 personas, de las cuales 42 han recibido formaci\u00f3n y 15 han sido insertadas en el mundo laboral. De estas, dos personas han sido insertadas en el sector industria y 13 en el sector servicios&#8221;. La t\u00e9cnica de ocupaci\u00f3n explic\u00f3 que &#8220;esta diferencia entre las 51 personas entrevistadas y las 42 que recibieron formaci\u00f3n se debe al hecho que, a veces, las personas que han sido entrevistadas han encontrado trabajo o, por el motivo que sea, no pueden o no quieren hacer la formaci\u00f3n&#8221;. Arantzazu Longares a\u00f1adi\u00f3 que, durante la presentaci\u00f3n del proyecto el pasado mes de noviembre, los impulsores nos marcamos el objetivo de insertar a 50 personas en un periodo de dos a\u00f1os. De momento, en el primer semestre, se han insertado 15, lo que supone haber alcanzado un 30% del objetivo.<\/span><\/p>\n<p style=\"text-align: justify;\"><span style=\"color: #000000;\">La alcaldesa de la Bisbal del Pened\u00e8s y regidora de Ocupaci\u00f3n, Agn\u00e8s Ferr\u00e9, explic\u00f3 que &#8220;desde el Ayuntamiento de la Bisbal del Pened\u00e8s se quiso hacer un proyecto diferente, no por el hecho que fuera un proyecto diferente, sino por el hecho que detectamos las necesidades especiales que hab\u00eda en la comarca y en el municipio y pensamos de qu\u00e9 manera podr\u00edamos ayudar a integrar a las personas en el mundo laboral&#8221;. Ferr\u00e9 a\u00f1adi\u00f3 que &#8220;se trata de un proyecto personalizado para cada empresa, cada puesto de trabajo y cada persona y, el hecho de no estar atado a ninguna subvenci\u00f3n y beber de recursos propios, permiteq ue pueda ser muy flexible&#8221;. Ferr\u00e9 explic\u00f3 que, antes de la presentaci\u00f3n del proyecto, tanto el Ayuntamiento de la Bisbal del Pened\u00e8s como la FEGP y la Fundaci\u00f3n Santa Teresa estuvimos trabajando codo con codo para crearlo y hacerlo realidad y, hoy en d\u00eda, este trabajo de comunicaci\u00f3n y coordinaci\u00f3n, contin\u00faa. Por otro lado, la alcaldesa bisbalenca tambi\u00e9n quiso agradecer la formaci\u00f3n hecha por la Cambra de Comer\u00e7 en la Bisbal del Pened\u00e8s que, seg\u00fan Agn\u00e8s Ferr\u00e9, &#8220;ha sido una herramienta clave para el proyecto&#8221;.<\/span><\/p>\n<p style=\"text-align: justify;\"><span style=\"color: #000000;\">El secretario general de la FEGP, Isidre Also, puso \u00e9nfasis en el hecho que &#8220;cada vez m\u00e1s se habla de cosas sin alma y nosotros estamos haciendo un proyecto de pol\u00edgonos Inclusivos, que es justo lo contrario&#8221;. Also se mostr\u00f3 satisfecho cuando explic\u00f3 que, durante estos meses, &#8220;otros ayuntamientos nos han pedido de qu\u00e9 manera les podemos ayudar o podemos tutelarlos&#8221; y a\u00f1adi\u00f3 que &#8220;las entidades que se a\u00f1adan ahora podr\u00e1n hacer que el proyecto se pueda expandir&#8221;. Also destac\u00f3 el hecho que se trate de un proyecto inclusivo, que permite que se empiece a explicar y a entender este concepto a lo largo del territorio.<\/span><\/p>\n<p style=\"text-align: justify;\"><span style=\"color: #000000;\">Por su parte, Jos\u00e9 Carlos Eiriz, director de la Fundaci\u00f3 Santa Teresa, expres\u00f3 que &#8220;tiene sentido explicar el proyecto al cabo de unos meses y compartir lo que de ya se ha hecho es una forma de incentivar el proyecto y conseguir los objetivos marcados&#8221;. En cuanto a los objetivos, Eiriz destac\u00f3 que &#8220;el objetivo principal del proyecto es que muchas personas puedan obtener un puesto de trabajo y tener una vida m\u00e1s digna&#8221;.<\/span><\/p>\n<p style=\"text-align: justify;\"><span style=\"color: #000000;\">Respecto\u00a0a las novedades, durante el acto se explic\u00f3 que se est\u00e1 redise\u00f1ando el proyecto a medida que se mantienen conversaciones con empresas, la cual cosa permite que el proyecto sea flexible y puedan tener cabida muchos tipos de empresa. Por otro lado se anunci\u00f3 que se est\u00e1 trabajando con una nueva formaci\u00f3n con el proyecto Incorpora de la Caixa sobre competencias transversales, ya que seg\u00fan explic\u00f3 Arantzazu Longares, &#8220;normalmente la formaci\u00f3n relacionada con el <em>coaching<\/em> se ofrece a altos cargos y nosotros creemos que ser\u00eda interesante ofrecerla tambi\u00e9n a los cargos inferiores dentro de la jerarqu\u00eda empresarial y capacitar as\u00ed a las personas en competencias personales y de liderazgo&#8221;. Por otro lado, tambi\u00e9n se explic\u00f3 que en julio y en septiembre se insertar\u00e1 a m\u00e1s personas en los pol\u00edgonos industriales de la Bisbal del Pened\u00e8s en el marco del proyecto Integra&#8217;ls.<\/span><\/p>\n<p><a href=\"http:\/\/bisbalpenedes.com\/web\/wp-content\/uploads\/2019\/07\/arantzazu-acte-integrals.jpg\"><img loading=\"lazy\" class=\"aligncenter size-medium wp-image-9966\" src=\"http:\/\/bisbalpenedes.com\/web\/wp-content\/uploads\/2019\/07\/arantzazu-acte-integrals-300x200.jpg\" alt=\"arantzazu acte integra'ls\" width=\"300\" height=\"200\" srcset=\"https:\/\/bisbalpenedes.com\/web\/wp-content\/uploads\/2019\/07\/arantzazu-acte-integrals-300x200.jpg 300w, https:\/\/bisbalpenedes.com\/web\/wp-content\/uploads\/2019\/07\/arantzazu-acte-integrals-600x400.jpg 600w, https:\/\/bisbalpenedes.com\/web\/wp-content\/uploads\/2019\/07\/arantzazu-acte-integrals-768x512.jpg 768w, https:\/\/bisbalpenedes.com\/web\/wp-content\/uploads\/2019\/07\/arantzazu-acte-integrals-1024x683.jpg 1024w\" sizes=\"(max-width: 300px) 100vw, 300px\" \/><\/a><\/p>\n","protected":false},"excerpt":{"rendered":"<p>El passat divendres el Centre Municipal de Cultura de la Bisbal del Pened\u00e8s va acollir un acte de balan\u00e7 del projecte Integra\u2019ls de l\u2019Ajuntament de la Bisbal del Pened\u00e8s, la &hellip; <a href=\"https:\/\/bisbalpenedes.com\/web\/2019\/07\/01\/el-projecte-integrals-forma-42-persones-i-ninsereix-15-durant-els-primers-6-mesos-de-vida\/\" class=\"more-link\">Read More<\/a><\/p>\n","protected":false},"author":4,"featured_media":9965,"comment_status":"closed","ping_status":"closed","sticky":false,"template":"","format":"standard","meta":[],"categories":[8,9],"tags":[1327,12,1861,2616,10,2623,271],"_links":{"self":[{"href":"https:\/\/bisbalpenedes.com\/web\/wp-json\/wp\/v2\/posts\/9962"}],"collection":[{"href":"https:\/\/bisbalpenedes.com\/web\/wp-json\/wp\/v2\/posts"}],"about":[{"href":"https:\/\/bisbalpenedes.com\/web\/wp-json\/wp\/v2\/types\/post"}],"author":[{"embeddable":true,"href":"https:\/\/bisbalpenedes.com\/web\/wp-json\/wp\/v2\/users\/4"}],"replies":[{"embeddable":true,"href":"https:\/\/bisbalpenedes.com\/web\/wp-json\/wp\/v2\/comments?post=9962"}],"version-history":[{"count":3,"href":"https:\/\/bisbalpenedes.com\/web\/wp-json\/wp\/v2\/posts\/9962\/revisions"}],"predecessor-version":[{"id":9968,"href":"https:\/\/bisbalpenedes.com\/web\/wp-json\/wp\/v2\/posts\/9962\/revisions\/9968"}],"wp:featuredmedia":[{"embeddable":true,"href":"https:\/\/bisbalpenedes.com\/web\/wp-json\/wp\/v2\/media\/9965"}],"wp:attachment":[{"href":"https:\/\/bisbalpenedes.com\/web\/wp-json\/wp\/v2\/media?parent=9962"}],"wp:term":[{"taxonomy":"category","embeddable":true,"href":"https:\/\/bisbalpenedes.com\/web\/wp-json\/wp\/v2\/categories?post=9962"},{"taxonomy":"post_tag","embeddable":true,"href":"https:\/\/bisbalpenedes.com\/web\/wp-json\/wp\/v2\/tags?post=9962"}],"curies":[{"name":"wp","href":"https:\/\/api.w.org\/{rel}","templated":true}]}}