{"id":9940,"date":"2019-06-28T07:31:40","date_gmt":"2019-06-28T06:31:40","guid":{"rendered":"http:\/\/bisbalpenedes.com\/web\/?p=9940"},"modified":"2019-06-28T07:32:40","modified_gmt":"2019-06-28T06:32:40","slug":"lalcaldessa-agnes-ferre-signa-el-decret-de-delegacio-de-competencies-als-regidors-i-regidores-de-lequip-de-govern","status":"publish","type":"post","link":"https:\/\/bisbalpenedes.com\/web\/2019\/06\/28\/lalcaldessa-agnes-ferre-signa-el-decret-de-delegacio-de-competencies-als-regidors-i-regidores-de-lequip-de-govern\/","title":{"rendered":"L&#8217;alcaldessa Agn\u00e8s Ferr\u00e9 signa el decret de delegaci\u00f3 de compet\u00e8ncies als regidors i regidores de l&#8217;equip de govern"},"content":{"rendered":"<p><a href=\"http:\/\/bisbalpenedes.com\/web\/wp-content\/uploads\/2019\/06\/equip-de-govern.jpg\"><img loading=\"lazy\" class=\"aligncenter size-medium wp-image-9941\" src=\"http:\/\/bisbalpenedes.com\/web\/wp-content\/uploads\/2019\/06\/equip-de-govern-294x300.jpg\" alt=\"equip de govern 2019-2023\" width=\"294\" height=\"300\" srcset=\"https:\/\/bisbalpenedes.com\/web\/wp-content\/uploads\/2019\/06\/equip-de-govern-294x300.jpg 294w, https:\/\/bisbalpenedes.com\/web\/wp-content\/uploads\/2019\/06\/equip-de-govern-600x613.jpg 600w, https:\/\/bisbalpenedes.com\/web\/wp-content\/uploads\/2019\/06\/equip-de-govern-768x785.jpg 768w, https:\/\/bisbalpenedes.com\/web\/wp-content\/uploads\/2019\/06\/equip-de-govern-1002x1024.jpg 1002w\" sizes=\"(max-width: 294px) 100vw, 294px\" \/><\/a><\/p>\n<p><span style=\"color: #000000;\">L&#8217;alcaldessa Agn\u00e8s Ferr\u00e9 ha signat el Decret de nomenament de delegacions espec\u00edfiques als regidors i regidores de l&#8217;equip de govern amb la finalitat de gestionar els assumptes o serveis determinats de l&#8217;Ajuntament de la Bisbal del Pened\u00e8s.<\/span><\/p>\n<p><span style=\"color: #000000;\">La distribuci\u00f3 de les diferents \u00e0rees entre els membres de l&#8217;equip de govern queda de la seg\u00fcent manera:<\/span><\/p>\n<p><span style=\"color: #000000;\"><strong>Agn\u00e8s Ferr\u00e9 Ca\u00f1ellas, alcaldessa<\/strong><\/span><\/p>\n<p><span style=\"color: #000000;\">&#8211; <u>Regidora de Serveis centrals<\/u>: secretaria, contractaci\u00f3, recursos humans, inform\u00e0tica i comunicaci\u00f3.<\/span><\/p>\n<p><span style=\"color: #000000;\">&#8211; <u>Regidora d\u2019Hisenda<\/u>: administraci\u00f3 financera i hisenda municipals, planificaci\u00f3 econ\u00f2mico financera, elaboraci\u00f3, gesti\u00f3 i execuci\u00f3 del pressupost municipal.<\/span><\/p>\n<p><span style=\"color: #000000;\">&#8211; <u>Regidora d\u2019Urbanisme<\/u>: planificaci\u00f3 urban\u00edstica, serveis urban\u00edstics i patrimoni municipal.<\/span><\/p>\n<p><span style=\"color: #000000;\">&#8211; <u>Regidora d\u2019Empresa i ocupaci\u00f3<\/u>: pol\u00edtiques d\u2019ocupaci\u00f3 a trav\u00e9s del SOM Bisbal, projecte Integra\u2019ls, relaci\u00f3 amb les empreses del pol\u00edgon industrial i projectes i convenis amb altres organismes i institucions. \u00a0<\/span><\/p>\n<p><span style=\"color: #000000;\"><strong>\u00a0<\/strong><\/span><\/p>\n<p><span style=\"color: #000000;\"><strong>Judith Vidal Vilella, 1ra tinent alcalde<\/strong><\/span><\/p>\n<p><span style=\"color: #000000;\">&#8211; <u>Regidora de Cultura i lleure<\/u>: pol\u00edtiques culturals i de lleure, organitzaci\u00f3 del Centre Municipal de Cultura, del servei de biblioteca municipal i dels casals d\u2019estiu i de Nadal, aix\u00ed com relaci\u00f3 amb les entitats culturals del municipi.<\/span><\/p>\n<p><span style=\"color: #000000;\">&#8211; <u>Regidora de Turisme<\/u>: pol\u00edtiques de turisme, relaci\u00f3 amb les empreses i entitats tur\u00edstiques i enotur\u00edstiques i representaci\u00f3 de l\u2019Ajuntament al Consorci d\u2019Enoturisme del Pened\u00e8s.<\/span><\/p>\n<p><span style=\"color: #000000;\">&#8211; <u>Regidora de Comer\u00e7<\/u>: pol\u00edtiques de potenciaci\u00f3 del comer\u00e7 local i de campanyes relacionades amb aquesta \u00e0rea, com ara el \u00abxec nad\u00f3\u00bb.<\/span><\/p>\n<p><span style=\"color: #000000;\">&#8211; <u>Regidora d\u2019Agricultura<\/u>: pol\u00edtiques d\u2019acompanyament i suport a l\u2019agricultura i relaci\u00f3 amb els ens i empreses del sector primari.<\/span><\/p>\n<p>&nbsp;<\/p>\n<p><span style=\"color: #000000;\"><strong>Leo Uceda Mart\u00edn, 2na tinent alcalde<\/strong><\/span><\/p>\n<p><span style=\"color: #000000;\">&#8211; <u>Regidora d\u2019Ensenyament<\/u>: pol\u00edtiques de gesti\u00f3 i millora de la llar d\u2019infants municipal, l\u2019escola municipal de m\u00fasica i l\u2019escola d\u2019idiomes i representaci\u00f3 de l\u2019Ajuntament als consells escolars de l\u2019escola Ull de Vent i de l\u2019institut Coster de la Torre.<\/span><\/p>\n<p><span style=\"color: #000000;\">&#8211; <u>Regidora d\u2019Enllumenat i del servei d\u2019abastament d\u2019aigua potable i clavegueram<\/u>: coordinaci\u00f3 i seguiment de la gesti\u00f3 i manteniment de la xarxa d\u2019aig\u00fces i clavegueram.<\/span><\/p>\n<p><span style=\"color: #000000;\">&#8211; <u>Regidora de Mobilitat i via p\u00fablica<\/u>.<\/span><\/p>\n<p><span style=\"color: #000000;\">&#8211; <u>Regidora de Medi ambient<\/u>: pol\u00edtiques de medi ambient i sostenibilitat ambiental, gesti\u00f3 i millora dels camins i de les franges forestals.<\/span><\/p>\n<p><span style=\"color: #000000;\">&#8211; <u>Regidora de Protecci\u00f3 animal<\/u>: pol\u00edtiques de protecci\u00f3 animal, gesti\u00f3 de les col\u00f2nies de gats i ordenances relacionades amb aquest assumpte.<\/span><\/p>\n<p><span style=\"color: #000000;\">&#8211; <u>Regidora d\u2019Esports<\/u>: pol\u00edtiques d\u2019esports, desenvolupament del poliesportiu municipal i relaci\u00f3 amb les entitats esportives del municipi.<\/span><\/p>\n<p>&nbsp;<\/p>\n<p><span style=\"color: #000000;\"><strong>Feliu Gil Esteve<\/strong><\/span><\/p>\n<p><span style=\"color: #000000;\">&#8211; <u>Regidor de Sanitat<\/u>: pol\u00edtiques de salut, coordinaci\u00f3 del servei d\u2019ambul\u00e0ncies per a les festes i activitats organitzades per les entitats i associacions del municipi, coordinaci\u00f3 del servei de pod\u00f2leg al municipi i coordinaci\u00f3 del servei de control de plagues.<\/span><\/p>\n<p><span style=\"color: #000000;\">&#8211; <u>Regidor de Festes<\/u>: organitzaci\u00f3 de la Festa Major d\u2019estiu i la seva coordinaci\u00f3 amb les entitats del municipi. Coordinaci\u00f3 de les festes d\u2019estiu de les urbanitzacions amb les associacions de ve\u00efns.<\/span><\/p>\n<p><span style=\"color: #000000;\">&#8211; <u>Regidor de Barris<\/u>: relaci\u00f3 i coordinaci\u00f3 amb totes les associacions de ve\u00efns del municipi.<\/span><\/p>\n<p>&nbsp;<\/p>\n<p><span style=\"color: #000000;\"><strong>F\u00e9lix Villaz\u00e1n Ru\u00edz<\/strong><\/span><\/p>\n<p><span style=\"color: #000000;\">&#8211; <u>Regidor de Seguretat ciutadana<\/u>: pol\u00edtiques de seguretat ciutadana al municipi, amb noves mesures i serveis de seguretat.<\/span><\/p>\n<p><span style=\"color: #000000;\">&#8211; <u>Regidor de Gesti\u00f3 de residus<\/u>: pol\u00edtiques de bona gesti\u00f3 de residus al municipi i coordinaci\u00f3 del Punt Verd.<\/span><\/p>\n<p><span style=\"color: #000000;\">&#8211; <u>Regidor de Joventut<\/u>: pol\u00edtiques de suport als\/les joves, responsable de la Cova Jove i coordinaci\u00f3 amb Jove Baix Pened\u00e8s.<\/span><\/p>\n<p>&nbsp;<\/p>\n<p><span style=\"color: #000000;\"><strong>Paqui Cepas Garc\u00eda<\/strong><\/span><\/p>\n<p><span style=\"color: #000000;\">&#8211; <u>Regidora de Benestar social i habitatge<\/u>: pol\u00edtiques de benestar social i d\u2019habitatge, coordinaci\u00f3 dels serveis socials juntament amb el Consell Comarcal del Baix Pened\u00e8s i gesti\u00f3 del Rebost solidari.<\/span><\/p>\n<p><span style=\"color: #000000;\">&#8211; <u>Regidora de Gent gran<\/u>: pol\u00edtiques de millora i ampliaci\u00f3 dels serveis a la gent gran del municipi i gesti\u00f3 del Rac\u00f3 de la gent gran.<\/span><\/p>\n<p><span style=\"color: #000000;\">&#8211; <u>Regidora d\u2019Atenci\u00f3 a la ciutadania<\/u>: pol\u00edtiques de transpar\u00e8ncia i participaci\u00f3 de la ciutadania en la gesti\u00f3 municipal i millora i creaci\u00f3 de nous serveis per a la relaci\u00f3 entre la ciutadania i el Consistori.<\/span><\/p>\n<hr \/>\n<p><a href=\"http:\/\/bisbalpenedes.com\/web\/wp-content\/uploads\/2019\/06\/equip-de-govern.jpg\"><img loading=\"lazy\" class=\"aligncenter size-medium wp-image-9941\" src=\"http:\/\/bisbalpenedes.com\/web\/wp-content\/uploads\/2019\/06\/equip-de-govern-294x300.jpg\" alt=\"equip de govern 2019-2023\" width=\"294\" height=\"300\" srcset=\"https:\/\/bisbalpenedes.com\/web\/wp-content\/uploads\/2019\/06\/equip-de-govern-294x300.jpg 294w, https:\/\/bisbalpenedes.com\/web\/wp-content\/uploads\/2019\/06\/equip-de-govern-600x613.jpg 600w, https:\/\/bisbalpenedes.com\/web\/wp-content\/uploads\/2019\/06\/equip-de-govern-768x785.jpg 768w, https:\/\/bisbalpenedes.com\/web\/wp-content\/uploads\/2019\/06\/equip-de-govern-1002x1024.jpg 1002w\" sizes=\"(max-width: 294px) 100vw, 294px\" \/><\/a><\/p>\n<p><span style=\"color: #000000;\"><strong>CASTELLANO |<\/strong> La alcaldesa Agn\u00e8s Ferr\u00e9 ha firmado el Decreto de nombramiento de delegaciones espec\u00edficas a los concejales y concejalas del equipo de gobierno con la finalidad de gestionar los asuntos o servicios determinados del Ayuntamiento de la Bisbal del Pened\u00e8s.<\/span><\/p>\n<p><span style=\"color: #000000;\">La distribuci\u00f3n de las diferentes \u00e1reas entre los miembros del equipo de gobierno queda de la siguiente manera:<\/span><\/p>\n<p><span style=\"color: #000000;\"><strong>Agn\u00e8s Ferr\u00e9 Ca\u00f1ellas, alcaldesa<\/strong><\/span><\/p>\n<p><span style=\"color: #000000;\"><span style=\"text-decoration: underline;\">-Regidora de Servicios centrales:<\/span> secretar\u00eda, contrataci\u00f3n, recursos humanos, inform\u00e1tica y comunicaci\u00f3n.<\/span><\/p>\n<p><span style=\"color: #000000;\"><span style=\"text-decoration: underline;\">-Regidora de Hacienda:<\/span> administraci\u00f3n financiera y hacienda municipales, planificaci\u00f3n econ\u00f3micofinanciera, elaboraci\u00f3n,\u00a0 gesti\u00f3n y ejecuci\u00f3n del presupuesto municipal.<\/span><\/p>\n<p><span style=\"color: #000000;\"><span style=\"text-decoration: underline;\">-Regidora de Urbanismo:<\/span> planificaci\u00f3n urban\u00edstica, servicios urban\u00edsticos y patrimonio municipal.<\/span><\/p>\n<p><span style=\"color: #000000;\"><span style=\"text-decoration: underline;\">-Regidora de Empresa y ocupaci\u00f3n:<\/span> pol\u00edticas de ocupaci\u00f3n a trav\u00e9s del SOM Bisbal, proyecto Integra&#8217;ls, relaci\u00f3n con las empresas del pol\u00edgono industrial y proyectos y convenios con otros organismos e instituciones.<\/span><\/p>\n<p>&nbsp;<\/p>\n<p><span style=\"color: #000000;\"><strong>Judith Vidal Vilella, 1a teniente de alcald\u00eda<\/strong><\/span><\/p>\n<p><span style=\"color: #000000;\"><span style=\"text-decoration: underline;\">-Regidora de Cultura y Ocio:<\/span> pol\u00edticas culturales y de ocio, organizaci\u00f3n del Centre Municipal de Cultura, del servicio de biblioteca municipal y de los &#8216;casals d&#8217;estiu&#8217; y de Navidad, as\u00ed como relaci\u00f3n con las entidades culturales del municipio.<\/span><\/p>\n<p><span style=\"color: #000000;\"><span style=\"text-decoration: underline;\">-Regidora de Turismo:<\/span> pol\u00edticas de turismo, relaci\u00f3n con las empresas y entidades tur\u00edsticas y enotur\u00edsticas y representaci\u00f3n del Ayuntamiento en el Consorci d&#8217;Enoturisme del Pened\u00e8s.<\/span><\/p>\n<p><span style=\"color: #000000;\"><span style=\"text-decoration: underline;\">-Regidora de Comercio:<\/span> pol\u00edticas de potenciaci\u00f3n del comercio local y de campa\u00f1as relacionadas con esta \u00e1rea, como por ejemplo el &#8220;Xec nad\u00f3&#8221;.<\/span><\/p>\n<p><span style=\"color: #000000;\"><span style=\"text-decoration: underline;\">-Regidora de Agricultura:<\/span> pol\u00edticas de acompa\u00f1amiento y soporte a la agricultura y relacion con los entes y empresas del sector primario.<\/span><\/p>\n<p>&nbsp;<\/p>\n<p><span style=\"color: #000000;\"><strong>Leo Uceda Mart\u00edn, 2a teniente de alcald\u00eda<\/strong><\/span><\/p>\n<p><span style=\"color: #000000;\"><span style=\"text-decoration: underline;\">-Regidora de Educaci\u00f3n:<\/span> pol\u00edticas de gesti\u00f3n y mejora de la &#8216;llar d&#8217;infants&#8217; municipal, la escuela municipal de m\u00fasica y la escuela de idiomas y representaci\u00f3n del Ayuntamiento en los consejos escolares de la escuela Ull de Vent y del Instituto Coster de la Torre.<\/span><\/p>\n<p><span style=\"color: #000000;\"><span style=\"text-decoration: underline;\">-Regidora de Alumbrado y del servicio de abastecimiento de agua potable y alcantarillado:<\/span> coordinaci\u00f3n y seguimiento de la gesti\u00f3n y mantenimiento de la red de aguas y alcantarillado.<\/span><\/p>\n<p><span style=\"text-decoration: underline; color: #000000;\">-Regidora de Movilidad y v\u00eda p\u00fablica.<\/span><\/p>\n<p><span style=\"color: #000000;\"><span style=\"text-decoration: underline;\">-Regidora de Medio ambiente:<\/span> pol\u00edticas de medio ambiente y sostenibilidad ambiental, gesti\u00f3n y mejora de los caminos y de las franjas forestales.<\/span><\/p>\n<p><span style=\"color: #000000;\"><span style=\"text-decoration: underline;\">-Regidora de Protecci\u00f3n animal:<\/span> pol\u00edticas de protecci\u00f3n animal, gesti\u00f3n de las colonias de gatos y ordenanzas relacionadas con este asunto.<\/span><\/p>\n<p><span style=\"color: #000000;\"><span style=\"text-decoration: underline;\">-Regidora de Deportes:<\/span> pol\u00edticas de deportes, desarrollo del polideportivo municipal y relaci\u00f3n con las entidades deportivas del municipio.<\/span><\/p>\n<p>&nbsp;<\/p>\n<p><span style=\"color: #000000;\"><strong>Feliu Gil Esteve<\/strong><\/span><\/p>\n<p><span style=\"color: #000000;\"><span style=\"text-decoration: underline;\">-Regidor de Sanidad:<\/span> pol\u00edticas de salud, coordinaci\u00f3n del servicio de ambulancias para las fiestas y actividades organizadas por las entidades y asociaciones del municipio, coordinaci\u00f3n del servicio de pod\u00f3logo en el municipio y coordinaci\u00f3n del servicio de control de plagas.<\/span><\/p>\n<p><span style=\"color: #000000;\"><span style=\"text-decoration: underline;\">-Regidor de Fiestas:<\/span> organizaci\u00f3n de la Fiesta Mayor de verano y su coordinaci\u00f3n con las entidades del municipio. Coordinaci\u00f3n de las fiestas de verano de las urbanizaciones con las asociaciones de vecinos.<\/span><\/p>\n<p><span style=\"color: #000000;\"><span style=\"text-decoration: underline;\">-Regidor de Barrios:<\/span> relaci\u00f3n y coordinaci\u00f3n con todas las asociaciones de vecinos del municipio.<\/span><\/p>\n<p>&nbsp;<\/p>\n<p><span style=\"color: #000000;\"><strong>F\u00e9lix Villaz\u00e1n Ruiz<\/strong><\/span><\/p>\n<p><span style=\"color: #000000;\"><span style=\"text-decoration: underline;\">-Regidor de Seguridad ciudadana:<\/span> pol\u00edticas de seguridad ciudadana en el municipio, con nuevas medidas y servicios de seguridad.<\/span><\/p>\n<p><span style=\"color: #000000;\"><span style=\"text-decoration: underline;\">-Regidor de Gesti\u00f3n de residuos:<\/span> pol\u00edticas de buena gesti\u00f3n de residuos en el municipio y coordinaci\u00f3n del Punt Verd.<\/span><\/p>\n<p><span style=\"color: #000000;\"><span style=\"text-decoration: underline;\">-Regidor de Juventud:<\/span> pol\u00edticas de soporte a los\/las j\u00f3venes, responsable de la Cova Jove y coordinaci\u00f3n con Jove Baix Pened\u00e8s.<\/span><\/p>\n<p>&nbsp;<\/p>\n<p><span style=\"color: #000000;\"><strong>Paqui Cepas Garc\u00eda<\/strong><\/span><\/p>\n<p><span style=\"color: #000000;\"><span style=\"text-decoration: underline;\">-Regidora de Bienestar social y vivienda:<\/span> pol\u00edticas de bienestar social y vivienda, coordinaci\u00f3n de los servicios sociales junto con el Consell Comarcal del Baix Pened\u00e8s y gesti\u00f3n del Rebost solidari.<\/span><\/p>\n<p><span style=\"color: #000000;\"><span style=\"text-decoration: underline;\">-Regidora de Gente Mayor:<\/span> pol\u00edticas de mejora y ampliaci\u00f3n de los servicios a la gente mayor del municipio y gesti\u00f3n del Rac\u00f3 de la gent gran.<\/span><\/p>\n<p><span style=\"color: #000000;\"><span style=\"text-decoration: underline;\">-Regidora de Atenci\u00f3n a la ciudadan\u00eda:<\/span> pol\u00edticas de transparencia y participaci\u00f3n de la ciudadan\u00eda en la gesti\u00f3n municipal y mejora y creaci\u00f3n de nuevos servicios para la relaci\u00f3n entre la ciudadan\u00eda y el Consistorio.<\/span><\/p>\n<p>&nbsp;<\/p>\n<p>&nbsp;<\/p>\n","protected":false},"excerpt":{"rendered":"<p>L&#8217;alcaldessa Agn\u00e8s Ferr\u00e9 ha signat el Decret de nomenament de delegacions espec\u00edfiques als regidors i regidores de l&#8217;equip de govern amb la finalitat de gestionar els assumptes o serveis determinats &hellip; <a href=\"https:\/\/bisbalpenedes.com\/web\/2019\/06\/28\/lalcaldessa-agnes-ferre-signa-el-decret-de-delegacio-de-competencies-als-regidors-i-regidores-de-lequip-de-govern\/\" class=\"more-link\">Read More<\/a><\/p>\n","protected":false},"author":4,"featured_media":9941,"comment_status":"closed","ping_status":"closed","sticky":false,"template":"","format":"standard","meta":[],"categories":[2377],"tags":[2241,1091,3111],"_links":{"self":[{"href":"https:\/\/bisbalpenedes.com\/web\/wp-json\/wp\/v2\/posts\/9940"}],"collection":[{"href":"https:\/\/bisbalpenedes.com\/web\/wp-json\/wp\/v2\/posts"}],"about":[{"href":"https:\/\/bisbalpenedes.com\/web\/wp-json\/wp\/v2\/types\/post"}],"author":[{"embeddable":true,"href":"https:\/\/bisbalpenedes.com\/web\/wp-json\/wp\/v2\/users\/4"}],"replies":[{"embeddable":true,"href":"https:\/\/bisbalpenedes.com\/web\/wp-json\/wp\/v2\/comments?post=9940"}],"version-history":[{"count":3,"href":"https:\/\/bisbalpenedes.com\/web\/wp-json\/wp\/v2\/posts\/9940\/revisions"}],"predecessor-version":[{"id":9944,"href":"https:\/\/bisbalpenedes.com\/web\/wp-json\/wp\/v2\/posts\/9940\/revisions\/9944"}],"wp:featuredmedia":[{"embeddable":true,"href":"https:\/\/bisbalpenedes.com\/web\/wp-json\/wp\/v2\/media\/9941"}],"wp:attachment":[{"href":"https:\/\/bisbalpenedes.com\/web\/wp-json\/wp\/v2\/media?parent=9940"}],"wp:term":[{"taxonomy":"category","embeddable":true,"href":"https:\/\/bisbalpenedes.com\/web\/wp-json\/wp\/v2\/categories?post=9940"},{"taxonomy":"post_tag","embeddable":true,"href":"https:\/\/bisbalpenedes.com\/web\/wp-json\/wp\/v2\/tags?post=9940"}],"curies":[{"name":"wp","href":"https:\/\/api.w.org\/{rel}","templated":true}]}}