{"id":9938,"date":"2019-06-27T11:56:23","date_gmt":"2019-06-27T10:56:23","guid":{"rendered":"http:\/\/bisbalpenedes.com\/web\/?p=9938"},"modified":"2019-06-27T11:56:23","modified_gmt":"2019-06-27T10:56:23","slug":"el-cmc-acollira-un-acte-obert-sobre-el-projecte-docupacio-integrals-aquest-divendres-a-les-13h","status":"publish","type":"post","link":"https:\/\/bisbalpenedes.com\/web\/2019\/06\/27\/el-cmc-acollira-un-acte-obert-sobre-el-projecte-docupacio-integrals-aquest-divendres-a-les-13h\/","title":{"rendered":"El CMC acollir\u00e0 un acte obert sobre el projecte d&#8217;ocupaci\u00f3 Integra&#8217;ls aquest divendres a les 13h"},"content":{"rendered":"<p style=\"text-align: justify;\"><span style=\"color: #000000;\">Aquest divendres 28 de juny, a les 13h, l&#8217;Auditori Salb\u00e0 del Centre Municipal de Cultura acollir\u00e0 un acte de la Regidoria d&#8217;Ocupaci\u00f3 de l&#8217;Ajuntament de la Bisbal del Pened\u00e8s, la Federaci\u00f3 Empresarial del Gran Pened\u00e8s i la Fundaci\u00f3 Santa Teresa que servir\u00e0 per fer-vos cinc c\u00e8ntims del projecte, presentar les novetats i fer valoraci\u00f3 dels primers 6 mesos de vida d&#8217;Integra&#8217;ls, el projecte d&#8217;integraci\u00f3 laboral als pol\u00edgons industrials de la Bisbal pensat, espec\u00edficament, per a persones amb dificultats f\u00edsiques, intel\u00b7lectuals, mentals o socials.<\/span><\/p>\n<p style=\"text-align: justify;\"><span style=\"color: #000000;\">L&#8217;acte \u00e9s obert a tota la ciutadania.<\/span><\/p>\n<hr \/>\n<p style=\"text-align: justify;\"><span style=\"color: #000000;\"><strong>CASTELLANO |<\/strong> Este viernes 28 de junio, a las 13h, el Auditorio Salb\u00e0 del Centre Municipal de Cultura acoger\u00e1 un acto de la Concejal\u00eda de Ocupaci\u00f3n del Ayuntamiento de la Bisbal del Pened\u00e8s, la Federaci\u00f3 Empresarial del Gran Pened\u00e8s y la Fundaci\u00f3 Santa Teresa que servir\u00e1 para explicaros brevemente el proyecto, presentar las novedades y hacer valoraci\u00f3n de los primeros 6 meses de vida de Integra&#8217;ls, el proyecto de integraci\u00f3n laboral en los pol\u00edgonos industriales de la Bisbal pensado, espec\u00edficamente, para personas con dificultades f\u00edsicas, intelectuales, mentales o sociales.<\/span><\/p>\n<p style=\"text-align: justify;\"><span style=\"color: #000000;\">El acto es abierto a toda la ciudadan\u00eda.<\/span><\/p>\n","protected":false},"excerpt":{"rendered":"<p>Aquest divendres 28 de juny, a les 13h, l&#8217;Auditori Salb\u00e0 del Centre Municipal de Cultura acollir\u00e0 un acte de la Regidoria d&#8217;Ocupaci\u00f3 de l&#8217;Ajuntament de la Bisbal del Pened\u00e8s, la &hellip; <a href=\"https:\/\/bisbalpenedes.com\/web\/2019\/06\/27\/el-cmc-acollira-un-acte-obert-sobre-el-projecte-docupacio-integrals-aquest-divendres-a-les-13h\/\" class=\"more-link\">Read More<\/a><\/p>\n","protected":false},"author":4,"featured_media":8380,"comment_status":"closed","ping_status":"closed","sticky":false,"template":"","format":"standard","meta":[],"categories":[9],"tags":[3110,41,2616,10,2892,2623],"_links":{"self":[{"href":"https:\/\/bisbalpenedes.com\/web\/wp-json\/wp\/v2\/posts\/9938"}],"collection":[{"href":"https:\/\/bisbalpenedes.com\/web\/wp-json\/wp\/v2\/posts"}],"about":[{"href":"https:\/\/bisbalpenedes.com\/web\/wp-json\/wp\/v2\/types\/post"}],"author":[{"embeddable":true,"href":"https:\/\/bisbalpenedes.com\/web\/wp-json\/wp\/v2\/users\/4"}],"replies":[{"embeddable":true,"href":"https:\/\/bisbalpenedes.com\/web\/wp-json\/wp\/v2\/comments?post=9938"}],"version-history":[{"count":1,"href":"https:\/\/bisbalpenedes.com\/web\/wp-json\/wp\/v2\/posts\/9938\/revisions"}],"predecessor-version":[{"id":9939,"href":"https:\/\/bisbalpenedes.com\/web\/wp-json\/wp\/v2\/posts\/9938\/revisions\/9939"}],"wp:featuredmedia":[{"embeddable":true,"href":"https:\/\/bisbalpenedes.com\/web\/wp-json\/wp\/v2\/media\/8380"}],"wp:attachment":[{"href":"https:\/\/bisbalpenedes.com\/web\/wp-json\/wp\/v2\/media?parent=9938"}],"wp:term":[{"taxonomy":"category","embeddable":true,"href":"https:\/\/bisbalpenedes.com\/web\/wp-json\/wp\/v2\/categories?post=9938"},{"taxonomy":"post_tag","embeddable":true,"href":"https:\/\/bisbalpenedes.com\/web\/wp-json\/wp\/v2\/tags?post=9938"}],"curies":[{"name":"wp","href":"https:\/\/api.w.org\/{rel}","templated":true}]}}