{"id":9933,"date":"2019-06-27T11:32:19","date_gmt":"2019-06-27T10:32:19","guid":{"rendered":"http:\/\/bisbalpenedes.com\/web\/?p=9933"},"modified":"2019-06-27T11:32:56","modified_gmt":"2019-06-27T10:32:56","slug":"el-bisbalenc-gerard-romano-queda-segon-en-la-categoria-junior-de-la-pujada-a-la-serra-de-la-llacuna","status":"publish","type":"post","link":"https:\/\/bisbalpenedes.com\/web\/2019\/06\/27\/el-bisbalenc-gerard-romano-queda-segon-en-la-categoria-junior-de-la-pujada-a-la-serra-de-la-llacuna\/","title":{"rendered":"El bisbalenc Gerard Romano queda segon en la categoria Junior de la Pujada a la Serra de la Llacuna"},"content":{"rendered":"<p><a href=\"http:\/\/bisbalpenedes.com\/web\/wp-content\/uploads\/2019\/06\/file1-3-copia.jpeg\"><img loading=\"lazy\" class=\"aligncenter size-medium wp-image-9936\" src=\"http:\/\/bisbalpenedes.com\/web\/wp-content\/uploads\/2019\/06\/file1-3-copia-300x227.jpeg\" alt=\"gerard romano\" width=\"300\" height=\"227\" srcset=\"https:\/\/bisbalpenedes.com\/web\/wp-content\/uploads\/2019\/06\/file1-3-copia-300x227.jpeg 300w, https:\/\/bisbalpenedes.com\/web\/wp-content\/uploads\/2019\/06\/file1-3-copia-600x453.jpeg 600w, https:\/\/bisbalpenedes.com\/web\/wp-content\/uploads\/2019\/06\/file1-3-copia-768x580.jpeg 768w, https:\/\/bisbalpenedes.com\/web\/wp-content\/uploads\/2019\/06\/file1-3-copia-1024x774.jpeg 1024w, https:\/\/bisbalpenedes.com\/web\/wp-content\/uploads\/2019\/06\/file1-3-copia.jpeg 1129w\" sizes=\"(max-width: 300px) 100vw, 300px\" \/><\/a><\/p>\n<p><span style=\"font-size: 10pt; font-family: Verdana, sans-serif; color: #000000;\">El bisbalenc Gerard Romano ha quedat segon en la categoria Junior a la XVII Pujada a la Serra de la Llacuna que es va dur a terme a la carretera BP-2121, des de la fita 28,800 (sortida) fins a la fita 24,700. Es tracta de la 5\u00aa prova puntuable per al Campionat de Catalunya de Muntanya a trav\u00e9s de la Federaci\u00f3 Catalana d\u2019Automovilisme. Felicitats, Gerard!<\/span><\/p>\n<hr \/>\n<p><span style=\"font-size: 10pt; font-family: Verdana, sans-serif; color: #000000;\"><strong>CASTELLANO |<\/strong> El bisbalenc Gerard Romano ha quedado segundo en la categor\u00eda Junior en la XVII Subida a la Sierra de la Llacuna que se llev\u00f3 a cabo en la carretera BP-2121, desde el hito 28,800 (salida) hasta el hito 24,700. Se trata de la 5\u00aa prueba puntuable para el Campeonato de Catalunya de Monta\u00f1a a trav\u00e9s de la Federaci\u00f3 Catalana d\u2019Automovilisme. Felicidades, \u00a1Gerard!<\/span><\/p>\n<p><a href=\"http:\/\/bisbalpenedes.com\/web\/wp-content\/uploads\/2019\/06\/LLAC18.jpg\"><img loading=\"lazy\" class=\"aligncenter size-medium wp-image-9934\" src=\"http:\/\/bisbalpenedes.com\/web\/wp-content\/uploads\/2019\/06\/LLAC18-300x200.jpg\" alt=\"LLACUNA GERARD ROMANO\" width=\"300\" height=\"200\" srcset=\"https:\/\/bisbalpenedes.com\/web\/wp-content\/uploads\/2019\/06\/LLAC18-300x200.jpg 300w, https:\/\/bisbalpenedes.com\/web\/wp-content\/uploads\/2019\/06\/LLAC18-600x400.jpg 600w, https:\/\/bisbalpenedes.com\/web\/wp-content\/uploads\/2019\/06\/LLAC18-768x512.jpg 768w, https:\/\/bisbalpenedes.com\/web\/wp-content\/uploads\/2019\/06\/LLAC18-1024x683.jpg 1024w, https:\/\/bisbalpenedes.com\/web\/wp-content\/uploads\/2019\/06\/LLAC18.jpg 1920w\" sizes=\"(max-width: 300px) 100vw, 300px\" \/><\/a><\/p>\n<p>&nbsp;<\/p>\n","protected":false},"excerpt":{"rendered":"<p>El bisbalenc Gerard Romano ha quedat segon en la categoria Junior a la XVII Pujada a la Serra de la Llacuna que es va dur a terme a la carretera &hellip; <a href=\"https:\/\/bisbalpenedes.com\/web\/2019\/06\/27\/el-bisbalenc-gerard-romano-queda-segon-en-la-categoria-junior-de-la-pujada-a-la-serra-de-la-llacuna\/\" class=\"more-link\">Read More<\/a><\/p>\n","protected":false},"author":4,"featured_media":9934,"comment_status":"closed","ping_status":"closed","sticky":false,"template":"","format":"standard","meta":[],"categories":[2370,19],"tags":[3108,3109,3106,3107],"_links":{"self":[{"href":"https:\/\/bisbalpenedes.com\/web\/wp-json\/wp\/v2\/posts\/9933"}],"collection":[{"href":"https:\/\/bisbalpenedes.com\/web\/wp-json\/wp\/v2\/posts"}],"about":[{"href":"https:\/\/bisbalpenedes.com\/web\/wp-json\/wp\/v2\/types\/post"}],"author":[{"embeddable":true,"href":"https:\/\/bisbalpenedes.com\/web\/wp-json\/wp\/v2\/users\/4"}],"replies":[{"embeddable":true,"href":"https:\/\/bisbalpenedes.com\/web\/wp-json\/wp\/v2\/comments?post=9933"}],"version-history":[{"count":1,"href":"https:\/\/bisbalpenedes.com\/web\/wp-json\/wp\/v2\/posts\/9933\/revisions"}],"predecessor-version":[{"id":9937,"href":"https:\/\/bisbalpenedes.com\/web\/wp-json\/wp\/v2\/posts\/9933\/revisions\/9937"}],"wp:featuredmedia":[{"embeddable":true,"href":"https:\/\/bisbalpenedes.com\/web\/wp-json\/wp\/v2\/media\/9934"}],"wp:attachment":[{"href":"https:\/\/bisbalpenedes.com\/web\/wp-json\/wp\/v2\/media?parent=9933"}],"wp:term":[{"taxonomy":"category","embeddable":true,"href":"https:\/\/bisbalpenedes.com\/web\/wp-json\/wp\/v2\/categories?post=9933"},{"taxonomy":"post_tag","embeddable":true,"href":"https:\/\/bisbalpenedes.com\/web\/wp-json\/wp\/v2\/tags?post=9933"}],"curies":[{"name":"wp","href":"https:\/\/api.w.org\/{rel}","templated":true}]}}