{"id":9907,"date":"2019-06-26T10:19:21","date_gmt":"2019-06-26T09:19:21","guid":{"rendered":"http:\/\/bisbalpenedes.com\/web\/?p=9907"},"modified":"2019-06-26T10:19:21","modified_gmt":"2019-06-26T09:19:21","slug":"el-diumenge-30-de-juny-a-les-19h-gaudiu-de-la-pellicula-7-raons-per-fugir-al-cmc","status":"publish","type":"post","link":"https:\/\/bisbalpenedes.com\/web\/2019\/06\/26\/el-diumenge-30-de-juny-a-les-19h-gaudiu-de-la-pellicula-7-raons-per-fugir-al-cmc\/","title":{"rendered":"El diumenge 30 de juny a les 19h gaudiu de la pel\u00b7l\u00edcula \u20187 Raons per fugir\u2019 al CMC"},"content":{"rendered":"<p><span style=\"color: #000000;\">El diumenge 30 de juny, a les 19h, podreu veure la pel\u00b7l\u00edcula &#8216;7 Raons per fugir&#8217; al CMC.<\/span><\/p>\n<p><span style=\"color: #000000;\"><a style=\"color: #000000;\" href=\"http:\/\/bisbalpenedes.com\/web\/wp-content\/uploads\/2019\/05\/VISUAL_A3_7RAONS_LA_BISBAL_PENEDES.jpg\"><img loading=\"lazy\" class=\"aligncenter size-medium wp-image-9701\" src=\"http:\/\/bisbalpenedes.com\/web\/wp-content\/uploads\/2019\/05\/VISUAL_A3_7RAONS_LA_BISBAL_PENEDES-213x300.jpg\" alt=\"VISUAL_A3_7RAONS_LA_BISBAL_PENEDES\" width=\"213\" height=\"300\" srcset=\"https:\/\/bisbalpenedes.com\/web\/wp-content\/uploads\/2019\/05\/VISUAL_A3_7RAONS_LA_BISBAL_PENEDES-213x300.jpg 213w, https:\/\/bisbalpenedes.com\/web\/wp-content\/uploads\/2019\/05\/VISUAL_A3_7RAONS_LA_BISBAL_PENEDES-600x843.jpg 600w, https:\/\/bisbalpenedes.com\/web\/wp-content\/uploads\/2019\/05\/VISUAL_A3_7RAONS_LA_BISBAL_PENEDES-768x1080.jpg 768w, https:\/\/bisbalpenedes.com\/web\/wp-content\/uploads\/2019\/05\/VISUAL_A3_7RAONS_LA_BISBAL_PENEDES-728x1024.jpg 728w, https:\/\/bisbalpenedes.com\/web\/wp-content\/uploads\/2019\/05\/VISUAL_A3_7RAONS_LA_BISBAL_PENEDES.jpg 1146w\" sizes=\"(max-width: 213px) 100vw, 213px\" \/><\/a><\/span><\/p>\n<p><span style=\"text-decoration: underline; color: #000000;\"><strong>FITXA\u00a0T\u00c8CNICA<\/strong><\/span><\/p>\n<div class=\"wpb_text_column wpb_content_element \">\n<div class=\"wpb_wrapper\">\n<p><span style=\"color: #000000;\">Direcci\u00f3:\u00a0<strong>Esteve Soler, Gerard Quinto, David Torras<\/strong><\/span><\/p>\n<p><span style=\"color: #000000;\">Gui\u00f3:\u00a0<strong>Esteve Soler<\/strong><\/span><\/p>\n<p><span style=\"color: #000000;\">M\u00fasica:\u00a0<strong>Julie Reier<\/strong><\/span><\/p>\n<p><span style=\"color: #000000;\">Estrena:\u00a0<strong>Abril de 2019<\/strong><\/span><\/p>\n<p><span style=\"color: #000000;\">Durada:\u00a0<strong>75\u00a0min.<\/strong><\/span><\/p>\n<p><span style=\"color: #000000;\">G\u00e8nere:\u00a0<strong>Com\u00e8dia negra<\/strong><\/span><\/p>\n<p><span style=\"color: #000000;\">Versi\u00f3:\u00a0<strong>Original en catal\u00e0 i castell\u00e0<\/strong><\/span><\/p>\n<p><span style=\"color: #000000;\">Int\u00e8rprets:<\/span><br \/>\n<span style=\"color: #000000;\"> <strong>Emma Su\u00e1rez, Jordi S\u00e1nchez, Sergi L\u00f3pez, \u00c0lex Brendem\u00fchl, Aina Clotet, David Verdaguer, Vicky Pe\u00f1a, Alain Hern\u00e1ndez, Lola Due\u00f1as, Francesc Orella<\/strong><\/span><\/p>\n<\/div>\n<\/div>\n<p><span style=\"text-decoration: underline; color: #000000;\"><strong>SINOPSI<\/strong><\/span><\/p>\n<p><span style=\"color: #000000;\"><strong>7 raons per fugir \u00e9s una com\u00e8dia negra que critica \u00e0cidament la nostra societat partint de set hist\u00f2ries quotidianes amb personatges portats a l\u2019extrem de les seves circumst\u00e0ncies.<\/strong><\/span><\/p>\n<p><span style=\"color: #000000;\">Set hist\u00f2ries que barregen horror i com\u00e8dia. Set moments d\u2019humor negre tant estranys com pr\u00f2xims. Set visions surrealistes d\u2019una societat que no progressa, una societat disfuncional: la fam\u00edlia, la solidaritat, l\u2019ordre, la propietat, el treball, el progr\u00e9s i el comprom\u00eds.<\/span><\/p>\n<p><span style=\"color: #000000;\">Set\u00a0hist\u00f2ries d\u2019humor negre d\u2019una societat disfuncional.<\/span><\/p>\n<p><iframe loading=\"lazy\" src=\"https:\/\/www.youtube.com\/embed\/DqPEGTnVYZo\" width=\"560\" height=\"315\" frameborder=\"0\" allowfullscreen=\"allowfullscreen\"><\/iframe><\/p>\n<p><span style=\"color: #000000;\">El preu general de l\u2019entrada \u00e9s de 4,5\u20ac i s\u2019ofereix un preu redu\u00eft de 3\u20ac presentant el carnet de la Biblioteca Municipal de La Bisbal.<\/span><\/p>\n<p><span style=\"color: #000000;\">Quant a la recaptaci\u00f3, aquesta es destinar\u00e0 a l\u2019entitat del poble que s\u2019encarregui de gestionar la taquilla en cadascuna de les projeccions, en aquest cas els Geganters i Grallers de la Societat.<\/span><\/p>\n<hr \/>\n<p><span style=\"color: #000000;\"><strong>CASTELLANO |<\/strong> El domingo 30 de junio, a las 19h, podr\u00e9is ver la pel\u00edcula &#8216;7 Raons per fugir&#8217; en el CMC.<\/span><\/p>\n<p><span style=\"color: #000000;\"><a style=\"color: #000000;\" href=\"http:\/\/bisbalpenedes.com\/web\/wp-content\/uploads\/2019\/05\/VISUAL_A3_7RAONS_LA_BISBAL_PENEDES.jpg\"><img loading=\"lazy\" class=\"aligncenter size-medium wp-image-9701\" src=\"http:\/\/bisbalpenedes.com\/web\/wp-content\/uploads\/2019\/05\/VISUAL_A3_7RAONS_LA_BISBAL_PENEDES-213x300.jpg\" alt=\"VISUAL_A3_7RAONS_LA_BISBAL_PENEDES\" width=\"213\" height=\"300\" srcset=\"https:\/\/bisbalpenedes.com\/web\/wp-content\/uploads\/2019\/05\/VISUAL_A3_7RAONS_LA_BISBAL_PENEDES-213x300.jpg 213w, https:\/\/bisbalpenedes.com\/web\/wp-content\/uploads\/2019\/05\/VISUAL_A3_7RAONS_LA_BISBAL_PENEDES-600x843.jpg 600w, https:\/\/bisbalpenedes.com\/web\/wp-content\/uploads\/2019\/05\/VISUAL_A3_7RAONS_LA_BISBAL_PENEDES-768x1080.jpg 768w, https:\/\/bisbalpenedes.com\/web\/wp-content\/uploads\/2019\/05\/VISUAL_A3_7RAONS_LA_BISBAL_PENEDES-728x1024.jpg 728w, https:\/\/bisbalpenedes.com\/web\/wp-content\/uploads\/2019\/05\/VISUAL_A3_7RAONS_LA_BISBAL_PENEDES.jpg 1146w\" sizes=\"(max-width: 213px) 100vw, 213px\" \/><\/a><\/span><\/p>\n<p><span style=\"text-decoration: underline; color: #000000;\"><strong>FICHA\u00a0T\u00c9CNICA<\/strong><\/span><\/p>\n<div class=\"wpb_text_column wpb_content_element \">\n<div class=\"wpb_wrapper\">\n<p><span style=\"color: #000000;\">Direcci\u00f3n:\u00a0<strong>Esteve Soler, Gerard Quinto, David Torras<\/strong><\/span><\/p>\n<p><span style=\"color: #000000;\">Gui\u00f3n:\u00a0<strong>Esteve Soler<\/strong><\/span><\/p>\n<p><span style=\"color: #000000;\">M\u00fasica:\u00a0<strong>Julie Reier<\/strong><\/span><\/p>\n<p><span style=\"color: #000000;\">Estreno:\u00a0<strong>Abril de 2019<\/strong><\/span><\/p>\n<p><span style=\"color: #000000;\">Duraci\u00f3n:\u00a0<strong>75\u00a0min.<\/strong><\/span><\/p>\n<p><span style=\"color: #000000;\">G\u00e9nero:\u00a0<strong>Com\u00e8dia negra<\/strong><\/span><\/p>\n<p><span style=\"color: #000000;\">Versi\u00f3n:\u00a0<strong>Original en catal\u00e0 i castell\u00e0<\/strong><\/span><\/p>\n<p><span style=\"color: #000000;\">Int\u00e9rpretes:<\/span><br \/>\n<span style=\"color: #000000;\"> <strong>Emma Su\u00e1rez, Jordi S\u00e1nchez, Sergi L\u00f3pez, \u00c0lex Brendem\u00fchl, Aina Clotet, David Verdaguer, Vicky Pe\u00f1a, Alain Hern\u00e1ndez, Lola Due\u00f1as, Francesc Orella<\/strong><\/span><\/p>\n<p><span style=\"text-decoration: underline; color: #000000;\"><strong>SINOPSIS<\/strong><\/span><\/p>\n<p><span style=\"color: #000000;\"><strong>7 raons per fugir es una comedia negra que critica \u00e1cidamente nuestra sociedad partiendo de siete historias cotidianas con personajes llevados al extremo de sus circunstancias.<\/strong><\/span><\/p>\n<p><span style=\"color: #000000;\">Siete historias que mezclan horror y comedia. Siete momentos de humor negro tan extra\u00f1os como pr\u00f3ximos. Siete visiones surrealistas de una sociedad que no progresa, una sociedad disfuncional: la familia, la solidaridad, el orden, la propiedad, el trabajo, el progreso y el compromiso.<\/span><\/p>\n<p><span style=\"color: #000000;\">Siete historias de humor negro de una sociedad disfuncional.<\/span><br \/>\n<iframe loading=\"lazy\" src=\"https:\/\/www.youtube.com\/embed\/DqPEGTnVYZo\" width=\"560\" height=\"315\" frameborder=\"0\" allowfullscreen=\"allowfullscreen\"><\/iframe><\/p>\n<\/div>\n<p><span style=\"color: #000000;\">El precio general de la entrada es de 4,5\u20ac y se ofrece un precio reducido de 3\u20ac presentando el carn\u00e9 de la Biblioteca Municipal de la Bisbal.<\/span><\/p>\n<p><span style=\"color: #000000;\">En cuanto a la recaudaci\u00f3n, esta se destinar\u00e1 a la entidad del municipio que se encargue de gestionar la taquilla en cada una de las proyecciones, en este caso los Geganters i grallers de la Societat<\/span><\/p>\n<\/div>\n","protected":false},"excerpt":{"rendered":"<p>El diumenge 30 de juny, a les 19h, podreu veure la pel\u00b7l\u00edcula &#8216;7 Raons per fugir&#8217; al CMC. FITXA\u00a0T\u00c8CNICA Direcci\u00f3:\u00a0Esteve Soler, Gerard Quinto, David Torras Gui\u00f3:\u00a0Esteve Soler M\u00fasica:\u00a0Julie Reier Estrena:\u00a0Abril &hellip; <a href=\"https:\/\/bisbalpenedes.com\/web\/2019\/06\/26\/el-diumenge-30-de-juny-a-les-19h-gaudiu-de-la-pellicula-7-raons-per-fugir-al-cmc\/\" class=\"more-link\">Read More<\/a><\/p>\n","protected":false},"author":4,"featured_media":9701,"comment_status":"closed","ping_status":"closed","sticky":false,"template":"","format":"standard","meta":[],"categories":[13],"tags":[3054,308,307,771],"_links":{"self":[{"href":"https:\/\/bisbalpenedes.com\/web\/wp-json\/wp\/v2\/posts\/9907"}],"collection":[{"href":"https:\/\/bisbalpenedes.com\/web\/wp-json\/wp\/v2\/posts"}],"about":[{"href":"https:\/\/bisbalpenedes.com\/web\/wp-json\/wp\/v2\/types\/post"}],"author":[{"embeddable":true,"href":"https:\/\/bisbalpenedes.com\/web\/wp-json\/wp\/v2\/users\/4"}],"replies":[{"embeddable":true,"href":"https:\/\/bisbalpenedes.com\/web\/wp-json\/wp\/v2\/comments?post=9907"}],"version-history":[{"count":1,"href":"https:\/\/bisbalpenedes.com\/web\/wp-json\/wp\/v2\/posts\/9907\/revisions"}],"predecessor-version":[{"id":9908,"href":"https:\/\/bisbalpenedes.com\/web\/wp-json\/wp\/v2\/posts\/9907\/revisions\/9908"}],"wp:featuredmedia":[{"embeddable":true,"href":"https:\/\/bisbalpenedes.com\/web\/wp-json\/wp\/v2\/media\/9701"}],"wp:attachment":[{"href":"https:\/\/bisbalpenedes.com\/web\/wp-json\/wp\/v2\/media?parent=9907"}],"wp:term":[{"taxonomy":"category","embeddable":true,"href":"https:\/\/bisbalpenedes.com\/web\/wp-json\/wp\/v2\/categories?post=9907"},{"taxonomy":"post_tag","embeddable":true,"href":"https:\/\/bisbalpenedes.com\/web\/wp-json\/wp\/v2\/tags?post=9907"}],"curies":[{"name":"wp","href":"https:\/\/api.w.org\/{rel}","templated":true}]}}