{"id":9901,"date":"2019-06-26T09:33:46","date_gmt":"2019-06-26T08:33:46","guid":{"rendered":"http:\/\/bisbalpenedes.com\/web\/?p=9901"},"modified":"2019-06-26T09:37:00","modified_gmt":"2019-06-26T08:37:00","slug":"lajuntament-tira-endavant-una-consulta-publica-sobre-les-prestacions-economiques-que-tenen-la-finalitat-datendre-situacions-de-necessitats-puntuals-urgents-i-basiques-de-susbsisten","status":"publish","type":"post","link":"https:\/\/bisbalpenedes.com\/web\/2019\/06\/26\/lajuntament-tira-endavant-una-consulta-publica-sobre-les-prestacions-economiques-que-tenen-la-finalitat-datendre-situacions-de-necessitats-puntuals-urgents-i-basiques-de-susbsisten\/","title":{"rendered":"L\u2019Ajuntament tira endavant una consulta p\u00fablica sobre les prestacions econ\u00f2miques que tenen la finalitat d\u2019atendre situacions de necessitats puntuals, urgents i b\u00e0siques, de subsist\u00e8ncia"},"content":{"rendered":"<p style=\"text-align: justify;\"><span style=\"color: #000000;\">L\u2019Ajuntament de la Bisbal del Pened\u00e8s tira endavant una consulta amb l\u2019objectiu de regular les prestacions econ\u00f2miques per atendre necessitats puntuals, urgents i b\u00e0siques de subsist\u00e8ncia.<\/span><\/p>\n<p style=\"text-align: justify;\"><span style=\"color: #000000;\">Tenint en compte l\u2019article 133.1 de la Llei 39\/2015 de l\u20191 d\u2019octubre del procediment administratiu com\u00fa de les Administracions P\u00fabliques i amb l\u2019objectiu de millorar la participaci\u00f3 dels ciutadans en el procediment d\u2019elaboraci\u00f3 de normes amb car\u00e0cter previ a l\u2019elaboraci\u00f3 del projecte de modificaci\u00f3 del Reglament que regula les prestacions econ\u00f2miques que tenen la finalitat d\u2019atendre situacions de necessitats puntuals, urgents i b\u00e0siques, de subsist\u00e8ncia i el seu procediment de concessi\u00f3, l\u2019Ajuntament de la Bisbal del Pened\u00e8s tira endavant una consulta p\u00fablica a trav\u00e9s del portal web\u00a0<a style=\"color: #000000;\" href=\"http:\/\/bisbalpenedes.com\/web\/consulta-publica\/\">http:\/\/bisbalpenedes.com\/web\/consulta-publica\/<\/a>\u00a0amb l\u2019objectiu de recollir l\u2019opini\u00f3 dels ciutadans i organitzacions m\u00e9s representatives potencialment afectades per la futura norma. Podeu participar en la consulta p\u00fablica accedint a l\u2019<a style=\"color: #000000;\" href=\"http:\/\/bisbalpenedes.com\/web\/consulta-publica\/\">enlla\u00e7<\/a>\u00a0anteriorment citat.<\/span><\/p>\n<p style=\"text-align: justify;\"><span style=\"color: #000000;\"><strong>\u00a0<\/strong><\/span><\/p>\n<p style=\"text-align: justify;\"><span style=\"color: #000000;\"><strong>CASTELLANO |<\/strong>\u00a0El Ayuntamiento de la Bisbal del Pened\u00e8s lleva a cabo una consulta con el objetivo de regular las prestaciones econ\u00f3micas para atender necesidades puntuales, urgentes y b\u00e1sicas de subsistencia.<\/span><\/p>\n<p style=\"text-align: justify;\"><span style=\"color: #000000;\">Teniendo en cuenta el art\u00edculo 133.1 de la Ley 39\/2015, del 1 de octubre del procedimiento administrativo com\u00fan de las Administraciones P\u00fablicas y con el objetivo de mejorar la participaci\u00f3n de los ciudadanos en el procedimiento de elaboraci\u00f3n de normas con car\u00e1cter previo a la elaboraci\u00f3n del proyecto de modificaci\u00f3n del Reglamento que regula las prestaciones econ\u00f3micas que tienen la finalidad de atender situaciones de necesidades puntuales, urgentes y b\u00e1sicas, de subsistencia y su procedimiento de concesi\u00f3n, el Ayuntamiento de la Bisbal del Pened\u00e8s lleva a cabo una consulta p\u00fablica a trav\u00e9s del portal web\u00a0<a style=\"color: #000000;\" href=\"http:\/\/bisbalpenedes.com\/web\/consulta-publica\/\">http:\/\/bisbalpenedes.com\/web\/consulta-publica\/<\/a>\u00a0con el objetivo de recoger la opini\u00f3n de los ciudadanos y las organizaciones m\u00e1s representativas potencialmente afectadas por la futura norma. Pod\u00e9is participar en la consulta p\u00fablica accediendo al\u00a0<a style=\"color: #000000;\" href=\"http:\/\/bisbalpenedes.com\/web\/consulta-publica\/\">enlace<\/a>\u00a0anteriormente citado.<\/span><\/p>\n<p>&nbsp;<\/p>\n","protected":false},"excerpt":{"rendered":"<p>L\u2019Ajuntament de la Bisbal del Pened\u00e8s tira endavant una consulta amb l\u2019objectiu de regular les prestacions econ\u00f2miques per atendre necessitats puntuals, urgents i b\u00e0siques de subsist\u00e8ncia. Tenint en compte l\u2019article &hellip; <a href=\"https:\/\/bisbalpenedes.com\/web\/2019\/06\/26\/lajuntament-tira-endavant-una-consulta-publica-sobre-les-prestacions-economiques-que-tenen-la-finalitat-datendre-situacions-de-necessitats-puntuals-urgents-i-basiques-de-susbsisten\/\" class=\"more-link\">Read More<\/a><\/p>\n","protected":false},"author":4,"featured_media":2174,"comment_status":"closed","ping_status":"closed","sticky":false,"template":"","format":"standard","meta":[],"categories":[3099],"tags":[3096,3101,3100],"_links":{"self":[{"href":"https:\/\/bisbalpenedes.com\/web\/wp-json\/wp\/v2\/posts\/9901"}],"collection":[{"href":"https:\/\/bisbalpenedes.com\/web\/wp-json\/wp\/v2\/posts"}],"about":[{"href":"https:\/\/bisbalpenedes.com\/web\/wp-json\/wp\/v2\/types\/post"}],"author":[{"embeddable":true,"href":"https:\/\/bisbalpenedes.com\/web\/wp-json\/wp\/v2\/users\/4"}],"replies":[{"embeddable":true,"href":"https:\/\/bisbalpenedes.com\/web\/wp-json\/wp\/v2\/comments?post=9901"}],"version-history":[{"count":2,"href":"https:\/\/bisbalpenedes.com\/web\/wp-json\/wp\/v2\/posts\/9901\/revisions"}],"predecessor-version":[{"id":9903,"href":"https:\/\/bisbalpenedes.com\/web\/wp-json\/wp\/v2\/posts\/9901\/revisions\/9903"}],"wp:featuredmedia":[{"embeddable":true,"href":"https:\/\/bisbalpenedes.com\/web\/wp-json\/wp\/v2\/media\/2174"}],"wp:attachment":[{"href":"https:\/\/bisbalpenedes.com\/web\/wp-json\/wp\/v2\/media?parent=9901"}],"wp:term":[{"taxonomy":"category","embeddable":true,"href":"https:\/\/bisbalpenedes.com\/web\/wp-json\/wp\/v2\/categories?post=9901"},{"taxonomy":"post_tag","embeddable":true,"href":"https:\/\/bisbalpenedes.com\/web\/wp-json\/wp\/v2\/tags?post=9901"}],"curies":[{"name":"wp","href":"https:\/\/api.w.org\/{rel}","templated":true}]}}