{"id":9890,"date":"2019-06-25T12:28:58","date_gmt":"2019-06-25T11:28:58","guid":{"rendered":"http:\/\/bisbalpenedes.com\/web\/?p=9890"},"modified":"2019-06-25T12:28:58","modified_gmt":"2019-06-25T11:28:58","slug":"nomenament-dels-membres-que-formaran-part-de-la-junta-de-govern-local-aquest-mandat","status":"publish","type":"post","link":"https:\/\/bisbalpenedes.com\/web\/2019\/06\/25\/nomenament-dels-membres-que-formaran-part-de-la-junta-de-govern-local-aquest-mandat\/","title":{"rendered":"Nomenament dels membres que formaran part de la Junta de Govern Local aquest mandat"},"content":{"rendered":"<p><span style=\"color: #000000;\">El passat divendres 21 de juny, l&#8217;alcaldessa Agn\u00e8s Ferr\u00e9 va signar el Decret d&#8217;alcaldia de nomenament dels membres que formaran part de la Junta de Govern Local en aquest mandat.\u00a0<\/span><\/p>\n<p><span style=\"color: #000000;\">Els regidors\u00a0Judith Vidal, Leo Uceda i F\u00e9lix Villaz\u00e1n han estat nomenats membres de la Junta de Govern Local.<\/span><\/p>\n<p><span style=\"color: #000000;\">Tamb\u00e9 formen part de la Junta l&#8217;alcaldessa Agn\u00e8s Ferr\u00e9 i la secret\u00e0ria municipal.<\/span><\/p>\n<hr \/>\n<p><span style=\"color: #000000;\"><strong>CASTELLANO |<\/strong> El pasado viernes 21 de junio, la alcaldesa Agn\u00e8s Ferr\u00e9 firm\u00f3 el Decreto de alcald\u00eda de nombramiento de los miembros que formar\u00e1n parte de la Junta de Gobierno Local en este mandato.<\/span><\/p>\n<p><span style=\"color: #000000;\">Los concejales Judith Vidal, Leo Uceda y F\u00e9lix Villaz\u00e1n han sido nombrados miembros de la Junta de Gobierno Local.<\/span><\/p>\n<p><span style=\"color: #000000;\">Tambi\u00e9n forman parte de la Junta la alcaldesa Agn\u00e8s Ferr\u00e9 y la secretaria municipal.<\/span><\/p>\n","protected":false},"excerpt":{"rendered":"<p>El passat divendres 21 de juny, l&#8217;alcaldessa Agn\u00e8s Ferr\u00e9 va signar el Decret d&#8217;alcaldia de nomenament dels membres que formaran part de la Junta de Govern Local en aquest mandat.\u00a0 &hellip; <a href=\"https:\/\/bisbalpenedes.com\/web\/2019\/06\/25\/nomenament-dels-membres-que-formaran-part-de-la-junta-de-govern-local-aquest-mandat\/\" class=\"more-link\">Read More<\/a><\/p>\n","protected":false},"author":4,"featured_media":7089,"comment_status":"closed","ping_status":"closed","sticky":false,"template":"","format":"standard","meta":[],"categories":[3085],"tags":[1091,686],"_links":{"self":[{"href":"https:\/\/bisbalpenedes.com\/web\/wp-json\/wp\/v2\/posts\/9890"}],"collection":[{"href":"https:\/\/bisbalpenedes.com\/web\/wp-json\/wp\/v2\/posts"}],"about":[{"href":"https:\/\/bisbalpenedes.com\/web\/wp-json\/wp\/v2\/types\/post"}],"author":[{"embeddable":true,"href":"https:\/\/bisbalpenedes.com\/web\/wp-json\/wp\/v2\/users\/4"}],"replies":[{"embeddable":true,"href":"https:\/\/bisbalpenedes.com\/web\/wp-json\/wp\/v2\/comments?post=9890"}],"version-history":[{"count":1,"href":"https:\/\/bisbalpenedes.com\/web\/wp-json\/wp\/v2\/posts\/9890\/revisions"}],"predecessor-version":[{"id":9891,"href":"https:\/\/bisbalpenedes.com\/web\/wp-json\/wp\/v2\/posts\/9890\/revisions\/9891"}],"wp:featuredmedia":[{"embeddable":true,"href":"https:\/\/bisbalpenedes.com\/web\/wp-json\/wp\/v2\/media\/7089"}],"wp:attachment":[{"href":"https:\/\/bisbalpenedes.com\/web\/wp-json\/wp\/v2\/media?parent=9890"}],"wp:term":[{"taxonomy":"category","embeddable":true,"href":"https:\/\/bisbalpenedes.com\/web\/wp-json\/wp\/v2\/categories?post=9890"},{"taxonomy":"post_tag","embeddable":true,"href":"https:\/\/bisbalpenedes.com\/web\/wp-json\/wp\/v2\/tags?post=9890"}],"curies":[{"name":"wp","href":"https:\/\/api.w.org\/{rel}","templated":true}]}}