{"id":9884,"date":"2019-06-25T09:49:28","date_gmt":"2019-06-25T08:49:28","guid":{"rendered":"http:\/\/bisbalpenedes.com\/web\/?p=9884"},"modified":"2019-06-26T11:21:27","modified_gmt":"2019-06-26T10:21:27","slug":"aquest-divendres-28-de-juny-a-les-22h-gaudiu-del-liceu-a-la-fresca","status":"publish","type":"post","link":"https:\/\/bisbalpenedes.com\/web\/2019\/06\/25\/aquest-divendres-28-de-juny-a-les-22h-gaudiu-del-liceu-a-la-fresca\/","title":{"rendered":"El divendres 28 de juny a les 22h gaudiu del Liceu a la Fresca"},"content":{"rendered":"<p style=\"text-align: justify;\"><span style=\"color: #000000;\">Aquest divendres\u00a028 de juny, a les 22h, podreu gaudir de l\u2019\u00f2pera \u201cTosca\u201d, del compositor Puccini. L&#8217;obra es projectar\u00e0 a la fresca i en pantalla gran, a la Pla\u00e7a Pau Casals (la pista) amb acc\u00e9s lliure i gratu\u00eft. L\u2019\u00f2pera tindr\u00e0 una durada aproximada de 2 hores i 40 minuts i durant l\u2019entreacte, de 30 minuts, s\u2019oferir\u00e0 coca i cava als assistents.<\/span><\/p>\n<p style=\"text-align: justify;\"><span style=\"color: #000000;\">Tosca \u00e9s una \u00f2pera en tres actes, escrita per Giacomo Puccini amb llibret de Luigi Illica i Giuseppe Giacosa i estrenada per primera vegada el 14 de gener de 1900, al Teatro Costanzi de Roma. Dos anys m\u00e9s tard, el 1902, arribaria la seva estrena al Liceu, on s\u2019ha representat m\u00e9s de 150 vegades, indret\u00a0on aquest mes es presentar\u00e0 de nou amb un muntatge de la m\u00e0 de Paco Azor\u00edn, escrupolosament fidel a l\u2019original i amb un repartiment brillant.<\/span><\/p>\n<p style=\"text-align: justify;\"><span style=\"color: #000000;\">Viure per l\u2019art i morir per l\u2019amor s\u00f3n les dues constants de Tosca, el triangle visceral perfecte entre Cavaradossi, Tosca i Scarpia, en el context dels temps convulsos de la Roma enva\u00efda per Napole\u00f3. Odi, amor, passi\u00f3, viol\u00e8ncia i religi\u00f3 van de bracet en aquesta obra mestra, una de les m\u00e9s celebres i representades del repertori itali\u00e0.<\/span><\/p>\n<p style=\"text-align: center;\"><iframe loading=\"lazy\" src=\"https:\/\/www.youtube.com\/embed\/nq-wgtxYQ4w\" width=\"560\" height=\"315\" frameborder=\"0\" allowfullscreen=\"allowfullscreen\"><\/iframe><\/p>\n<hr \/>\n<p style=\"text-align: justify;\"><span style=\"color: #000000;\"><strong>CASTELLANO |<\/strong> Este viernes 28 de junio, a las 22h, podr\u00e9is disfrutar de la \u00f3pera &#8220;Tosca&#8221;, del compositor Puccini. La obra se proyectar\u00e1 al fresco de la noche y en pantalla grande, en la Pla\u00e7a Pau Casals (la pista) con acceso libre y gratuito. La \u00f3pera tendr\u00e1 una duraci\u00f3n aproximada de 2 horas y 40 minutos y durante el entreacto, de 30 minutos, se ofrecer\u00e1 coca y cava a los asistentes.<\/span><\/p>\n<p style=\"text-align: justify;\"><span style=\"color: #000000;\">Tosca es una \u00f3pera en tres actos, escrita por Giacomo Puccini con libreto\u00a0de Luigi Illica y Giuseppe Giacosa y estrenada por primera vez el 14 de enero del 1900, en el Teatro Costanzi de Roma. Dos a\u00f1os m\u00e1s tarde, en 1902, llegar\u00eda su estreno al Liceo, donde se ha representado m\u00e1s de 150 veces, lugar donde este mes se presentar\u00e1 de nuevo con un montaje de la mano de Paco Azor\u00edn, escrupulosamente fiel al original y con un reparto brillante.<\/span><\/p>\n<p style=\"text-align: justify;\"><span style=\"color: #000000;\">Vivir por el arte y morir por el amor son dos de las constantes de Tosca, el tri\u00e1ngulo visceral perfecto entre Cavaradossi, Tosca y Scarpia, en el contexto de los tiempos convulsos de la Roma invadida por Napole\u00f3n. Odio, amor, pasi\u00f3n, violencia y religi\u00f3n van de la mano en esta obra maestra, una de las m\u00e1s c\u00e9lebres y representadas del repertorio italiano.<\/span><\/p>\n<p><a href=\"http:\/\/bisbalpenedes.com\/web\/wp-content\/uploads\/2019\/06\/LICEU-FRESCA-2019.jpg\"><img loading=\"lazy\" class=\"aligncenter size-large wp-image-9885\" src=\"http:\/\/bisbalpenedes.com\/web\/wp-content\/uploads\/2019\/06\/LICEU-FRESCA-2019-724x1024.jpg\" alt=\"LICEU-FRESCA-2019\" width=\"630\" height=\"891\" srcset=\"https:\/\/bisbalpenedes.com\/web\/wp-content\/uploads\/2019\/06\/LICEU-FRESCA-2019-724x1024.jpg 724w, https:\/\/bisbalpenedes.com\/web\/wp-content\/uploads\/2019\/06\/LICEU-FRESCA-2019-600x848.jpg 600w, https:\/\/bisbalpenedes.com\/web\/wp-content\/uploads\/2019\/06\/LICEU-FRESCA-2019-212x300.jpg 212w, https:\/\/bisbalpenedes.com\/web\/wp-content\/uploads\/2019\/06\/LICEU-FRESCA-2019-768x1086.jpg 768w, https:\/\/bisbalpenedes.com\/web\/wp-content\/uploads\/2019\/06\/LICEU-FRESCA-2019.jpg 1169w\" sizes=\"(max-width: 630px) 100vw, 630px\" \/><\/a><\/p>\n<p>&nbsp;<\/p>\n<p>&nbsp;<\/p>\n","protected":false},"excerpt":{"rendered":"<p>Aquest divendres\u00a028 de juny, a les 22h, podreu gaudir de l\u2019\u00f2pera \u201cTosca\u201d, del compositor Puccini. L&#8217;obra es projectar\u00e0 a la fresca i en pantalla gran, a la Pla\u00e7a Pau Casals &hellip; <a href=\"https:\/\/bisbalpenedes.com\/web\/2019\/06\/25\/aquest-divendres-28-de-juny-a-les-22h-gaudiu-del-liceu-a-la-fresca\/\" class=\"more-link\">Read More<\/a><\/p>\n","protected":false},"author":4,"featured_media":9885,"comment_status":"closed","ping_status":"closed","sticky":false,"template":"","format":"standard","meta":[],"categories":[13],"tags":[1198,3093,562,3092,3094,3095],"_links":{"self":[{"href":"https:\/\/bisbalpenedes.com\/web\/wp-json\/wp\/v2\/posts\/9884"}],"collection":[{"href":"https:\/\/bisbalpenedes.com\/web\/wp-json\/wp\/v2\/posts"}],"about":[{"href":"https:\/\/bisbalpenedes.com\/web\/wp-json\/wp\/v2\/types\/post"}],"author":[{"embeddable":true,"href":"https:\/\/bisbalpenedes.com\/web\/wp-json\/wp\/v2\/users\/4"}],"replies":[{"embeddable":true,"href":"https:\/\/bisbalpenedes.com\/web\/wp-json\/wp\/v2\/comments?post=9884"}],"version-history":[{"count":3,"href":"https:\/\/bisbalpenedes.com\/web\/wp-json\/wp\/v2\/posts\/9884\/revisions"}],"predecessor-version":[{"id":9913,"href":"https:\/\/bisbalpenedes.com\/web\/wp-json\/wp\/v2\/posts\/9884\/revisions\/9913"}],"wp:featuredmedia":[{"embeddable":true,"href":"https:\/\/bisbalpenedes.com\/web\/wp-json\/wp\/v2\/media\/9885"}],"wp:attachment":[{"href":"https:\/\/bisbalpenedes.com\/web\/wp-json\/wp\/v2\/media?parent=9884"}],"wp:term":[{"taxonomy":"category","embeddable":true,"href":"https:\/\/bisbalpenedes.com\/web\/wp-json\/wp\/v2\/categories?post=9884"},{"taxonomy":"post_tag","embeddable":true,"href":"https:\/\/bisbalpenedes.com\/web\/wp-json\/wp\/v2\/tags?post=9884"}],"curies":[{"name":"wp","href":"https:\/\/api.w.org\/{rel}","templated":true}]}}