{"id":9881,"date":"2019-06-25T09:28:02","date_gmt":"2019-06-25T08:28:02","guid":{"rendered":"http:\/\/bisbalpenedes.com\/web\/?p=9881"},"modified":"2019-06-25T09:28:02","modified_gmt":"2019-06-25T08:28:02","slug":"nou-horari-de-loficina-daqualia-a-la-bisbal-del-penedes-a-partir-de-l1-de-juliol","status":"publish","type":"post","link":"https:\/\/bisbalpenedes.com\/web\/2019\/06\/25\/nou-horari-de-loficina-daqualia-a-la-bisbal-del-penedes-a-partir-de-l1-de-juliol\/","title":{"rendered":"Nou horari de l&#8217;oficina d&#8217;Aqualia a la Bisbal del Pened\u00e8s (a partir de l&#8217;1 de juliol)"},"content":{"rendered":"<p>A partir de l&#8217;1 de juliol de 2019, l&#8217;oficina d&#8217;atenci\u00f3 al client del <a href=\"http:\/\/www.aqualia.com\/labisbaldelpenedes\">Servei Municipal d&#8217;Aig\u00fces<\/a> romandr\u00e0 oberta els dimecres i els divendres de 10 a 13h.<\/p>\n<hr \/>\n<p>A partir del 1 de julio del 2019, la oficina de atenci\u00f3n al cliente del <a href=\"http:\/\/www.aqualia.com\/labisbaldelpenedes\">Servicio Municipal de Aguas<\/a> estar\u00e1 abierta los mi\u00e9rcoles y los viernes de 10 a 13h.<\/p>\n<p><a href=\"http:\/\/bisbalpenedes.com\/web\/wp-content\/uploads\/2019\/06\/Nou-horari-oficina-Bisbal-a-partir-del-01-07-19-AQUALIA_page-0001.jpg\"><img loading=\"lazy\" class=\"aligncenter size-large wp-image-9882\" src=\"http:\/\/bisbalpenedes.com\/web\/wp-content\/uploads\/2019\/06\/Nou-horari-oficina-Bisbal-a-partir-del-01-07-19-AQUALIA_page-0001-724x1024.jpg\" alt=\"Nou horari oficina Bisbal a partir del 01-07-19 AQUALIA_page-0001\" width=\"630\" height=\"891\" srcset=\"https:\/\/bisbalpenedes.com\/web\/wp-content\/uploads\/2019\/06\/Nou-horari-oficina-Bisbal-a-partir-del-01-07-19-AQUALIA_page-0001-724x1024.jpg 724w, https:\/\/bisbalpenedes.com\/web\/wp-content\/uploads\/2019\/06\/Nou-horari-oficina-Bisbal-a-partir-del-01-07-19-AQUALIA_page-0001-600x849.jpg 600w, https:\/\/bisbalpenedes.com\/web\/wp-content\/uploads\/2019\/06\/Nou-horari-oficina-Bisbal-a-partir-del-01-07-19-AQUALIA_page-0001-212x300.jpg 212w, https:\/\/bisbalpenedes.com\/web\/wp-content\/uploads\/2019\/06\/Nou-horari-oficina-Bisbal-a-partir-del-01-07-19-AQUALIA_page-0001-768x1087.jpg 768w, https:\/\/bisbalpenedes.com\/web\/wp-content\/uploads\/2019\/06\/Nou-horari-oficina-Bisbal-a-partir-del-01-07-19-AQUALIA_page-0001.jpg 1240w\" sizes=\"(max-width: 630px) 100vw, 630px\" \/><\/a><\/p>\n","protected":false},"excerpt":{"rendered":"<p>A partir de l&#8217;1 de juliol de 2019, l&#8217;oficina d&#8217;atenci\u00f3 al client del Servei Municipal d&#8217;Aig\u00fces romandr\u00e0 oberta els dimecres i els divendres de 10 a 13h. A partir del &hellip; <a href=\"https:\/\/bisbalpenedes.com\/web\/2019\/06\/25\/nou-horari-de-loficina-daqualia-a-la-bisbal-del-penedes-a-partir-de-l1-de-juliol\/\" class=\"more-link\">Read More<\/a><\/p>\n","protected":false},"author":4,"featured_media":9882,"comment_status":"closed","ping_status":"closed","sticky":false,"template":"","format":"standard","meta":[],"categories":[2238],"tags":[161,649,784,2922],"_links":{"self":[{"href":"https:\/\/bisbalpenedes.com\/web\/wp-json\/wp\/v2\/posts\/9881"}],"collection":[{"href":"https:\/\/bisbalpenedes.com\/web\/wp-json\/wp\/v2\/posts"}],"about":[{"href":"https:\/\/bisbalpenedes.com\/web\/wp-json\/wp\/v2\/types\/post"}],"author":[{"embeddable":true,"href":"https:\/\/bisbalpenedes.com\/web\/wp-json\/wp\/v2\/users\/4"}],"replies":[{"embeddable":true,"href":"https:\/\/bisbalpenedes.com\/web\/wp-json\/wp\/v2\/comments?post=9881"}],"version-history":[{"count":1,"href":"https:\/\/bisbalpenedes.com\/web\/wp-json\/wp\/v2\/posts\/9881\/revisions"}],"predecessor-version":[{"id":9883,"href":"https:\/\/bisbalpenedes.com\/web\/wp-json\/wp\/v2\/posts\/9881\/revisions\/9883"}],"wp:featuredmedia":[{"embeddable":true,"href":"https:\/\/bisbalpenedes.com\/web\/wp-json\/wp\/v2\/media\/9882"}],"wp:attachment":[{"href":"https:\/\/bisbalpenedes.com\/web\/wp-json\/wp\/v2\/media?parent=9881"}],"wp:term":[{"taxonomy":"category","embeddable":true,"href":"https:\/\/bisbalpenedes.com\/web\/wp-json\/wp\/v2\/categories?post=9881"},{"taxonomy":"post_tag","embeddable":true,"href":"https:\/\/bisbalpenedes.com\/web\/wp-json\/wp\/v2\/tags?post=9881"}],"curies":[{"name":"wp","href":"https:\/\/api.w.org\/{rel}","templated":true}]}}