{"id":9878,"date":"2019-06-25T08:58:40","date_gmt":"2019-06-25T07:58:40","guid":{"rendered":"http:\/\/bisbalpenedes.com\/web\/?p=9878"},"modified":"2019-06-25T08:58:40","modified_gmt":"2019-06-25T07:58:40","slug":"avis-per-onada-de-calor-del-servei-meteorologic-de-catalunya","status":"publish","type":"post","link":"https:\/\/bisbalpenedes.com\/web\/2019\/06\/25\/avis-per-onada-de-calor-del-servei-meteorologic-de-catalunya\/","title":{"rendered":"Av\u00eds per onada de calor del Servei Meteorol\u00f2gic de Catalunya"},"content":{"rendered":"<p style=\"text-align: justify;\"><a href=\"http:\/\/bisbalpenedes.com\/web\/wp-content\/uploads\/2019\/06\/meteocat-evolucio-temperatures.jpg\"><img loading=\"lazy\" class=\"aligncenter size-large wp-image-9879\" src=\"http:\/\/bisbalpenedes.com\/web\/wp-content\/uploads\/2019\/06\/meteocat-evolucio-temperatures-1024x576.jpg\" alt=\"meteocat evolucio temperatures 25-06-19\" width=\"630\" height=\"354\" srcset=\"https:\/\/bisbalpenedes.com\/web\/wp-content\/uploads\/2019\/06\/meteocat-evolucio-temperatures-1024x576.jpg 1024w, https:\/\/bisbalpenedes.com\/web\/wp-content\/uploads\/2019\/06\/meteocat-evolucio-temperatures-600x338.jpg 600w, https:\/\/bisbalpenedes.com\/web\/wp-content\/uploads\/2019\/06\/meteocat-evolucio-temperatures-300x169.jpg 300w, https:\/\/bisbalpenedes.com\/web\/wp-content\/uploads\/2019\/06\/meteocat-evolucio-temperatures-768x432.jpg 768w, https:\/\/bisbalpenedes.com\/web\/wp-content\/uploads\/2019\/06\/meteocat-evolucio-temperatures.jpg 1200w\" sizes=\"(max-width: 630px) 100vw, 630px\" \/><\/a><\/p>\n<p style=\"text-align: justify;\"><span style=\"color: #000000;\">Avui comen\u00e7a un episodi de calor que s&#8217;accentuar\u00e0 a partir de dijous, segons el Meteocat.<\/span><\/p>\n<p style=\"text-align: justify;\"><span style=\"color: #000000;\">Es preveu l\u2019arribada d\u2019una massa d\u2019aire molt c\u00e0lid que s\u2019apropar\u00e0 a Catalunya procedent del nord d\u2019\u00c0frica i, per aquest motiu, s\u2019iniciar\u00e0 una progressiva pujada de la temperatura que tocar\u00e0 sostre dimarts. L\u2019episodi de calor es mantindr\u00e0 la resta de la setmana.<\/span><\/p>\n<p style=\"text-align: justify;\"><span style=\"color: #000000;\">Per a m\u00e9s informaci\u00f3 i per consultar la informaci\u00f3 meteorol\u00f2gica actualitzada podeu entrar al web<\/span>\u00a0<a href=\"http:\/\/www.meteo.cat\">www.meteo.cat<\/a><\/p>\n<hr \/>\n<p style=\"text-align: justify;\"><span style=\"color: #000000;\"><strong>CASTELLANO |<\/strong>\u00a0Hoy empieza un empisodio de calor que se acentuar\u00e1 a partir del jueves, seg\u00fan el Meteocat.<\/span><\/p>\n<p style=\"text-align: justify;\"><span style=\"color: #000000;\">Se prev\u00e9 la llegada de una masa de aire muy c\u00e1lido que se acercar\u00e1 a Catalunya procedente del norte de \u00c1frica y, por este motivo, se iniciar\u00e1 una progresiva subida de la temperatura que tocar\u00e1 techo el martes. El episodio de calor se mantendr\u00e1 el resto de semana.<\/span><\/p>\n<p style=\"text-align: justify;\"><span style=\"color: #000000;\">Para m\u00e1s informaci\u00f3n y para consultar la informaci\u00f3n meteorol\u00f3gica actualizada pod\u00e9is entrar en la web<\/span>\u00a0<a href=\"http:\/\/www.meteo.cat\" target=\"_blank\">www.meteo.cat<\/a><\/p>\n<p style=\"text-align: justify;\"><a href=\"http:\/\/bisbalpenedes.com\/web\/wp-content\/uploads\/2019\/06\/consells_calor_page-0001.jpg\"><img loading=\"lazy\" class=\"aligncenter size-large wp-image-9864\" src=\"http:\/\/bisbalpenedes.com\/web\/wp-content\/uploads\/2019\/06\/consells_calor_page-0001-725x1024.jpg\" alt=\"consells_calor_page-0001\" width=\"630\" height=\"890\" srcset=\"https:\/\/bisbalpenedes.com\/web\/wp-content\/uploads\/2019\/06\/consells_calor_page-0001-725x1024.jpg 725w, https:\/\/bisbalpenedes.com\/web\/wp-content\/uploads\/2019\/06\/consells_calor_page-0001-600x848.jpg 600w, https:\/\/bisbalpenedes.com\/web\/wp-content\/uploads\/2019\/06\/consells_calor_page-0001-212x300.jpg 212w, https:\/\/bisbalpenedes.com\/web\/wp-content\/uploads\/2019\/06\/consells_calor_page-0001-768x1085.jpg 768w, https:\/\/bisbalpenedes.com\/web\/wp-content\/uploads\/2019\/06\/consells_calor_page-0001.jpg 1241w\" sizes=\"(max-width: 630px) 100vw, 630px\" \/><\/a><\/p>\n<p style=\"text-align: justify;\"><a href=\"http:\/\/bisbalpenedes.com\/web\/wp-content\/uploads\/2019\/06\/FR_onadacalor_jul2017_page-0001.jpg\"><img loading=\"lazy\" class=\"aligncenter size-large wp-image-9865\" src=\"http:\/\/bisbalpenedes.com\/web\/wp-content\/uploads\/2019\/06\/FR_onadacalor_jul2017_page-0001-724x1024.jpg\" alt=\"FR_onadacalor_jul2017_page-0001\" width=\"630\" height=\"891\" srcset=\"https:\/\/bisbalpenedes.com\/web\/wp-content\/uploads\/2019\/06\/FR_onadacalor_jul2017_page-0001-724x1024.jpg 724w, https:\/\/bisbalpenedes.com\/web\/wp-content\/uploads\/2019\/06\/FR_onadacalor_jul2017_page-0001-600x849.jpg 600w, https:\/\/bisbalpenedes.com\/web\/wp-content\/uploads\/2019\/06\/FR_onadacalor_jul2017_page-0001-212x300.jpg 212w, https:\/\/bisbalpenedes.com\/web\/wp-content\/uploads\/2019\/06\/FR_onadacalor_jul2017_page-0001-768x1086.jpg 768w, https:\/\/bisbalpenedes.com\/web\/wp-content\/uploads\/2019\/06\/FR_onadacalor_jul2017_page-0001.jpg 1240w\" sizes=\"(max-width: 630px) 100vw, 630px\" \/><\/a><\/p>\n","protected":false},"excerpt":{"rendered":"<p>Avui comen\u00e7a un episodi de calor que s&#8217;accentuar\u00e0 a partir de dijous, segons el Meteocat. Es preveu l\u2019arribada d\u2019una massa d\u2019aire molt c\u00e0lid que s\u2019apropar\u00e0 a Catalunya procedent del nord &hellip; <a href=\"https:\/\/bisbalpenedes.com\/web\/2019\/06\/25\/avis-per-onada-de-calor-del-servei-meteorologic-de-catalunya\/\" class=\"more-link\">Read More<\/a><\/p>\n","protected":false},"author":4,"featured_media":0,"comment_status":"closed","ping_status":"closed","sticky":false,"template":"","format":"standard","meta":[],"categories":[1628],"tags":[],"_links":{"self":[{"href":"https:\/\/bisbalpenedes.com\/web\/wp-json\/wp\/v2\/posts\/9878"}],"collection":[{"href":"https:\/\/bisbalpenedes.com\/web\/wp-json\/wp\/v2\/posts"}],"about":[{"href":"https:\/\/bisbalpenedes.com\/web\/wp-json\/wp\/v2\/types\/post"}],"author":[{"embeddable":true,"href":"https:\/\/bisbalpenedes.com\/web\/wp-json\/wp\/v2\/users\/4"}],"replies":[{"embeddable":true,"href":"https:\/\/bisbalpenedes.com\/web\/wp-json\/wp\/v2\/comments?post=9878"}],"version-history":[{"count":1,"href":"https:\/\/bisbalpenedes.com\/web\/wp-json\/wp\/v2\/posts\/9878\/revisions"}],"predecessor-version":[{"id":9880,"href":"https:\/\/bisbalpenedes.com\/web\/wp-json\/wp\/v2\/posts\/9878\/revisions\/9880"}],"wp:attachment":[{"href":"https:\/\/bisbalpenedes.com\/web\/wp-json\/wp\/v2\/media?parent=9878"}],"wp:term":[{"taxonomy":"category","embeddable":true,"href":"https:\/\/bisbalpenedes.com\/web\/wp-json\/wp\/v2\/categories?post=9878"},{"taxonomy":"post_tag","embeddable":true,"href":"https:\/\/bisbalpenedes.com\/web\/wp-json\/wp\/v2\/tags?post=9878"}],"curies":[{"name":"wp","href":"https:\/\/api.w.org\/{rel}","templated":true}]}}