{"id":9874,"date":"2019-06-21T16:53:08","date_gmt":"2019-06-21T15:53:08","guid":{"rendered":"http:\/\/bisbalpenedes.com\/web\/?p=9874"},"modified":"2019-06-21T17:14:38","modified_gmt":"2019-06-21T16:14:38","slug":"nova-exposicio-i-club-de-lectura-a-la-biblioteca-de-la-bisbal-del-penedes-raimon-pannikar-viure-laventura-intercultural","status":"publish","type":"post","link":"https:\/\/bisbalpenedes.com\/web\/2019\/06\/21\/nova-exposicio-i-club-de-lectura-a-la-biblioteca-de-la-bisbal-del-penedes-raimon-pannikar-viure-laventura-intercultural\/","title":{"rendered":"Nova exposici\u00f3 i club de lectura a la Biblioteca de la Bisbal del Pened\u00e8s: &#8216;Raimon Pannikar. Viure l&#8217;aventura intercultural&#8217;"},"content":{"rendered":"<p><span style=\"color: #000000;\">La Biblioteca Municipal de la Bisbal del Pened\u00e8s acull l&#8217;exposici\u00f3 &#8220;Raimon Pannikar. Viure l&#8217;aventura intercultural&#8221; i ofereix la possibilitat de llegir el llibre &#8220;Pannikar per Pannikar&#8221; i participar al club de lectura que tindr\u00e0 lloc el dia 4 de juliol i que versar\u00e0 sobre aquesta obra. Per a m\u00e9s informaci\u00f3, cal que us adreceu a la<\/span> <a href=\"http:\/\/bisbalpenedes.com\/web\/2019\/06\/21\/a-partir-del-25-de-juny-la-biblioteca-publica-fara-horari-destiu\/\" target=\"_blank\">Biblioteca.<\/a><\/p>\n<hr \/>\n<p><span style=\"color: #000000;\"><strong>CASTELLANO |<\/strong> La Biblioteca Municipal de la Bisbal del Pened\u00e8s acoge la exposici\u00f3n &#8220;Raimon Pannikar. Viure l&#8217;aventura intercultural&#8221; y ofrece la posibilidad de leer el libro &#8220;Pannikar per Pannikar&#8221; y participar en el club de lectura que tendr\u00e1 lugar el d\u00eda 4 de julio y que versar\u00e1 sobre esta obra. Para m\u00e1s informaci\u00f3n, dirig\u00edos a la<\/span> <a href=\"http:\/\/bisbalpenedes.com\/web\/2019\/06\/21\/a-partir-del-25-de-juny-la-biblioteca-publica-fara-horari-destiu\/\" target=\"_blank\">Biblioteca.<\/a><\/p>\n<p><a href=\"http:\/\/bisbalpenedes.com\/web\/wp-content\/uploads\/2019\/06\/Pannikar_page-0001.jpg\"><img loading=\"lazy\" class=\"aligncenter size-large wp-image-9875\" src=\"http:\/\/bisbalpenedes.com\/web\/wp-content\/uploads\/2019\/06\/Pannikar_page-0001-725x1024.jpg\" alt=\"Pannikar_page-0001\" width=\"630\" height=\"890\" srcset=\"https:\/\/bisbalpenedes.com\/web\/wp-content\/uploads\/2019\/06\/Pannikar_page-0001-725x1024.jpg 725w, https:\/\/bisbalpenedes.com\/web\/wp-content\/uploads\/2019\/06\/Pannikar_page-0001-600x848.jpg 600w, https:\/\/bisbalpenedes.com\/web\/wp-content\/uploads\/2019\/06\/Pannikar_page-0001-212x300.jpg 212w, https:\/\/bisbalpenedes.com\/web\/wp-content\/uploads\/2019\/06\/Pannikar_page-0001-768x1085.jpg 768w, https:\/\/bisbalpenedes.com\/web\/wp-content\/uploads\/2019\/06\/Pannikar_page-0001.jpg 1241w\" sizes=\"(max-width: 630px) 100vw, 630px\" \/><\/a><\/p>\n<p>&nbsp;<\/p>\n","protected":false},"excerpt":{"rendered":"<p>La Biblioteca Municipal de la Bisbal del Pened\u00e8s acull l&#8217;exposici\u00f3 &#8220;Raimon Pannikar. Viure l&#8217;aventura intercultural&#8221; i ofereix la possibilitat de llegir el llibre &#8220;Pannikar per Pannikar&#8221; i participar al club &hellip; <a href=\"https:\/\/bisbalpenedes.com\/web\/2019\/06\/21\/nova-exposicio-i-club-de-lectura-a-la-biblioteca-de-la-bisbal-del-penedes-raimon-pannikar-viure-laventura-intercultural\/\" class=\"more-link\">Read More<\/a><\/p>\n","protected":false},"author":4,"featured_media":9875,"comment_status":"closed","ping_status":"closed","sticky":false,"template":"","format":"standard","meta":[],"categories":[2478,13],"tags":[180,3091,3090],"_links":{"self":[{"href":"https:\/\/bisbalpenedes.com\/web\/wp-json\/wp\/v2\/posts\/9874"}],"collection":[{"href":"https:\/\/bisbalpenedes.com\/web\/wp-json\/wp\/v2\/posts"}],"about":[{"href":"https:\/\/bisbalpenedes.com\/web\/wp-json\/wp\/v2\/types\/post"}],"author":[{"embeddable":true,"href":"https:\/\/bisbalpenedes.com\/web\/wp-json\/wp\/v2\/users\/4"}],"replies":[{"embeddable":true,"href":"https:\/\/bisbalpenedes.com\/web\/wp-json\/wp\/v2\/comments?post=9874"}],"version-history":[{"count":1,"href":"https:\/\/bisbalpenedes.com\/web\/wp-json\/wp\/v2\/posts\/9874\/revisions"}],"predecessor-version":[{"id":9876,"href":"https:\/\/bisbalpenedes.com\/web\/wp-json\/wp\/v2\/posts\/9874\/revisions\/9876"}],"wp:featuredmedia":[{"embeddable":true,"href":"https:\/\/bisbalpenedes.com\/web\/wp-json\/wp\/v2\/media\/9875"}],"wp:attachment":[{"href":"https:\/\/bisbalpenedes.com\/web\/wp-json\/wp\/v2\/media?parent=9874"}],"wp:term":[{"taxonomy":"category","embeddable":true,"href":"https:\/\/bisbalpenedes.com\/web\/wp-json\/wp\/v2\/categories?post=9874"},{"taxonomy":"post_tag","embeddable":true,"href":"https:\/\/bisbalpenedes.com\/web\/wp-json\/wp\/v2\/tags?post=9874"}],"curies":[{"name":"wp","href":"https:\/\/api.w.org\/{rel}","templated":true}]}}