{"id":9869,"date":"2019-06-21T16:39:53","date_gmt":"2019-06-21T15:39:53","guid":{"rendered":"http:\/\/bisbalpenedes.com\/web\/?p=9869"},"modified":"2019-06-21T16:45:08","modified_gmt":"2019-06-21T15:45:08","slug":"finalitza-el-curs-del-taller-de-lexperiencia-de-la-regidoria-de-la-gent-gran","status":"publish","type":"post","link":"https:\/\/bisbalpenedes.com\/web\/2019\/06\/21\/finalitza-el-curs-del-taller-de-lexperiencia-de-la-regidoria-de-la-gent-gran\/","title":{"rendered":"Aquest dijous ha finalitzat el curs del Taller de l&#8217;Experi\u00e8ncia de la Regidoria de la Gent Gran"},"content":{"rendered":"<p style=\"text-align: justify;\"><a href=\"http:\/\/bisbalpenedes.com\/web\/wp-content\/uploads\/2019\/06\/TALLER-EXPERIENCIA-GENT-GRAN-2018-2019-OPT.jpg\"><img loading=\"lazy\" class=\"aligncenter size-large wp-image-9872\" src=\"http:\/\/bisbalpenedes.com\/web\/wp-content\/uploads\/2019\/06\/TALLER-EXPERIENCIA-GENT-GRAN-2018-2019-OPT-1024x683.jpg\" alt=\"TALLER EXPERIENCIA GENT GRAN 2018-2019 OPT\" width=\"630\" height=\"420\" srcset=\"https:\/\/bisbalpenedes.com\/web\/wp-content\/uploads\/2019\/06\/TALLER-EXPERIENCIA-GENT-GRAN-2018-2019-OPT-1024x683.jpg 1024w, https:\/\/bisbalpenedes.com\/web\/wp-content\/uploads\/2019\/06\/TALLER-EXPERIENCIA-GENT-GRAN-2018-2019-OPT-600x400.jpg 600w, https:\/\/bisbalpenedes.com\/web\/wp-content\/uploads\/2019\/06\/TALLER-EXPERIENCIA-GENT-GRAN-2018-2019-OPT-300x200.jpg 300w, https:\/\/bisbalpenedes.com\/web\/wp-content\/uploads\/2019\/06\/TALLER-EXPERIENCIA-GENT-GRAN-2018-2019-OPT-768x512.jpg 768w, https:\/\/bisbalpenedes.com\/web\/wp-content\/uploads\/2019\/06\/TALLER-EXPERIENCIA-GENT-GRAN-2018-2019-OPT.jpg 1200w\" sizes=\"(max-width: 630px) 100vw, 630px\" \/><\/a><\/p>\n<p style=\"text-align: justify;\"><span style=\"color: #000000;\">Aquest dijous 20 de juny ha finalitzat el Taller de l\u2019Experi\u00e8ncia, un curs que s\u2019ha ofert des de la Regidoria de la Gent Gran per tercer any consecutiu. Es tracta d\u2019una activitat ja consolidada i amb molta acceptaci\u00f3 per part de la gent gran, amb un percentatge d\u2019assist\u00e8ncia del 90%. Les classes, a la Bisbal, s\u2019han realitzat amb una freq\u00fc\u00e8ncia setmanal i els usuaris han pogut gaudir d\u2019activitats diverses que fomenten l\u2019aprenentatge i l\u2019estimulaci\u00f3 de les capacitats cerebrals.<\/span><\/p>\n<p style=\"text-align: justify;\"><span style=\"color: #000000;\">Aquest dijous, un total de 15 alumnes han rebut el diploma acreditiu del curs aix\u00ed com el certificat d\u2019assist\u00e8ncia i aprofitament per part de l\u2019alcaldessa Agn\u00e8s Ferr\u00e9 i la Yolanda Almagro, professora de psicologia a la URV i la UOC i encarregada d\u2019impartir aquest taller a la Bisbal del Pened\u00e8s.<\/span><\/p>\n<p style=\"text-align: justify;\"><span style=\"color: #000000;\">El Taller de l\u2019experi\u00e8ncia persegueix diversos objectius: restaurar les habilitats cognitives en des\u00fas amb la finalitat de retardar el deteriorament de les funcions mentals, potenciar l\u2019autoestima personal per millorar la gesti\u00f3 emocional i tamb\u00e9 millorar les relacions socials. Des de la Regidoria de la Gent Gran s\u2019aposta per donar continu\u00eftat als Tallers de l\u2019Experi\u00e8ncia i \u00e9s per aquest motiu que a l\u2019octubre de 2019 comen\u00e7ar\u00e0 un nou curs. Les inscripcions s\u2019obriran al setembre i s\u2019hi poden apuntar totes les persones de m\u00e9s de 65 anys que ho desitgin.<\/span><\/p>\n<hr \/>\n<p style=\"text-align: justify;\"><span style=\"color: #000000;\"><strong>CASTELLANO |<\/strong> Este jueves 20 de junio ha finalizado el Taller de la Experiencia, un curso que se ha ofrecido desde la Regidoria de la Gent Gran por tercer a\u00f1o consecutivo. Se trata de una actividad ya consolidada y con mucha aceptaci\u00f3n por parte de la gente mayor, con un porcentaje de asistencia del 90%. Las clases, en la Bisbal, se han realizado con una frecuencia semanal y los usuarios han podido disfrutar de actividades diversas que fomentan el aprendizaje y la estimulaci\u00f3n de las capacidades cerebrales.<\/span><\/p>\n<p style=\"text-align: justify;\"><span style=\"color: #000000;\">Este jueves, un total de 15 alumnas han recibido el diploma acreditativo del curso as\u00ed como el certificado de asistencia y aprovechamiento por parte de la alcaldesa Agn\u00e8s Ferr\u00e9 y Yolanda Almagro, profesora de psicolog\u00eda en la URV y la UOC y encargada de impartir este taller en la Bisbal del Pened\u00e8s.<\/span><\/p>\n<p style=\"text-align: justify;\"><span style=\"color: #000000;\">El Taller de la experiencia persigue varios objetivos: restaurar las habilidades cognitivas en desuso con la finalidad de retrasar el deterioro de las funciones mentales, potenciar la autoestima personal para mejorar la gesti\u00f3n emocional y tambi\u00e9n mejorar las relaciones sociales. Desde la Regidoria de la Gent Gran se apuesta por dar continuidad a los Talleres de la Experiencia y es por este motivo que en octubre de 2019 empezar\u00e1 un nuevo curso. Las inscripciones se abrir\u00e1n en septiembre y se podr\u00e1n apuntar todas aquellas personas mayores de 65 a\u00f1os que lo deseen.<\/span><\/p>\n","protected":false},"excerpt":{"rendered":"<p>Aquest dijous 20 de juny ha finalitzat el Taller de l\u2019Experi\u00e8ncia, un curs que s\u2019ha ofert des de la Regidoria de la Gent Gran per tercer any consecutiu. Es tracta &hellip; <a href=\"https:\/\/bisbalpenedes.com\/web\/2019\/06\/21\/finalitza-el-curs-del-taller-de-lexperiencia-de-la-regidoria-de-la-gent-gran\/\" class=\"more-link\">Read More<\/a><\/p>\n","protected":false},"author":4,"featured_media":9872,"comment_status":"closed","ping_status":"closed","sticky":false,"template":"","format":"standard","meta":[],"categories":[3088,8],"tags":[305,1583,3089],"_links":{"self":[{"href":"https:\/\/bisbalpenedes.com\/web\/wp-json\/wp\/v2\/posts\/9869"}],"collection":[{"href":"https:\/\/bisbalpenedes.com\/web\/wp-json\/wp\/v2\/posts"}],"about":[{"href":"https:\/\/bisbalpenedes.com\/web\/wp-json\/wp\/v2\/types\/post"}],"author":[{"embeddable":true,"href":"https:\/\/bisbalpenedes.com\/web\/wp-json\/wp\/v2\/users\/4"}],"replies":[{"embeddable":true,"href":"https:\/\/bisbalpenedes.com\/web\/wp-json\/wp\/v2\/comments?post=9869"}],"version-history":[{"count":3,"href":"https:\/\/bisbalpenedes.com\/web\/wp-json\/wp\/v2\/posts\/9869\/revisions"}],"predecessor-version":[{"id":9873,"href":"https:\/\/bisbalpenedes.com\/web\/wp-json\/wp\/v2\/posts\/9869\/revisions\/9873"}],"wp:featuredmedia":[{"embeddable":true,"href":"https:\/\/bisbalpenedes.com\/web\/wp-json\/wp\/v2\/media\/9872"}],"wp:attachment":[{"href":"https:\/\/bisbalpenedes.com\/web\/wp-json\/wp\/v2\/media?parent=9869"}],"wp:term":[{"taxonomy":"category","embeddable":true,"href":"https:\/\/bisbalpenedes.com\/web\/wp-json\/wp\/v2\/categories?post=9869"},{"taxonomy":"post_tag","embeddable":true,"href":"https:\/\/bisbalpenedes.com\/web\/wp-json\/wp\/v2\/tags?post=9869"}],"curies":[{"name":"wp","href":"https:\/\/api.w.org\/{rel}","templated":true}]}}