{"id":9860,"date":"2019-06-21T14:57:20","date_gmt":"2019-06-21T13:57:20","guid":{"rendered":"http:\/\/bisbalpenedes.com\/web\/?p=9860"},"modified":"2019-06-21T17:15:37","modified_gmt":"2019-06-21T16:15:37","slug":"preavis-per-onada-de-calor-a-partir-del-diumenge-23-de-juny","status":"publish","type":"post","link":"https:\/\/bisbalpenedes.com\/web\/2019\/06\/21\/preavis-per-onada-de-calor-a-partir-del-diumenge-23-de-juny\/","title":{"rendered":"Preav\u00eds per onada de calor que ens afectaria a partir del diumenge 23 de juny"},"content":{"rendered":"<p style=\"text-align: justify;\"><span style=\"color: #000000;\">El Departament de Territori i Sostenibilitat de la Generalitat de Catalunya i el Servei Meteorol\u00f2gic de Catalunya han em\u00e8s un preav\u00eds per onada de calor.<\/span><\/p>\n<p style=\"text-align: justify;\"><span style=\"color: #000000;\">Es preveu l\u2019arribada d\u2019una massa d\u2019aire molt c\u00e0lid que s\u2019apropar\u00e0 a Catalunya procedent del nord d\u2019\u00c0frica i, per aquest motiu, a partir del diumenge 23 de juny s\u2019iniciar\u00e0 una progressiva pujada de la temperatura que tocar\u00e0 sostre dimarts. L\u2019episodi de calor es mantindr\u00e0 la resta de la setmana.<\/span><\/p>\n<p style=\"text-align: justify;\"><span style=\"color: #000000;\">Aix\u00ed, segons la informaci\u00f3 publicada pel Servei Meteorol\u00f2gic de Catalunya, la predicci\u00f3 per dimarts indica que es podria arribar a valors m\u00e0xims de temperatura d\u2019entre 35 i 38\u00baC a Ponent i Terres de l\u2019Ebre, d\u2019entre 31 i 36\u00baC a la resta de l\u2019interior i al Prelitoral, i d\u2019entre 27 i 32\u00baC al litoral. A m\u00e9s, la temperatura m\u00ednima en algunes zones de la costa podria quedar per sobre dels 20\u00baC i fins i tot apropar-se als 25\u00baC en alguns punts.<\/span><\/p>\n<p style=\"text-align: justify;\"><span style=\"color: #000000;\">Per tot plegat, el Meteocat ha em\u00e8s un preav\u00eds de Situaci\u00f3 Meteorol\u00f2gica de Perill per temperatura m\u00e0xima extrema per al dimarts 25 de juny.<\/span><\/p>\n<p style=\"text-align: justify;\"><span style=\"color: #000000;\">Per a m\u00e9s informaci\u00f3 i per consultar la informaci\u00f3 meteorol\u00f2gica actualitzada podeu entrar al web<\/span> <a href=\"http:\/\/www.meteo.cat\">www.meteo.cat<\/a><\/p>\n<hr \/>\n<p style=\"text-align: justify;\"><span style=\"color: #000000;\"><strong>CASTELLANO |<\/strong> El Departament de Territori i Sostenibilitat de la Generalitat de Catalunya y el Servei Meteorol\u00f2gic de Catalunya han emitido un preaviso por ola de calor.<\/span><\/p>\n<p style=\"text-align: justify;\"><span style=\"color: #000000;\">Se prev\u00e9 la llegada de una masa de aire muy c\u00e1lido que se acercar\u00e1 a Catalunya procedente del norte de \u00c1frica y, por este motivo, a partir del domingo 23 de junio se iniciar\u00e1 una progresiva subida de la temperatura que tocar\u00e1 techo el martes. El episodio de calor se mantendr\u00e1 el resto de semana.<\/span><\/p>\n<p style=\"text-align: justify;\"><span style=\"color: #000000;\">As\u00ed, seg\u00fan la informaci\u00f3n publicada por el Servei Meteorol\u00f2gic de Catalunya, la predicci\u00f3n para el martes indica que se podr\u00eda llegar a valores m\u00e1ximos de temperatura de entre 35 y 38\u00ba en Ponent y Terres de l&#8217;Ebre, entre 31 y 36\u00baC en el resto del interior y en el Prelitoral, y de entre 27 y 32\u00baC en el litoral. Adem\u00e1s, la temperatura m\u00ednima en algunas zonas de la costa podr\u00eda quedar por encima de los 20\u00baC e incluso acercarse a los 25\u00baC en algunos puntos.<\/span><\/p>\n<p style=\"text-align: justify;\"><span style=\"color: #000000;\">Por todo ello, el Meteocat ha emitido un preaviso de Situaci\u00f3n Meteorol\u00f3gica de Peligro por temperatura m\u00e1xima extrema para el martes 25 de junio.<\/span><\/p>\n<p style=\"text-align: justify;\"><span style=\"color: #000000;\">Para m\u00e1s informaci\u00f3n y para consultar la informaci\u00f3n meteorol\u00f3gica actualizada pod\u00e9is entrar en la web<\/span> <a href=\"http:\/\/www.meteo.cat\" target=\"_blank\">www.meteo.cat<\/a><\/p>\n<p style=\"text-align: justify;\"><a href=\"http:\/\/bisbalpenedes.com\/web\/wp-content\/uploads\/2019\/06\/infografies_consells_calor_page-0001-1.jpg\"><img loading=\"lazy\" class=\"aligncenter size-large wp-image-9862\" src=\"http:\/\/bisbalpenedes.com\/web\/wp-content\/uploads\/2019\/06\/infografies_consells_calor_page-0001-1-1024x1024.jpg\" alt=\"infografies_consells_calor_page-0001\" width=\"630\" height=\"630\" srcset=\"https:\/\/bisbalpenedes.com\/web\/wp-content\/uploads\/2019\/06\/infografies_consells_calor_page-0001-1-1024x1024.jpg 1024w, https:\/\/bisbalpenedes.com\/web\/wp-content\/uploads\/2019\/06\/infografies_consells_calor_page-0001-1-300x300.jpg 300w, https:\/\/bisbalpenedes.com\/web\/wp-content\/uploads\/2019\/06\/infografies_consells_calor_page-0001-1-100x100.jpg 100w, https:\/\/bisbalpenedes.com\/web\/wp-content\/uploads\/2019\/06\/infografies_consells_calor_page-0001-1-600x600.jpg 600w, https:\/\/bisbalpenedes.com\/web\/wp-content\/uploads\/2019\/06\/infografies_consells_calor_page-0001-1-150x150.jpg 150w, https:\/\/bisbalpenedes.com\/web\/wp-content\/uploads\/2019\/06\/infografies_consells_calor_page-0001-1-768x768.jpg 768w, https:\/\/bisbalpenedes.com\/web\/wp-content\/uploads\/2019\/06\/infografies_consells_calor_page-0001-1.jpg 1250w\" sizes=\"(max-width: 630px) 100vw, 630px\" \/><\/a> <a href=\"http:\/\/bisbalpenedes.com\/web\/wp-content\/uploads\/2019\/06\/infografies_consells_calor_page-0002.jpg\"><img loading=\"lazy\" class=\"aligncenter size-large wp-image-9863\" src=\"http:\/\/bisbalpenedes.com\/web\/wp-content\/uploads\/2019\/06\/infografies_consells_calor_page-0002-1024x1024.jpg\" alt=\"infografies_consells_calor_page-0002\" width=\"630\" height=\"630\" srcset=\"https:\/\/bisbalpenedes.com\/web\/wp-content\/uploads\/2019\/06\/infografies_consells_calor_page-0002-1024x1024.jpg 1024w, https:\/\/bisbalpenedes.com\/web\/wp-content\/uploads\/2019\/06\/infografies_consells_calor_page-0002-300x300.jpg 300w, https:\/\/bisbalpenedes.com\/web\/wp-content\/uploads\/2019\/06\/infografies_consells_calor_page-0002-100x100.jpg 100w, https:\/\/bisbalpenedes.com\/web\/wp-content\/uploads\/2019\/06\/infografies_consells_calor_page-0002-600x600.jpg 600w, https:\/\/bisbalpenedes.com\/web\/wp-content\/uploads\/2019\/06\/infografies_consells_calor_page-0002-150x150.jpg 150w, https:\/\/bisbalpenedes.com\/web\/wp-content\/uploads\/2019\/06\/infografies_consells_calor_page-0002-768x768.jpg 768w, https:\/\/bisbalpenedes.com\/web\/wp-content\/uploads\/2019\/06\/infografies_consells_calor_page-0002.jpg 1250w\" sizes=\"(max-width: 630px) 100vw, 630px\" \/><\/a> <a href=\"http:\/\/bisbalpenedes.com\/web\/wp-content\/uploads\/2019\/06\/consells_calor_page-0001.jpg\"><img loading=\"lazy\" class=\"aligncenter size-large wp-image-9864\" src=\"http:\/\/bisbalpenedes.com\/web\/wp-content\/uploads\/2019\/06\/consells_calor_page-0001-725x1024.jpg\" alt=\"consells_calor_page-0001\" width=\"630\" height=\"890\" srcset=\"https:\/\/bisbalpenedes.com\/web\/wp-content\/uploads\/2019\/06\/consells_calor_page-0001-725x1024.jpg 725w, https:\/\/bisbalpenedes.com\/web\/wp-content\/uploads\/2019\/06\/consells_calor_page-0001-600x848.jpg 600w, https:\/\/bisbalpenedes.com\/web\/wp-content\/uploads\/2019\/06\/consells_calor_page-0001-212x300.jpg 212w, https:\/\/bisbalpenedes.com\/web\/wp-content\/uploads\/2019\/06\/consells_calor_page-0001-768x1085.jpg 768w, https:\/\/bisbalpenedes.com\/web\/wp-content\/uploads\/2019\/06\/consells_calor_page-0001.jpg 1241w\" sizes=\"(max-width: 630px) 100vw, 630px\" \/><\/a> <a href=\"http:\/\/bisbalpenedes.com\/web\/wp-content\/uploads\/2019\/06\/FR_onadacalor_jul2017_page-0001.jpg\"><img loading=\"lazy\" class=\"aligncenter size-large wp-image-9865\" src=\"http:\/\/bisbalpenedes.com\/web\/wp-content\/uploads\/2019\/06\/FR_onadacalor_jul2017_page-0001-724x1024.jpg\" alt=\"FR_onadacalor_jul2017_page-0001\" width=\"630\" height=\"891\" srcset=\"https:\/\/bisbalpenedes.com\/web\/wp-content\/uploads\/2019\/06\/FR_onadacalor_jul2017_page-0001-724x1024.jpg 724w, https:\/\/bisbalpenedes.com\/web\/wp-content\/uploads\/2019\/06\/FR_onadacalor_jul2017_page-0001-600x849.jpg 600w, https:\/\/bisbalpenedes.com\/web\/wp-content\/uploads\/2019\/06\/FR_onadacalor_jul2017_page-0001-212x300.jpg 212w, https:\/\/bisbalpenedes.com\/web\/wp-content\/uploads\/2019\/06\/FR_onadacalor_jul2017_page-0001-768x1086.jpg 768w, https:\/\/bisbalpenedes.com\/web\/wp-content\/uploads\/2019\/06\/FR_onadacalor_jul2017_page-0001.jpg 1240w\" sizes=\"(max-width: 630px) 100vw, 630px\" \/><\/a><\/p>\n<p>&nbsp;<\/p>\n","protected":false},"excerpt":{"rendered":"<p>El Departament de Territori i Sostenibilitat de la Generalitat de Catalunya i el Servei Meteorol\u00f2gic de Catalunya han em\u00e8s un preav\u00eds per onada de calor. Es preveu l\u2019arribada d\u2019una massa &hellip; <a href=\"https:\/\/bisbalpenedes.com\/web\/2019\/06\/21\/preavis-per-onada-de-calor-a-partir-del-diumenge-23-de-juny\/\" class=\"more-link\">Read More<\/a><\/p>\n","protected":false},"author":4,"featured_media":9861,"comment_status":"closed","ping_status":"closed","sticky":false,"template":"","format":"standard","meta":[],"categories":[1628],"tags":[76,2050,2228,3087],"_links":{"self":[{"href":"https:\/\/bisbalpenedes.com\/web\/wp-json\/wp\/v2\/posts\/9860"}],"collection":[{"href":"https:\/\/bisbalpenedes.com\/web\/wp-json\/wp\/v2\/posts"}],"about":[{"href":"https:\/\/bisbalpenedes.com\/web\/wp-json\/wp\/v2\/types\/post"}],"author":[{"embeddable":true,"href":"https:\/\/bisbalpenedes.com\/web\/wp-json\/wp\/v2\/users\/4"}],"replies":[{"embeddable":true,"href":"https:\/\/bisbalpenedes.com\/web\/wp-json\/wp\/v2\/comments?post=9860"}],"version-history":[{"count":4,"href":"https:\/\/bisbalpenedes.com\/web\/wp-json\/wp\/v2\/posts\/9860\/revisions"}],"predecessor-version":[{"id":9877,"href":"https:\/\/bisbalpenedes.com\/web\/wp-json\/wp\/v2\/posts\/9860\/revisions\/9877"}],"wp:featuredmedia":[{"embeddable":true,"href":"https:\/\/bisbalpenedes.com\/web\/wp-json\/wp\/v2\/media\/9861"}],"wp:attachment":[{"href":"https:\/\/bisbalpenedes.com\/web\/wp-json\/wp\/v2\/media?parent=9860"}],"wp:term":[{"taxonomy":"category","embeddable":true,"href":"https:\/\/bisbalpenedes.com\/web\/wp-json\/wp\/v2\/categories?post=9860"},{"taxonomy":"post_tag","embeddable":true,"href":"https:\/\/bisbalpenedes.com\/web\/wp-json\/wp\/v2\/tags?post=9860"}],"curies":[{"name":"wp","href":"https:\/\/api.w.org\/{rel}","templated":true}]}}