{"id":9853,"date":"2019-06-21T12:35:02","date_gmt":"2019-06-21T11:35:02","guid":{"rendered":"http:\/\/bisbalpenedes.com\/web\/?p=9853"},"modified":"2019-06-21T12:35:19","modified_gmt":"2019-06-21T11:35:19","slug":"a-partir-del-25-de-juny-la-biblioteca-publica-fara-horari-destiu","status":"publish","type":"post","link":"https:\/\/bisbalpenedes.com\/web\/2019\/06\/21\/a-partir-del-25-de-juny-la-biblioteca-publica-fara-horari-destiu\/","title":{"rendered":"A partir del 25 de juny la Biblioteca p\u00fablica de la Bisbal far\u00e0 horari d&#8217;estiu"},"content":{"rendered":"<p><span style=\"color: #000000;\">La Biblioteca p\u00fablica de la Bisbal del Pened\u00e8s far\u00e0 horari d&#8217;estiu a partir de la propera setmana.<\/span><\/p>\n<hr \/>\n<p><span style=\"color: #000000;\">La Biblioteca p\u00fablica de la Bisbal del Pened\u00e8s har\u00e1 horario de verano a partir de la pr\u00f3xima semana.<\/span><\/p>\n<p><a href=\"http:\/\/bisbalpenedes.com\/web\/wp-content\/uploads\/2019\/06\/HORARI-ESTIU-BIBLIOTECA-2019.jpg\"><img loading=\"lazy\" class=\"aligncenter size-full wp-image-9854\" src=\"http:\/\/bisbalpenedes.com\/web\/wp-content\/uploads\/2019\/06\/HORARI-ESTIU-BIBLIOTECA-2019.jpg\" alt=\"HORARI ESTIU BIBLIOTECA 2019\" width=\"960\" height=\"679\" srcset=\"https:\/\/bisbalpenedes.com\/web\/wp-content\/uploads\/2019\/06\/HORARI-ESTIU-BIBLIOTECA-2019.jpg 960w, https:\/\/bisbalpenedes.com\/web\/wp-content\/uploads\/2019\/06\/HORARI-ESTIU-BIBLIOTECA-2019-600x424.jpg 600w, https:\/\/bisbalpenedes.com\/web\/wp-content\/uploads\/2019\/06\/HORARI-ESTIU-BIBLIOTECA-2019-300x212.jpg 300w, https:\/\/bisbalpenedes.com\/web\/wp-content\/uploads\/2019\/06\/HORARI-ESTIU-BIBLIOTECA-2019-768x543.jpg 768w\" sizes=\"(max-width: 960px) 100vw, 960px\" \/><\/a><\/p>\n","protected":false},"excerpt":{"rendered":"<p>La Biblioteca p\u00fablica de la Bisbal del Pened\u00e8s far\u00e0 horari d&#8217;estiu a partir de la propera setmana. La Biblioteca p\u00fablica de la Bisbal del Pened\u00e8s har\u00e1 horario de verano a &hellip; <a href=\"https:\/\/bisbalpenedes.com\/web\/2019\/06\/21\/a-partir-del-25-de-juny-la-biblioteca-publica-fara-horari-destiu\/\" class=\"more-link\">Read More<\/a><\/p>\n","protected":false},"author":4,"featured_media":5300,"comment_status":"closed","ping_status":"closed","sticky":false,"template":"","format":"standard","meta":[],"categories":[2478,13],"tags":[180,225,784],"_links":{"self":[{"href":"https:\/\/bisbalpenedes.com\/web\/wp-json\/wp\/v2\/posts\/9853"}],"collection":[{"href":"https:\/\/bisbalpenedes.com\/web\/wp-json\/wp\/v2\/posts"}],"about":[{"href":"https:\/\/bisbalpenedes.com\/web\/wp-json\/wp\/v2\/types\/post"}],"author":[{"embeddable":true,"href":"https:\/\/bisbalpenedes.com\/web\/wp-json\/wp\/v2\/users\/4"}],"replies":[{"embeddable":true,"href":"https:\/\/bisbalpenedes.com\/web\/wp-json\/wp\/v2\/comments?post=9853"}],"version-history":[{"count":2,"href":"https:\/\/bisbalpenedes.com\/web\/wp-json\/wp\/v2\/posts\/9853\/revisions"}],"predecessor-version":[{"id":9856,"href":"https:\/\/bisbalpenedes.com\/web\/wp-json\/wp\/v2\/posts\/9853\/revisions\/9856"}],"wp:featuredmedia":[{"embeddable":true,"href":"https:\/\/bisbalpenedes.com\/web\/wp-json\/wp\/v2\/media\/5300"}],"wp:attachment":[{"href":"https:\/\/bisbalpenedes.com\/web\/wp-json\/wp\/v2\/media?parent=9853"}],"wp:term":[{"taxonomy":"category","embeddable":true,"href":"https:\/\/bisbalpenedes.com\/web\/wp-json\/wp\/v2\/categories?post=9853"},{"taxonomy":"post_tag","embeddable":true,"href":"https:\/\/bisbalpenedes.com\/web\/wp-json\/wp\/v2\/tags?post=9853"}],"curies":[{"name":"wp","href":"https:\/\/api.w.org\/{rel}","templated":true}]}}