{"id":9831,"date":"2019-06-21T11:39:44","date_gmt":"2019-06-21T10:39:44","guid":{"rendered":"http:\/\/bisbalpenedes.com\/web\/?p=9831"},"modified":"2019-06-21T11:48:51","modified_gmt":"2019-06-21T10:48:51","slug":"aquest-dijous-20-de-juny-ha-tingut-lloc-un-ple-extraordinari-a-lajuntament-de-la-bisbal-del-penedes","status":"publish","type":"post","link":"https:\/\/bisbalpenedes.com\/web\/2019\/06\/21\/aquest-dijous-20-de-juny-ha-tingut-lloc-un-ple-extraordinari-a-lajuntament-de-la-bisbal-del-penedes\/","title":{"rendered":"Aquest dijous 20 de juny ha tingut lloc un Ple extraordinari a l&#8217;Ajuntament de la Bisbal del Pened\u00e8s"},"content":{"rendered":"<p><a href=\"http:\/\/bisbalpenedes.com\/web\/wp-content\/uploads\/2019\/06\/ple-exttraordinari-190620.jpg\"><img loading=\"lazy\" class=\"aligncenter size-large wp-image-9835\" src=\"http:\/\/bisbalpenedes.com\/web\/wp-content\/uploads\/2019\/06\/ple-exttraordinari-190620-1024x768.jpg\" alt=\"ple exttraordinari 190620\" width=\"630\" height=\"473\" srcset=\"https:\/\/bisbalpenedes.com\/web\/wp-content\/uploads\/2019\/06\/ple-exttraordinari-190620-1024x768.jpg 1024w, https:\/\/bisbalpenedes.com\/web\/wp-content\/uploads\/2019\/06\/ple-exttraordinari-190620-600x450.jpg 600w, https:\/\/bisbalpenedes.com\/web\/wp-content\/uploads\/2019\/06\/ple-exttraordinari-190620-300x225.jpg 300w, https:\/\/bisbalpenedes.com\/web\/wp-content\/uploads\/2019\/06\/ple-exttraordinari-190620-768x576.jpg 768w\" sizes=\"(max-width: 630px) 100vw, 630px\" \/><\/a><\/p>\n<p><span style=\"color: #000000;\">Aquest dijous 20 de juny, a les 20:30h, ha tingut lloc un Ple extraordinari amb motiu de l\u2019organitzaci\u00f3 del nou consistori.<\/span><\/p>\n<p><span style=\"color: #000000;\">El regidor Xavier Faura (Units per la Bisbal \u2013 FIC) ha arribat amb retard a la sessi\u00f3 plen\u00e0ria i, per aquest motiu, no ha votat en els punts 1, 2, 3, 4 i 5.<\/span><\/p>\n<p><span style=\"color: #000000;\">S\u2019hi han tractat els seg\u00fcents punts.<\/span><\/p>\n<ol>\n<li><span style=\"color: #000000;\"><strong>Proposta de periodicitat de les sessions ordin\u00e0ries del Ple de la Corporaci\u00f3.<\/strong><\/span><\/li>\n<\/ol>\n<p style=\"padding-left: 30px;\"><span style=\"color: #000000;\">Es proposa celebrar sessions ordin\u00e0ries de forma trimestral al mar\u00e7, juny, setembre i desembre, el tercer dilluns de mes a les 19:00h. En cas que fos dia festiu, la sessi\u00f3 se celebraria el seg\u00fcent dia feiner.<\/span><\/p>\n<p style=\"padding-left: 30px;\"><span style=\"color: #000000;\"><u>S\u2019aprova per majoria<\/u> amb els vots a favor de: Comprom\u00eds amb la Bisbal (6), PSC (2), ARA la Bisbal (1) i ERC (1).<\/span><\/p>\n<p style=\"padding-left: 30px;\"><span style=\"color: #000000;\">Vots en contra: 0<\/span><\/p>\n<p style=\"padding-left: 30px;\"><span style=\"color: #000000;\">Abstencions: 0<\/span><\/p>\n<ol start=\"2\">\n<li><span style=\"color: #000000;\"><strong>Proposta de constituci\u00f3 de la Junta de Govern local.<\/strong><\/span><\/li>\n<\/ol>\n<p style=\"padding-left: 30px;\"><span style=\"color: #000000;\">Proposta de constituci\u00f3 de la Junta de Govern Local, un \u00f2rgan col\u00b7legiat que es proposa que estigui format per l\u2019alcaldessa i 3 regidors\/es que seran nomenats per l\u2019alcaldessa mitjan\u00e7ant Decret d\u2019alcaldia. Les Juntes de Govern Local se celebraran quinzenalment.<\/span><\/p>\n<p style=\"padding-left: 30px;\"><span style=\"color: #000000;\"><u>S\u2019aprova per majoria<\/u> amb els vots a favor de: Comprom\u00eds amb la Bisbal (6), PSC (2), ARA la Bisbal (1) i ERC (1).<\/span><\/p>\n<p style=\"padding-left: 30px;\"><span style=\"color: #000000;\">Vots en contra: 0<\/span><\/p>\n<p style=\"padding-left: 30px;\"><span style=\"color: #000000;\">Abstencions: 0<\/span><\/p>\n<ol start=\"3\">\n<li><span style=\"color: #000000;\"><strong>Proposta de composici\u00f3 de la Comissi\u00f3 Especial de Comptes.<\/strong><\/span><\/li>\n<\/ol>\n<p style=\"padding-left: 30px;\"><span style=\"color: #000000;\">La Comissi\u00f3 especial de comptes \u00e9s un \u00f2rgan col\u00b7legiat, de car\u00e0cter especial, que t\u00e9 per objecte examinar i informar del Compte General a la Corporaci\u00f3. Est\u00e0 formada per:<\/span><\/p>\n<ul>\n<li><span style=\"color: #000000;\">Presid\u00e8ncia: alcaldessa<\/span><\/li>\n<li><span style=\"color: #000000;\">Vocals: un representant de cada grup pol\u00edtic municipal<\/span><\/li>\n<li><span style=\"color: #000000;\">Secret\u00e0ria: secret\u00e0ria municipal<\/span><\/li>\n<\/ul>\n<p style=\"padding-left: 30px;\"><span style=\"color: #000000;\">S\u2019aplica el sistema de vot ponderat a la Comissi\u00f3 de Comptes, de manera que el representant de cada partit vota en nom dels regidors\/res d\u2019aquell partit.<\/span><\/p>\n<p style=\"padding-left: 30px;\"><span style=\"color: #000000;\">La proposta de composici\u00f3 \u00e9s:<\/span><\/p>\n<p><span style=\"color: #000000;\">\u00a0\u00a0\u00a0\u00a0\u00a0\u00a0\u00a0 Presid\u00e8ncia: Agn\u00e8s Ferr\u00e9 Ca\u00f1ellas (Comprom\u00eds amb la Bisbal).<\/span><\/p>\n<p><span style=\"color: #000000;\">\u00a0\u00a0\u00a0\u00a0\u00a0\u00a0\u00a0 Vocals:<\/span><\/p>\n<ul>\n<li><span style=\"color: #000000;\">Feliu Gil Esteve (Comprom\u00eds amb la Bisbal)<\/span><\/li>\n<li><span style=\"color: #000000;\">Daniel Caballero Casta\u00f1o (PSC)<\/span><\/li>\n<li><span style=\"color: #000000;\">Xavier Faura Burgos (Units per la Bisbal)<\/span><\/li>\n<li><span style=\"color: #000000;\">Maguy Antol\u00edn Manso (Ara la Bisbal)<\/span><\/li>\n<li><span style=\"color: #000000;\">S\u00edlvia Montfort Costa (ERC)<\/span><\/li>\n<\/ul>\n<p style=\"padding-left: 30px;\"><span style=\"color: #000000;\"><u>S\u2019aprova per majoria<\/u> amb els vots a favor de: Comprom\u00eds amb la Bisbal (6), PSC (2), ARA la Bisbal (1) i ERC (1).<\/span><\/p>\n<p style=\"padding-left: 30px;\"><span style=\"color: #000000;\">Vots en contra: 0<\/span><\/p>\n<p style=\"padding-left: 30px;\"><span style=\"color: #000000;\">Abstencions: 0<\/span><\/p>\n<ol start=\"4\">\n<li><span style=\"color: #000000;\"><strong>Proposta de nomenament dels representants de la Corporaci\u00f3 a diversos organismes. <\/strong><\/span><\/li>\n<\/ol>\n<p style=\"padding-left: 30px;\"><span style=\"color: #000000;\">Es proposa:<\/span><\/p>\n<ul>\n<li><span style=\"color: #000000;\">Representant de l\u2019Ajuntament al Consell Escolar de l\u2019Escola p\u00fablica Ull de Vent: Leo Uceda<\/span><\/li>\n<li><span style=\"color: #000000;\">Representant de l\u2019Ajuntament al Consell Escolar de l\u2019IES Coster la Torre: Leo Uceda<\/span><\/li>\n<li><span style=\"color: #000000;\">Representant de l\u2019Ajuntament a la Mancomunitat de l\u2019Albornar: Agn\u00e8s Ferr\u00e9, Judith Vidal i Leo Uceda<\/span><\/li>\n<li><span style=\"color: #000000;\">Representant de l\u2019Ajuntament al Consorci de Promoci\u00f3 Tur\u00edstica del Pened\u00e8s: Judith Vidal<\/span><\/li>\n<\/ul>\n<p style=\"padding-left: 30px;\"><span style=\"color: #000000;\"><u>S\u2019aprova <\/u>amb els vots a favor de: Comprom\u00eds amb la Bisbal (6), PSC (2) i ARA la Bisbal (1).<\/span><\/p>\n<p style=\"padding-left: 30px;\"><span style=\"color: #000000;\">Vots en contra: 0<\/span><\/p>\n<p style=\"padding-left: 30px;\"><span style=\"color: #000000;\">Abstencions: ERC (1).<\/span><\/p>\n<ol start=\"5\">\n<li><span style=\"color: #000000;\"><strong>Proposta del r\u00e8gim de retribucions i indemnitzacions dels membres de la Corporaci\u00f3.<\/strong><\/span><\/li>\n<\/ol>\n<p style=\"padding-left: 30px;\"><span style=\"color: #000000;\">Es proposa el seg\u00fcent r\u00e8gim de dedicaci\u00f3 i retribucions per als regidors i les regidores de l\u2019Ajuntament de la Bisbal del Pened\u00e8s:<\/span><\/p>\n<p style=\"padding-left: 30px;\"><span style=\"color: #000000;\"><strong>Agn\u00e8s Ferr\u00e9:<\/strong> dedicaci\u00f3 exclusiva: 26.000\u20ac bruts anuals (el mateix que en el mandat 2015\/2019).<\/span><\/p>\n<p style=\"padding-left: 30px;\"><span style=\"color: #000000;\"><strong>Judith Vidal:<\/strong> dedicaci\u00f3 parcial del 85%: 20.000\u20ac bruts anuals (en el mandat 2015\/2019 eren 16.000\u20ac bruts anuals).<\/span><\/p>\n<p style=\"padding-left: 30px;\"><span style=\"color: #000000;\"><strong>Leo Uceda:<\/strong> dedicaci\u00f3 parcial del 85%: 20.000\u20ac bruts anuals (en el mandat 2015\/2019 eren 16.000\u20ac bruts anuals).<\/span><\/p>\n<p style=\"padding-left: 30px;\"><span style=\"color: #000000;\"><strong>Feliu Gil:<\/strong> dedicaci\u00f3 parcial del 85%: 20.000\u20ac bruts anuals \u00a0(en el mandat 2015\/2019 eren 16.000\u20ac bruts anuals).<\/span><\/p>\n<p style=\"padding-left: 30px;\"><span style=\"color: #000000;\"><strong>Paqui Cepas:<\/strong> dedicaci\u00f3 parcial del 42,5%: 10.000\u20ac bruts anuals.<\/span><\/p>\n<p style=\"padding-left: 30px;\"><span style=\"color: #000000;\"><strong><u>Total anual:<\/u><\/strong> 96.000\u20ac (estalvi anual de 33.900\u20ac en comparaci\u00f3 amb el mandat anterior).<\/span><\/p>\n<table style=\"padding-left: 30px;\" width=\"529\">\n<tbody style=\"padding-left: 30px;\">\n<tr style=\"padding-left: 30px;\">\n<td style=\"padding-left: 30px;\" colspan=\"4\" width=\"529\">\n<p style=\"padding-left: 30px;\"><span style=\"color: #000000;\"><strong>TAULA COMPARATIVA AMB EL MANDAT ANTERIOR <\/strong>(imports bruts)<\/span><\/p>\n<\/td>\n<\/tr>\n<tr style=\"padding-left: 30px;\">\n<td style=\"padding-left: 30px;\" colspan=\"2\" width=\"274\">\n<p style=\"padding-left: 30px;\"><span style=\"color: #000000;\"><strong>Mandat 2015\/2019 <\/strong><\/span><\/p>\n<p style=\"padding-left: 30px;\"><span style=\"color: #000000;\">(fins a comen\u00e7aments d\u2019agost de 2018)<\/span><\/p>\n<\/td>\n<td style=\"padding-left: 30px;\" colspan=\"2\" width=\"255\">\n<p style=\"padding-left: 30px;\"><span style=\"color: #000000;\"><strong>Mandat 2019\/2023<\/strong><\/span><\/p>\n<\/td>\n<\/tr>\n<tr style=\"padding-left: 30px;\">\n<td style=\"padding-left: 30px;\" width=\"155\">\n<p style=\"padding-left: 30px;\"><span style=\"color: #000000;\">Agn\u00e8s Ferr\u00e9<\/span><\/p>\n<\/td>\n<td style=\"padding-left: 30px;\" width=\"119\">\n<p style=\"padding-left: 30px;\"><span style=\"color: #000000;\">26.000\u20ac<\/span><\/p>\n<\/td>\n<td style=\"padding-left: 30px;\" width=\"170\">\n<p style=\"padding-left: 30px;\"><span style=\"color: #000000;\">Agn\u00e8s Ferr\u00e9<\/span><\/p>\n<\/td>\n<td style=\"padding-left: 30px;\" width=\"85\">\n<p style=\"padding-left: 30px;\"><span style=\"color: #000000;\">26.000\u20ac<\/span><\/p>\n<\/td>\n<\/tr>\n<tr style=\"padding-left: 30px;\">\n<td style=\"padding-left: 30px;\" width=\"155\">\n<p style=\"padding-left: 30px;\"><span style=\"color: #000000;\">Maguy Antol\u00edn<\/span><\/p>\n<\/td>\n<td style=\"padding-left: 30px;\" width=\"119\">\n<p style=\"padding-left: 30px;\"><span style=\"color: #000000;\">34.000\u20ac<\/span><\/p>\n<\/td>\n<td style=\"padding-left: 30px;\" width=\"170\">\n<p style=\"padding-left: 30px;\"><span style=\"color: #000000;\">Judith Vidal<\/span><\/p>\n<\/td>\n<td style=\"padding-left: 30px;\" width=\"85\">\n<p style=\"padding-left: 30px;\"><span style=\"color: #000000;\">20.000\u20ac<\/span><\/p>\n<\/td>\n<\/tr>\n<tr style=\"padding-left: 30px;\">\n<td style=\"padding-left: 30px;\" width=\"155\">\n<p style=\"padding-left: 30px;\"><span style=\"color: #000000;\">Judith Vidal<\/span><\/p>\n<\/td>\n<td style=\"padding-left: 30px;\" width=\"119\">\n<p style=\"padding-left: 30px;\"><span style=\"color: #000000;\">16.000\u20ac<\/span><\/p>\n<\/td>\n<td style=\"padding-left: 30px;\" width=\"170\">\n<p style=\"padding-left: 30px;\"><span style=\"color: #000000;\">Leo Uceda<\/span><\/p>\n<\/td>\n<td style=\"padding-left: 30px;\" width=\"85\">\n<p style=\"padding-left: 30px;\"><span style=\"color: #000000;\">20.000\u20ac<\/span><\/p>\n<\/td>\n<\/tr>\n<tr style=\"padding-left: 30px;\">\n<td style=\"padding-left: 30px;\" width=\"155\">\n<p style=\"padding-left: 30px;\"><span style=\"color: #000000;\">Leo Uceda<\/span><\/p>\n<\/td>\n<td style=\"padding-left: 30px;\" width=\"119\">\n<p style=\"padding-left: 30px;\"><span style=\"color: #000000;\">16.000\u20ac<\/span><\/p>\n<\/td>\n<td style=\"padding-left: 30px;\" width=\"170\">\n<p style=\"padding-left: 30px;\"><span style=\"color: #000000;\">Feliu Gil<\/span><\/p>\n<\/td>\n<td style=\"padding-left: 30px;\" width=\"85\">\n<p style=\"padding-left: 30px;\"><span style=\"color: #000000;\">20.000\u20ac<\/span><\/p>\n<\/td>\n<\/tr>\n<tr style=\"padding-left: 30px;\">\n<td style=\"padding-left: 30px;\" width=\"155\">\n<p style=\"padding-left: 30px;\"><span style=\"color: #000000;\">Feliu Gil<\/span><\/p>\n<\/td>\n<td style=\"padding-left: 30px;\" width=\"119\">\n<p style=\"padding-left: 30px;\"><span style=\"color: #000000;\">16.000\u20ac<\/span><\/p>\n<\/td>\n<td style=\"padding-left: 30px;\" width=\"170\">\n<p style=\"padding-left: 30px;\"><span style=\"color: #000000;\">Paqui Cepas<\/span><\/p>\n<\/td>\n<td style=\"padding-left: 30px;\" width=\"85\">\n<p style=\"padding-left: 30px;\"><span style=\"color: #000000;\">10.000\u20ac<\/span><\/p>\n<\/td>\n<\/tr>\n<tr style=\"padding-left: 30px;\">\n<td style=\"padding-left: 30px;\" width=\"155\">\n<p style=\"padding-left: 30px;\"><span style=\"color: #000000;\">C\u00e0rrec de confian\u00e7a adscrit a les regidories de Maguy Antol\u00edn<\/span><\/p>\n<\/td>\n<td style=\"padding-left: 30px;\" width=\"119\">\n<p style=\"padding-left: 30px;\"><span style=\"color: #000000;\">21.900\u20ac<\/span><\/p>\n<\/td>\n<td style=\"padding-left: 30px;\" width=\"170\"><\/td>\n<td style=\"padding-left: 30px;\" width=\"85\"><\/td>\n<\/tr>\n<tr style=\"padding-left: 30px;\">\n<td style=\"padding-left: 30px;\" width=\"155\">\n<p style=\"padding-left: 30px;\"><span style=\"color: #000000;\"><strong>TOTAL<\/strong><\/span><\/p>\n<\/td>\n<td style=\"padding-left: 30px;\" width=\"119\">\n<p style=\"padding-left: 30px;\"><span style=\"color: #000000;\"><strong>129.000\u20ac<\/strong><\/span><\/p>\n<\/td>\n<td style=\"padding-left: 30px;\" width=\"170\">\n<p style=\"padding-left: 30px;\"><span style=\"color: #000000;\"><strong>\u00a0<\/strong><\/span><\/p>\n<\/td>\n<td style=\"padding-left: 30px;\" width=\"85\">\n<p style=\"padding-left: 30px;\"><span style=\"color: #000000;\"><strong>96.000\u20ac<\/strong><\/span><\/p>\n<\/td>\n<\/tr>\n<\/tbody>\n<\/table>\n<p style=\"padding-left: 30px;\"><span style=\"color: #000000;\">R\u00e8gim d\u2019indemnitzacions per assist\u00e8ncia als \u00f2rgans col\u00b7legiats:<\/span><\/p>\n<p style=\"padding-left: 30px;\"><span style=\"color: #000000;\"><u>Ple:<\/u> 80\u20ac\/sessi\u00f3 (el mateix import que el mandat 2015\/2019)<\/span><\/p>\n<p style=\"padding-left: 30px;\"><span style=\"color: #000000;\"><u>Junta de Govern Local:<\/u> 150\u20ac\/sessi\u00f3 (el mateix import que el mandat 2015\/2019)<\/span><\/p>\n<p style=\"padding-left: 30px;\"><span style=\"color: #000000;\"><u>Comissi\u00f3 especial de comptes:<\/u> 80\u20ac\/sessi\u00f3 (el mateix import que el mandat 2015\/2019)<\/span><\/p>\n<p style=\"padding-left: 30px;\"><span style=\"color: #000000;\">Aquestes indemnitzacions les cobraran els regidors que formin part dels \u00f2rgans col\u00b7legiats (Ple, Junta de Govern, Comissi\u00f3 especial de comptes), hi assisteixin i no cobrin sous de l\u2019Ajuntament.<\/span><\/p>\n<p style=\"padding-left: 30px;\"><span style=\"color: #000000;\"><u>S\u2019aprova per majoria <\/u>amb els vots a favor de: Comprom\u00eds amb la Bisbal (6), PSC (2), ARA la Bisbal (1) i ERC (1)<\/span><\/p>\n<p style=\"padding-left: 30px;\"><span style=\"color: #000000;\">Vots en contra: 0<\/span><\/p>\n<p style=\"padding-left: 30px;\"><span style=\"color: #000000;\">Abstencions:<\/span><\/p>\n<ol start=\"6\">\n<li><span style=\"color: #000000;\"><strong>Activitat de control: donar compte del Decret d\u2019alcaldia de la designaci\u00f3 dels tinents d\u2019alcalde de l\u2019Ajuntament de la Bisbal del Pened\u00e8s.<\/strong><\/span><\/li>\n<\/ol>\n<p style=\"padding-left: 30px;\"><span style=\"color: #000000;\">Es designa com a:<\/span><\/p>\n<p style=\"padding-left: 30px;\"><span style=\"color: #000000;\">1a tinent alcaldia: Judith Vidal Vilella<\/span><\/p>\n<p style=\"padding-left: 30px;\"><span style=\"color: #000000;\">2a tinent alcaldia: Leonor Uceda Mart\u00edn<\/span><\/p>\n<hr \/>\n<p>&nbsp;<\/p>\n<p><a href=\"http:\/\/bisbalpenedes.com\/web\/wp-content\/uploads\/2019\/06\/ple-exttraordinari-190620.jpg\"><img loading=\"lazy\" class=\"aligncenter size-large wp-image-9835\" src=\"http:\/\/bisbalpenedes.com\/web\/wp-content\/uploads\/2019\/06\/ple-exttraordinari-190620-1024x768.jpg\" alt=\"ple exttraordinari 190620\" width=\"630\" height=\"473\" srcset=\"https:\/\/bisbalpenedes.com\/web\/wp-content\/uploads\/2019\/06\/ple-exttraordinari-190620-1024x768.jpg 1024w, https:\/\/bisbalpenedes.com\/web\/wp-content\/uploads\/2019\/06\/ple-exttraordinari-190620-600x450.jpg 600w, https:\/\/bisbalpenedes.com\/web\/wp-content\/uploads\/2019\/06\/ple-exttraordinari-190620-300x225.jpg 300w, https:\/\/bisbalpenedes.com\/web\/wp-content\/uploads\/2019\/06\/ple-exttraordinari-190620-768x576.jpg 768w\" sizes=\"(max-width: 630px) 100vw, 630px\" \/><\/a><\/p>\n<p><span style=\"color: #000000;\"><strong>CASTELLANO |\u00a0<\/strong><\/span><span style=\"color: #000000;\">Este jueves 20 de junio, a las 20:30h, ha tenido lugar un Pleno extraordinario con motivo de la organizaci\u00f3n del nuevo consistorio.<\/span><\/p>\n<p><span style=\"color: #000000;\">El concejal Xavier Faura (Units per la Bisbal \u2013 FIC) ha llegado con retraso a la sesi\u00f3n plenaria y, por este motivo, no ha votado en los puntos 1, 2, 3, 4 y 5.<\/span><\/p>\n<ol>\n<li><span style=\"color: #000000;\"><strong>Propuesta de periodicidad de las sesiones ordinarias del Pleno de la Corporaci\u00f3n.<\/strong><\/span><\/li>\n<\/ol>\n<p style=\"padding-left: 30px;\"><span style=\"color: #000000;\">Se propone celebrar sesiones ordinarias de forma trimestral en marzo, junio, septiembre y diciembre, el tercer lunes de mes a las 19:00h. En caso que fuese d\u00eda festivo, la sesi\u00f3n se celebrar\u00eda el siguiente d\u00eda laborable.<\/span><\/p>\n<p style=\"padding-left: 30px;\"><span style=\"color: #000000;\"><u>Se aprueba por mayor\u00eda<\/u> con los votos a favor de: Comprom\u00eds amb la Bisbal (6), PSC (2), ARA la Bisbal (1) y ERC (1).<\/span><\/p>\n<p style=\"padding-left: 30px;\"><span style=\"color: #000000;\">Votos en contra: 0<\/span><\/p>\n<p style=\"padding-left: 30px;\"><span style=\"color: #000000;\">Abstenciones: 0<\/span><\/p>\n<ol start=\"2\">\n<li><span style=\"color: #000000;\"><strong>Propuesta de constituci\u00f3n de la Junta de Gobierno local.<\/strong><\/span><\/li>\n<\/ol>\n<p style=\"padding-left: 30px;\"><span style=\"color: #000000;\">Propuesta de constituci\u00f3n de la Junta de Gobierno Local, un \u00f3rgano colegiado que se propone que est\u00e9 formado por la alcaldesa y 3 concejales\/as que ser\u00e1n nombrados por la alcaldesa mediante Decreto de alcald\u00eda. Las Juntas de Gobierno Local se celebrar\u00e1n quincenalmente.<\/span><\/p>\n<p style=\"padding-left: 30px;\"><span style=\"color: #000000;\"><u>Se aprueba por mayor\u00eda<\/u> con los votos a favor de: Comprom\u00eds amb la Bisbal (6), PSC (2), ARA la Bisbal (1) y ERC (1).<\/span><\/p>\n<p style=\"padding-left: 30px;\"><span style=\"color: #000000;\">Votos en contra: 0<\/span><\/p>\n<p style=\"padding-left: 30px;\"><span style=\"color: #000000;\">Abstenciones: 0<\/span><\/p>\n<ol start=\"3\">\n<li><span style=\"color: #000000;\"><strong>Propuesta de composici\u00f3n de la Comisi\u00f3n Especial de Cuentas. <\/strong><\/span><\/li>\n<\/ol>\n<p style=\"padding-left: 30px;\"><span style=\"color: #000000;\">La Comisi\u00f3n especial de cuentas es un \u00f3rgano colegiado, de car\u00e1cter especial, que tiene por objeto examinar e informar de la Cuenta General de la Corporaci\u00f3n. Est\u00e1 formada por:<\/span><\/p>\n<ul>\n<li><span style=\"color: #000000;\">Presidencia: alcaldesa<\/span><\/li>\n<li><span style=\"color: #000000;\">Vocales: un representante de cada grupo pol\u00edtico municipal<\/span><\/li>\n<li><span style=\"color: #000000;\">Secretaria: secretaria municipal<\/span><\/li>\n<\/ul>\n<p style=\"padding-left: 30px;\"><span style=\"color: #000000;\">Se aplica el sistema de voto ponderado en la Comisi\u00f3n de Cuentas, de manera que el representante de cada partido vota en nombre de los concejales\/as de ese partido.<\/span><\/p>\n<p style=\"padding-left: 30px;\"><span style=\"color: #000000;\">La propuesta de composici\u00f3n es:<\/span><\/p>\n<p style=\"padding-left: 30px;\"><span style=\"color: #000000;\">Presidencia: Agn\u00e8s Ferr\u00e9 Ca\u00f1ellas (Comprom\u00eds amb la Bisbal).<\/span><\/p>\n<p style=\"padding-left: 30px;\"><span style=\"color: #000000;\">Vocales:<\/span><\/p>\n<ul>\n<li><span style=\"color: #000000;\">Feliu Gil Esteve (Comprom\u00eds amb la Bisbal)<\/span><\/li>\n<li><span style=\"color: #000000;\">Daniel Caballero Casta\u00f1o (PSC)<\/span><\/li>\n<li><span style=\"color: #000000;\">Xavier Faura Burgos (Units per la Bisbal)<\/span><\/li>\n<li><span style=\"color: #000000;\">Maguy Antol\u00edn Manso (Ara la Bisbal)<\/span><\/li>\n<li><span style=\"color: #000000;\">S\u00edlvia Montfort Costa (ERC)<\/span><\/li>\n<\/ul>\n<p style=\"padding-left: 30px;\"><span style=\"color: #000000;\"><u>Se aprueba por mayor\u00eda<\/u> con los votos a favor de: Comprom\u00eds amb la Bisbal (6), PSC (2), ARA la Bisbal (1) y ERC (1).<\/span><\/p>\n<p style=\"padding-left: 30px;\"><span style=\"color: #000000;\">Votos en contra: 0<\/span><\/p>\n<p style=\"padding-left: 30px;\"><span style=\"color: #000000;\">Abstenciones: 0<\/span><\/p>\n<ol start=\"4\">\n<li><span style=\"color: #000000;\"><strong>Propuesta de nombramiento de los representantes de la Corporaci\u00f3n en varios organismos.<\/strong><\/span><\/li>\n<\/ol>\n<p style=\"padding-left: 30px;\"><span style=\"color: #000000;\">Se propone:<\/span><\/p>\n<ul>\n<li><span style=\"color: #000000;\">Representante del Ayuntamiento en el Consell Escolar de la Escola p\u00fablica Ull de Vent: Leo Uceda.<\/span><\/li>\n<li><span style=\"color: #000000;\">Representante del Ayuntamiento en el Consell Escolar del IES Coster de la Torre: Leo Uceda.<\/span><\/li>\n<li><span style=\"color: #000000;\">Representante del Ayuntamiento en la Mancomunitat de l\u2019Albornar: Agn\u00e8s Ferr\u00e9, Judith Vidal y Leo Uceda.<\/span><\/li>\n<li><span style=\"color: #000000;\">Representante del Ayuntamiento en el Consorci de Promoci\u00f3 Tur\u00edstica del Pened\u00e8s: Judith Vidal.<\/span><\/li>\n<\/ul>\n<p style=\"padding-left: 30px;\"><span style=\"color: #000000;\"><u>Se aprueba <\/u>con los votos a favor de: Comprom\u00eds amb la Bisbal (6), PSC (2) y ARA la Bisbal (1).<\/span><br \/>\n<span style=\"color: #000000;\"> Votos en contra:<\/span><br \/>\n<span style=\"color: #000000;\"> Abstenciones: ERC (1).<\/span><\/p>\n<ol start=\"5\">\n<li><span style=\"color: #000000;\"><strong>Propuesta del r\u00e9gimen de retribuciones e indemnizaciones de los miembros de la Corporaci\u00f3n. <\/strong><\/span><\/li>\n<\/ol>\n<p style=\"padding-left: 30px;\"><span style=\"color: #000000;\">Se propone el siguiente r\u00e9gimen de dedicaci\u00f3n y retribuciones para los concejales y las concejalas del Ayuntamiento de la Bisbal del Pened\u00e8s:<\/span><\/p>\n<p style=\"padding-left: 30px;\"><span style=\"color: #000000;\"><strong>Agn\u00e8s Ferr\u00e9:<\/strong> dedicaci\u00f3n exclusiva: 26.000\u20ac brutos anuales (lo mismo que en el mandato 2015\/2019).<\/span><\/p>\n<p style=\"padding-left: 30px;\"><span style=\"color: #000000;\"><strong>Judith Vidal:<\/strong> dedicaci\u00f3n parcial del 85%: 20.000\u20ac brutos anuales (en el mandato 2015\/2019 eran 16.000\u20ac brutos anuales).<\/span><\/p>\n<p style=\"padding-left: 30px;\"><span style=\"color: #000000;\"><strong>Leo Uceda:<\/strong> dedicaci\u00f3n parcial del 85%: 20.000\u20ac brutos anuales (en el mandato 2015\/2019 eran 16.000\u20ac brutos anuales).<\/span><\/p>\n<p style=\"padding-left: 30px;\"><span style=\"color: #000000;\"><strong>Feliu Gil:<\/strong> dedicaci\u00f3n parcial del 85%: 20.000\u20ac brutos anuales (en el mandato 2015\/2019 eren 16.000\u20ac brutos anuales).<\/span><\/p>\n<p style=\"padding-left: 30px;\"><span style=\"color: #000000;\"><strong>Paqui Cepas:<\/strong> dedicaci\u00f3n parcial del 42,5%: 10.000\u20ac brutos anuales.<\/span><\/p>\n<p style=\"padding-left: 30px;\"><span style=\"color: #000000;\"><strong><u>Total anual:<\/u><\/strong> 96.000\u20ac (ahorro anual de 33.900\u20ac en comparaci\u00f3n con el mandato anterior).<\/span><\/p>\n<table width=\"529\">\n<tbody>\n<tr>\n<td colspan=\"4\" width=\"529\"><span style=\"color: #000000;\"><strong>TABLA COMPARATIVA CON EL MANDATO ANTERIOR <\/strong>(importes brutos)<\/span><\/td>\n<\/tr>\n<tr>\n<td colspan=\"2\" width=\"274\"><span style=\"color: #000000;\"><strong>Mandato 2015\/2019 <\/strong><\/span><\/p>\n<p><span style=\"color: #000000;\">(hasta principios del mes de agosto del 2018)<\/span><\/td>\n<td colspan=\"2\" width=\"255\"><span style=\"color: #000000;\"><strong>Mandato 2019\/2023<\/strong><\/span><\/td>\n<\/tr>\n<tr>\n<td width=\"155\"><span style=\"color: #000000;\">Agn\u00e8s Ferr\u00e9<\/span><\/td>\n<td width=\"119\"><span style=\"color: #000000;\">26.000\u20ac<\/span><\/td>\n<td width=\"170\"><span style=\"color: #000000;\">Agn\u00e8s Ferr\u00e9<\/span><\/td>\n<td width=\"85\"><span style=\"color: #000000;\">26.000\u20ac<\/span><\/td>\n<\/tr>\n<tr>\n<td width=\"155\"><span style=\"color: #000000;\">Maguy Antol\u00edn<\/span><\/td>\n<td width=\"119\"><span style=\"color: #000000;\">34.000\u20ac<\/span><\/td>\n<td width=\"170\"><span style=\"color: #000000;\">Judith Vidal<\/span><\/td>\n<td width=\"85\"><span style=\"color: #000000;\">20.000\u20ac<\/span><\/td>\n<\/tr>\n<tr>\n<td width=\"155\"><span style=\"color: #000000;\">Judith Vidal<\/span><\/td>\n<td width=\"119\"><span style=\"color: #000000;\">16.000\u20ac<\/span><\/td>\n<td width=\"170\"><span style=\"color: #000000;\">Leo Uceda<\/span><\/td>\n<td width=\"85\"><span style=\"color: #000000;\">20.000\u20ac<\/span><\/td>\n<\/tr>\n<tr>\n<td width=\"155\"><span style=\"color: #000000;\">Leo Uceda<\/span><\/td>\n<td width=\"119\"><span style=\"color: #000000;\">16.000\u20ac<\/span><\/td>\n<td width=\"170\"><span style=\"color: #000000;\">Feliu Gil<\/span><\/td>\n<td width=\"85\"><span style=\"color: #000000;\">20.000\u20ac<\/span><\/td>\n<\/tr>\n<tr>\n<td width=\"155\"><span style=\"color: #000000;\">Feliu Gil<\/span><\/td>\n<td width=\"119\"><span style=\"color: #000000;\">16.000\u20ac<\/span><\/td>\n<td width=\"170\"><span style=\"color: #000000;\">Paqui Cepas<\/span><\/td>\n<td width=\"85\"><span style=\"color: #000000;\">10.000\u20ac<\/span><\/td>\n<\/tr>\n<tr>\n<td width=\"155\"><span style=\"color: #000000;\">Cargo de confianza adscrito a las concejal\u00edas de Maguy Antol\u00edn<\/span><\/td>\n<td width=\"119\"><span style=\"color: #000000;\">21.900\u20ac<\/span><\/td>\n<td width=\"170\"><\/td>\n<td width=\"85\"><\/td>\n<\/tr>\n<tr>\n<td width=\"155\"><span style=\"color: #000000;\"><strong>TOTAL<\/strong><\/span><\/td>\n<td width=\"119\"><span style=\"color: #000000;\"><strong>129.000\u20ac<\/strong><\/span><\/td>\n<td width=\"170\"><span style=\"color: #000000;\"><strong>\u00a0<\/strong><\/span><\/td>\n<td width=\"85\"><span style=\"color: #000000;\"><strong>96.000\u20ac<\/strong><\/span><\/td>\n<\/tr>\n<\/tbody>\n<\/table>\n<p>&nbsp;<\/p>\n<p style=\"padding-left: 30px;\"><span style=\"color: #000000;\">R\u00e9gimen de indemnizaciones por asistencia a los \u00f3rganos colegiados:<\/span><\/p>\n<p><span style=\"color: #000000;\">\u00a0\u00a0\u00a0\u00a0\u00a0\u00a0\u00a0 <u>Pleno:<\/u> 80\u20ac\/sesi\u00f3n (el mismo importe que el mandato 2015\/2019).<\/span><\/p>\n<p><span style=\"color: #000000;\">\u00a0\u00a0\u00a0\u00a0\u00a0\u00a0\u00a0 <u>Junta de Gobierno Local:<\/u> 150\u20ac\/sesi\u00f3n (el mismo importe que el mandato 2015\/2019).<\/span><\/p>\n<p><span style=\"color: #000000;\">\u00a0\u00a0\u00a0\u00a0\u00a0\u00a0\u00a0 <u>Comisi\u00f3n especial de cuentas:<\/u> 80\u20ac\/sesi\u00f3n (el mismo importe que el mandato 2015\/2019).<\/span><\/p>\n<p style=\"padding-left: 30px;\"><span style=\"color: #000000;\">Estas indemnizaciones las cobrar\u00e1n los concejales que formen parte de los \u00f3rganos colegiados (Pleno, Junta de Gobierno, Comisi\u00f3n especial de cuentas), asistan a ellos y no cobren sueldos del Ayuntamiento.<\/span><\/p>\n<p style=\"padding-left: 30px;\"><span style=\"color: #000000;\"><u>Se aprueba por mayor\u00eda<\/u> con los votos a favor de: Comprom\u00eds amb la Bisbal (6), PSC (2), ARA la Bisbal (1) y ERC (1).<\/span><\/p>\n<p style=\"padding-left: 30px;\"><span style=\"color: #000000;\">Votos en contra: 0<\/span><\/p>\n<p style=\"padding-left: 30px;\"><span style=\"color: #000000;\">Abstenciones: 0<\/span><\/p>\n<ol start=\"6\">\n<li><span style=\"color: #000000;\"><strong>Actividad de control: dar cuenta del Decreto de alcald\u00eda de la designaci\u00f3n de los tenientes de alcalde del Ayuntamiento de la Bisbal del Pened\u00e8s.<\/strong><\/span><\/li>\n<\/ol>\n<p style=\"padding-left: 30px;\"><span style=\"color: #000000;\">Se designa a:<\/span><\/p>\n<p style=\"padding-left: 30px;\"><span style=\"color: #000000;\">1\u00aa teniente de alcald\u00eda: Judith Vidal Vilella<\/span><\/p>\n<p style=\"padding-left: 30px;\"><span style=\"color: #000000;\">2\u00aa teniente de alcald\u00eda: Leonor Uceda Mart\u00edn<\/span><\/p>\n<p style=\"text-align: center;\"><iframe loading=\"lazy\" src=\"https:\/\/www.youtube.com\/embed\/iLbKIL8mqDk\" width=\"560\" height=\"315\" frameborder=\"0\" allowfullscreen=\"allowfullscreen\"><\/iframe><\/p>\n","protected":false},"excerpt":{"rendered":"<p>Aquest dijous 20 de juny, a les 20:30h, ha tingut lloc un Ple extraordinari amb motiu de l\u2019organitzaci\u00f3 del nou consistori. El regidor Xavier Faura (Units per la Bisbal \u2013 &hellip; <a href=\"https:\/\/bisbalpenedes.com\/web\/2019\/06\/21\/aquest-dijous-20-de-juny-ha-tingut-lloc-un-ple-extraordinari-a-lajuntament-de-la-bisbal-del-penedes\/\" class=\"more-link\">Read More<\/a><\/p>\n","protected":false},"author":4,"featured_media":9835,"comment_status":"closed","ping_status":"closed","sticky":false,"template":"","format":"standard","meta":[],"categories":[8,2250],"tags":[2077,777,423,2686,3084],"_links":{"self":[{"href":"https:\/\/bisbalpenedes.com\/web\/wp-json\/wp\/v2\/posts\/9831"}],"collection":[{"href":"https:\/\/bisbalpenedes.com\/web\/wp-json\/wp\/v2\/posts"}],"about":[{"href":"https:\/\/bisbalpenedes.com\/web\/wp-json\/wp\/v2\/types\/post"}],"author":[{"embeddable":true,"href":"https:\/\/bisbalpenedes.com\/web\/wp-json\/wp\/v2\/users\/4"}],"replies":[{"embeddable":true,"href":"https:\/\/bisbalpenedes.com\/web\/wp-json\/wp\/v2\/comments?post=9831"}],"version-history":[{"count":6,"href":"https:\/\/bisbalpenedes.com\/web\/wp-json\/wp\/v2\/posts\/9831\/revisions"}],"predecessor-version":[{"id":9839,"href":"https:\/\/bisbalpenedes.com\/web\/wp-json\/wp\/v2\/posts\/9831\/revisions\/9839"}],"wp:featuredmedia":[{"embeddable":true,"href":"https:\/\/bisbalpenedes.com\/web\/wp-json\/wp\/v2\/media\/9835"}],"wp:attachment":[{"href":"https:\/\/bisbalpenedes.com\/web\/wp-json\/wp\/v2\/media?parent=9831"}],"wp:term":[{"taxonomy":"category","embeddable":true,"href":"https:\/\/bisbalpenedes.com\/web\/wp-json\/wp\/v2\/categories?post=9831"},{"taxonomy":"post_tag","embeddable":true,"href":"https:\/\/bisbalpenedes.com\/web\/wp-json\/wp\/v2\/tags?post=9831"}],"curies":[{"name":"wp","href":"https:\/\/api.w.org\/{rel}","templated":true}]}}