{"id":9798,"date":"2019-06-18T09:22:33","date_gmt":"2019-06-18T08:22:33","guid":{"rendered":"http:\/\/bisbalpenedes.com\/web\/?p=9798"},"modified":"2019-06-18T09:22:33","modified_gmt":"2019-06-18T08:22:33","slug":"revetlla-de-sant-joan-2019-arribada-de-la-flama-del-canigo-i-festa-a-la-piscina-municipal","status":"publish","type":"post","link":"https:\/\/bisbalpenedes.com\/web\/2019\/06\/18\/revetlla-de-sant-joan-2019-arribada-de-la-flama-del-canigo-i-festa-a-la-piscina-municipal\/","title":{"rendered":"Revetlla de Sant Joan 2019: arribada de la Flama del Canig\u00f3 i festa a la piscina municipal"},"content":{"rendered":"<p style=\"text-align: justify;\"><span style=\"color: #000000;\">El proper diumenge 23 de juny, a les 19h, arribar\u00e0 la Flama del Canig\u00f3 a la Bisbal del Pened\u00e8s. A l&#8217;aparcament de l&#8217;Escola Ull de Vent hi haur\u00e0 una zona habilitada per\u00a0tirar coets i focs d&#8217;artifici i tamb\u00e9 per a la foguera de Sant Joan.\u00a0<\/span><\/p>\n<p style=\"text-align: justify;\"><span style=\"color: #000000;\">D&#8217;altra banda, a partir de les 21.30h la piscina municipal acollir\u00e0 un sopar de revetlla i hi haur\u00e0 m\u00fasica tota la nit. Per apuntar-s&#8217;hi cal que truqueu al 629339613 (Nina)<\/span><\/p>\n<hr \/>\n<p style=\"text-align: justify;\"><span style=\"color: #000000;\"><strong>CASTELLANO |<\/strong> El pr\u00f3ximo domingo 23 de junio, a las 19h, llegar\u00e1 la Flama del Canig\u00f3 a la Bisbal del Pened\u00e8s. En el aparcamiento de la Escola Ull de Vent habr\u00e1 una zona habilitada para tirar cohetes y fuegos artificiales y tambi\u00e9n para la hoguera de San Juan.<\/span><\/p>\n<p style=\"text-align: justify;\"><span style=\"color: #000000;\">por otro lado, a partir de las 21:30h la piscina municipal acoger\u00e1 una cena de verbena y habr\u00e1 m\u00fasica toda la noche. para apuntarse hay que llamar al 629339613 (Nina).<\/span><\/p>\n<p><a href=\"http:\/\/bisbalpenedes.com\/web\/wp-content\/uploads\/2019\/06\/flama-canigo-19-a.jpg\"><img loading=\"lazy\" class=\"aligncenter size-large wp-image-9799\" src=\"http:\/\/bisbalpenedes.com\/web\/wp-content\/uploads\/2019\/06\/flama-canigo-19-a-724x1024.jpg\" alt=\"flama-canigo-19-a\" width=\"630\" height=\"891\" srcset=\"https:\/\/bisbalpenedes.com\/web\/wp-content\/uploads\/2019\/06\/flama-canigo-19-a-724x1024.jpg 724w, https:\/\/bisbalpenedes.com\/web\/wp-content\/uploads\/2019\/06\/flama-canigo-19-a-600x849.jpg 600w, https:\/\/bisbalpenedes.com\/web\/wp-content\/uploads\/2019\/06\/flama-canigo-19-a-212x300.jpg 212w, https:\/\/bisbalpenedes.com\/web\/wp-content\/uploads\/2019\/06\/flama-canigo-19-a-768x1086.jpg 768w, https:\/\/bisbalpenedes.com\/web\/wp-content\/uploads\/2019\/06\/flama-canigo-19-a.jpg 1240w\" sizes=\"(max-width: 630px) 100vw, 630px\" \/><\/a> <a href=\"http:\/\/bisbalpenedes.com\/web\/wp-content\/uploads\/2019\/06\/Sant_joa_piscina_2019_d.jpg\"><img loading=\"lazy\" class=\"aligncenter size-large wp-image-9800\" src=\"http:\/\/bisbalpenedes.com\/web\/wp-content\/uploads\/2019\/06\/Sant_joa_piscina_2019_d-730x1024.jpg\" alt=\"Sant_joa_piscina_2019_d\" width=\"630\" height=\"884\" srcset=\"https:\/\/bisbalpenedes.com\/web\/wp-content\/uploads\/2019\/06\/Sant_joa_piscina_2019_d-730x1024.jpg 730w, https:\/\/bisbalpenedes.com\/web\/wp-content\/uploads\/2019\/06\/Sant_joa_piscina_2019_d-600x841.jpg 600w, https:\/\/bisbalpenedes.com\/web\/wp-content\/uploads\/2019\/06\/Sant_joa_piscina_2019_d-214x300.jpg 214w, https:\/\/bisbalpenedes.com\/web\/wp-content\/uploads\/2019\/06\/Sant_joa_piscina_2019_d-768x1077.jpg 768w, https:\/\/bisbalpenedes.com\/web\/wp-content\/uploads\/2019\/06\/Sant_joa_piscina_2019_d.jpg 1313w\" sizes=\"(max-width: 630px) 100vw, 630px\" \/><\/a><\/p>\n","protected":false},"excerpt":{"rendered":"<p>El proper diumenge 23 de juny, a les 19h, arribar\u00e0 la Flama del Canig\u00f3 a la Bisbal del Pened\u00e8s. A l&#8217;aparcament de l&#8217;Escola Ull de Vent hi haur\u00e0 una zona &hellip; <a href=\"https:\/\/bisbalpenedes.com\/web\/2019\/06\/18\/revetlla-de-sant-joan-2019-arribada-de-la-flama-del-canigo-i-festa-a-la-piscina-municipal\/\" class=\"more-link\">Read More<\/a><\/p>\n","protected":false},"author":4,"featured_media":9800,"comment_status":"closed","ping_status":"closed","sticky":false,"template":"","format":"standard","meta":[],"categories":[1042],"tags":[551,553,552,74,537,126],"_links":{"self":[{"href":"https:\/\/bisbalpenedes.com\/web\/wp-json\/wp\/v2\/posts\/9798"}],"collection":[{"href":"https:\/\/bisbalpenedes.com\/web\/wp-json\/wp\/v2\/posts"}],"about":[{"href":"https:\/\/bisbalpenedes.com\/web\/wp-json\/wp\/v2\/types\/post"}],"author":[{"embeddable":true,"href":"https:\/\/bisbalpenedes.com\/web\/wp-json\/wp\/v2\/users\/4"}],"replies":[{"embeddable":true,"href":"https:\/\/bisbalpenedes.com\/web\/wp-json\/wp\/v2\/comments?post=9798"}],"version-history":[{"count":1,"href":"https:\/\/bisbalpenedes.com\/web\/wp-json\/wp\/v2\/posts\/9798\/revisions"}],"predecessor-version":[{"id":9801,"href":"https:\/\/bisbalpenedes.com\/web\/wp-json\/wp\/v2\/posts\/9798\/revisions\/9801"}],"wp:featuredmedia":[{"embeddable":true,"href":"https:\/\/bisbalpenedes.com\/web\/wp-json\/wp\/v2\/media\/9800"}],"wp:attachment":[{"href":"https:\/\/bisbalpenedes.com\/web\/wp-json\/wp\/v2\/media?parent=9798"}],"wp:term":[{"taxonomy":"category","embeddable":true,"href":"https:\/\/bisbalpenedes.com\/web\/wp-json\/wp\/v2\/categories?post=9798"},{"taxonomy":"post_tag","embeddable":true,"href":"https:\/\/bisbalpenedes.com\/web\/wp-json\/wp\/v2\/tags?post=9798"}],"curies":[{"name":"wp","href":"https:\/\/api.w.org\/{rel}","templated":true}]}}