{"id":9796,"date":"2019-06-18T09:02:45","date_gmt":"2019-06-18T08:02:45","guid":{"rendered":"http:\/\/bisbalpenedes.com\/web\/?p=9796"},"modified":"2019-06-19T10:07:52","modified_gmt":"2019-06-19T09:07:52","slug":"gaudiu-de-la-revetlla-de-sant-joan-amb-precaucio-2","status":"publish","type":"post","link":"https:\/\/bisbalpenedes.com\/web\/2019\/06\/18\/gaudiu-de-la-revetlla-de-sant-joan-amb-precaucio-2\/","title":{"rendered":"Gaudiu de la revetlla de Sant Joan amb precauci\u00f3"},"content":{"rendered":"<div class=\"\" data-block=\"true\" data-editor=\"19b4m\" data-offset-key=\"82pmf-0-0\">\n<div class=\"_1mf _1mj\" data-offset-key=\"82pmf-0-0\"><span style=\"color: #000000;\">S\u2019apropa una de les celebracions m\u00e9s esperades de l\u2019any per\u00f2 \u00e9s important que gaudim de la festa amb precauci\u00f3. Seguiu els consells de Protecci\u00f3 Civil i, si veieu foc, truqueu al 112.<\/span><\/div>\n<\/div>\n<div class=\"\" data-block=\"true\" data-editor=\"19b4m\" data-offset-key=\"7ua3j-0-0\"><span style=\"color: #000000;\">\u00a0<\/span><\/div>\n<div class=\"\" data-block=\"true\" data-editor=\"19b4m\" data-offset-key=\"dknnd-0-0\">\n<div class=\"_1mf _1mj\" data-offset-key=\"dknnd-0-0\"><span style=\"color: #000000;\">\u2014<\/span><\/div>\n<\/div>\n<div class=\"\" data-block=\"true\" data-editor=\"19b4m\" data-offset-key=\"5vo2q-0-0\"><span style=\"color: #000000;\">\u00a0<\/span><\/div>\n<div class=\"\" data-block=\"true\" data-editor=\"19b4m\" data-offset-key=\"3q6hi-0-0\">\n<div class=\"_1mf _1mj\" data-offset-key=\"3q6hi-0-0\"><span style=\"color: #000000;\">CASTELLANO | Se acerca una de las celebraciones m\u00e1s esperadas del a\u00f1o pero es importante que disfrutemos de la fiesta con precauci\u00f3n. Seguid los consejos de Protecci\u00f3 Civil y, si veis fuego, llamad al 112.<\/span><\/div>\n<div class=\"_1mf _1mj\" data-offset-key=\"3q6hi-0-0\"><a href=\"http:\/\/bisbalpenedes.com\/web\/wp-content\/uploads\/2018\/06\/Flyer_Revetlles_2018-001.jpg\"><img loading=\"lazy\" class=\"aligncenter size-large wp-image-6105\" src=\"http:\/\/bisbalpenedes.com\/web\/wp-content\/uploads\/2018\/06\/Flyer_Revetlles_2018-001-741x1024.jpg\" alt=\"Flyer_Revetlles_2018-001\" width=\"630\" height=\"871\" srcset=\"https:\/\/bisbalpenedes.com\/web\/wp-content\/uploads\/2018\/06\/Flyer_Revetlles_2018-001-741x1024.jpg 741w, https:\/\/bisbalpenedes.com\/web\/wp-content\/uploads\/2018\/06\/Flyer_Revetlles_2018-001-600x829.jpg 600w, https:\/\/bisbalpenedes.com\/web\/wp-content\/uploads\/2018\/06\/Flyer_Revetlles_2018-001-217x300.jpg 217w, https:\/\/bisbalpenedes.com\/web\/wp-content\/uploads\/2018\/06\/Flyer_Revetlles_2018-001-768x1061.jpg 768w, https:\/\/bisbalpenedes.com\/web\/wp-content\/uploads\/2018\/06\/Flyer_Revetlles_2018-001.jpg 923w\" sizes=\"(max-width: 630px) 100vw, 630px\" \/><\/a><\/div>\n<div class=\"_1mf _1mj\" data-offset-key=\"3q6hi-0-0\"><a href=\"http:\/\/bisbalpenedes.com\/web\/wp-content\/uploads\/2018\/06\/Flyer_Revetlles_2018-002.jpg\"><img loading=\"lazy\" class=\"aligncenter size-large wp-image-6106\" src=\"http:\/\/bisbalpenedes.com\/web\/wp-content\/uploads\/2018\/06\/Flyer_Revetlles_2018-002-741x1024.jpg\" alt=\"Flyer_Revetlles_2018-002\" width=\"630\" height=\"871\" srcset=\"https:\/\/bisbalpenedes.com\/web\/wp-content\/uploads\/2018\/06\/Flyer_Revetlles_2018-002-741x1024.jpg 741w, https:\/\/bisbalpenedes.com\/web\/wp-content\/uploads\/2018\/06\/Flyer_Revetlles_2018-002-600x829.jpg 600w, https:\/\/bisbalpenedes.com\/web\/wp-content\/uploads\/2018\/06\/Flyer_Revetlles_2018-002-217x300.jpg 217w, https:\/\/bisbalpenedes.com\/web\/wp-content\/uploads\/2018\/06\/Flyer_Revetlles_2018-002-768x1061.jpg 768w, https:\/\/bisbalpenedes.com\/web\/wp-content\/uploads\/2018\/06\/Flyer_Revetlles_2018-002.jpg 923w\" sizes=\"(max-width: 630px) 100vw, 630px\" \/><\/a><\/div>\n<\/div>\n","protected":false},"excerpt":{"rendered":"<p>S\u2019apropa una de les celebracions m\u00e9s esperades de l\u2019any per\u00f2 \u00e9s important que gaudim de la festa amb precauci\u00f3. Seguiu els consells de Protecci\u00f3 Civil i, si veieu foc, truqueu &hellip; <a href=\"https:\/\/bisbalpenedes.com\/web\/2019\/06\/18\/gaudiu-de-la-revetlla-de-sant-joan-amb-precaucio-2\/\" class=\"more-link\">Read More<\/a><\/p>\n","protected":false},"author":4,"featured_media":6105,"comment_status":"closed","ping_status":"closed","sticky":false,"template":"","format":"standard","meta":[],"categories":[1042],"tags":[],"_links":{"self":[{"href":"https:\/\/bisbalpenedes.com\/web\/wp-json\/wp\/v2\/posts\/9796"}],"collection":[{"href":"https:\/\/bisbalpenedes.com\/web\/wp-json\/wp\/v2\/posts"}],"about":[{"href":"https:\/\/bisbalpenedes.com\/web\/wp-json\/wp\/v2\/types\/post"}],"author":[{"embeddable":true,"href":"https:\/\/bisbalpenedes.com\/web\/wp-json\/wp\/v2\/users\/4"}],"replies":[{"embeddable":true,"href":"https:\/\/bisbalpenedes.com\/web\/wp-json\/wp\/v2\/comments?post=9796"}],"version-history":[{"count":1,"href":"https:\/\/bisbalpenedes.com\/web\/wp-json\/wp\/v2\/posts\/9796\/revisions"}],"predecessor-version":[{"id":9797,"href":"https:\/\/bisbalpenedes.com\/web\/wp-json\/wp\/v2\/posts\/9796\/revisions\/9797"}],"wp:featuredmedia":[{"embeddable":true,"href":"https:\/\/bisbalpenedes.com\/web\/wp-json\/wp\/v2\/media\/6105"}],"wp:attachment":[{"href":"https:\/\/bisbalpenedes.com\/web\/wp-json\/wp\/v2\/media?parent=9796"}],"wp:term":[{"taxonomy":"category","embeddable":true,"href":"https:\/\/bisbalpenedes.com\/web\/wp-json\/wp\/v2\/categories?post=9796"},{"taxonomy":"post_tag","embeddable":true,"href":"https:\/\/bisbalpenedes.com\/web\/wp-json\/wp\/v2\/tags?post=9796"}],"curies":[{"name":"wp","href":"https:\/\/api.w.org\/{rel}","templated":true}]}}