{"id":9793,"date":"2019-06-18T08:51:07","date_gmt":"2019-06-18T07:51:07","guid":{"rendered":"http:\/\/bisbalpenedes.com\/web\/?p=9793"},"modified":"2019-06-18T08:56:40","modified_gmt":"2019-06-18T07:56:40","slug":"el-dijous-20-de-juny-a-les-2030h-tindra-lloc-un-ple-extraordinari-a-lajuntament-de-la-bisbal","status":"publish","type":"post","link":"https:\/\/bisbalpenedes.com\/web\/2019\/06\/18\/el-dijous-20-de-juny-a-les-2030h-tindra-lloc-un-ple-extraordinari-a-lajuntament-de-la-bisbal\/","title":{"rendered":"El dijous 20 de juny a les 20:30h tindr\u00e0 lloc un Ple extraordinari a l&#8217;Ajuntament de la Bisbal"},"content":{"rendered":"<p style=\"text-align: justify;\"><a href=\"http:\/\/bisbalpenedes.com\/web\/wp-content\/uploads\/2019\/06\/Photo-15-06-2019-12-37-03.jpg\"><img loading=\"lazy\" class=\"aligncenter size-medium wp-image-9771\" src=\"http:\/\/bisbalpenedes.com\/web\/wp-content\/uploads\/2019\/06\/Photo-15-06-2019-12-37-03-300x169.jpg\" alt=\"Ple investidura\" width=\"300\" height=\"169\" srcset=\"https:\/\/bisbalpenedes.com\/web\/wp-content\/uploads\/2019\/06\/Photo-15-06-2019-12-37-03-300x169.jpg 300w, https:\/\/bisbalpenedes.com\/web\/wp-content\/uploads\/2019\/06\/Photo-15-06-2019-12-37-03-600x338.jpg 600w, https:\/\/bisbalpenedes.com\/web\/wp-content\/uploads\/2019\/06\/Photo-15-06-2019-12-37-03-768x432.jpg 768w, https:\/\/bisbalpenedes.com\/web\/wp-content\/uploads\/2019\/06\/Photo-15-06-2019-12-37-03-1024x576.jpg 1024w\" sizes=\"(max-width: 300px) 100vw, 300px\" \/><\/a><\/p>\n<p style=\"text-align: justify;\"><span style=\"color: #000000;\">Aquest dijous 20 de juny, a les 20:30h, tindr\u00e0 lloc un Ple extraordinari amb motiu de l'&#8221;organitzaci\u00f3 del nou Consistori&#8221;. Els punts a tractar s\u00f3n els seg\u00fcents:<\/span><\/p>\n<ol style=\"text-align: justify;\">\n<li><span style=\"color: #000000;\">Proposta per al Ple de la Corporaci\u00f3. Periodicitat de les sessions del Ple.<\/span><\/li>\n<li><span style=\"color: #000000;\">Aprovaci\u00f3 de la constituci\u00f3 de la Junta de Govern Local.<\/span><\/li>\n<li><span style=\"color: #000000;\">Proposta per al Ple de la Corporaci\u00f3. Composici\u00f3 de la comissi\u00f3 especial de comptes.<\/span><\/li>\n<li><span style=\"color: #000000;\">Proposta per al Ple de la Corporaci\u00f3. Nomenament dels representants de la Corporaci\u00f3.<\/span><\/li>\n<li><span style=\"color: #000000;\">Proposta al ple de r\u00e8gim de les retribucions.<\/span><\/li>\n<li><span style=\"color: #000000;\">Decret d&#8217;alcaldia de designaci\u00f3 dels Tinents d&#8217;Alcaldia de l&#8217;Ajuntament.<\/span><\/li>\n<\/ol>\n<hr \/>\n<p style=\"text-align: justify;\"><span style=\"color: #000000;\"><strong>CASTELLANO |<\/strong> Este jueves 20 de junio, a las 20:30h, tendr\u00e1 lugar un Pleno extraordinario con motivo de la &#8220;organizaci\u00f3n del nuevo Consistorio&#8221;. Los puntos a tratar son los siguientes:<\/span><\/p>\n<ol>\n<li style=\"text-align: justify;\"><span style=\"color: #000000;\">Propuesta para el Pleno de la Corporaci\u00f3n. Periodicidad de las sesiones del Pleno.<\/span><\/li>\n<li style=\"text-align: justify;\"><span style=\"color: #000000;\">Aprobaci\u00f3n de la constituci\u00f3n de la Junta de Gobierno Local.\u00a0<\/span><\/li>\n<li style=\"text-align: justify;\"><span style=\"color: #000000;\">Propuesta para el Pleno de la Corporaci\u00f3n. Composici\u00f3n de la comisi\u00f3n especial de cuentas.<\/span><\/li>\n<li style=\"text-align: justify;\"><span style=\"color: #000000;\">Propuesta para el Pleno de la Corporaci\u00f3n. Nombramiento de los representantes de la Corporaci\u00f3n.<\/span><\/li>\n<li style=\"text-align: justify;\"><span style=\"color: #000000;\">Propuesta al Pleno de r\u00e9gimen de retribuciones.<\/span><\/li>\n<li style=\"text-align: justify;\"><span style=\"color: #000000;\">Decreto de alcald\u00eda de designaci\u00f3n de los Tenientes de Alcald\u00eda del Ayuntamiento.<\/span><\/li>\n<\/ol>\n","protected":false},"excerpt":{"rendered":"<p>Aquest dijous 20 de juny, a les 20:30h, tindr\u00e0 lloc un Ple extraordinari amb motiu de l&#8217;&#8221;organitzaci\u00f3 del nou Consistori&#8221;. Els punts a tractar s\u00f3n els seg\u00fcents: Proposta per al &hellip; <a href=\"https:\/\/bisbalpenedes.com\/web\/2019\/06\/18\/el-dijous-20-de-juny-a-les-2030h-tindra-lloc-un-ple-extraordinari-a-lajuntament-de-la-bisbal\/\" class=\"more-link\">Read More<\/a><\/p>\n","protected":false},"author":4,"featured_media":9771,"comment_status":"closed","ping_status":"closed","sticky":false,"template":"","format":"standard","meta":[],"categories":[2250],"tags":[2077,3080,686,139,423,2686,3081],"_links":{"self":[{"href":"https:\/\/bisbalpenedes.com\/web\/wp-json\/wp\/v2\/posts\/9793"}],"collection":[{"href":"https:\/\/bisbalpenedes.com\/web\/wp-json\/wp\/v2\/posts"}],"about":[{"href":"https:\/\/bisbalpenedes.com\/web\/wp-json\/wp\/v2\/types\/post"}],"author":[{"embeddable":true,"href":"https:\/\/bisbalpenedes.com\/web\/wp-json\/wp\/v2\/users\/4"}],"replies":[{"embeddable":true,"href":"https:\/\/bisbalpenedes.com\/web\/wp-json\/wp\/v2\/comments?post=9793"}],"version-history":[{"count":2,"href":"https:\/\/bisbalpenedes.com\/web\/wp-json\/wp\/v2\/posts\/9793\/revisions"}],"predecessor-version":[{"id":9795,"href":"https:\/\/bisbalpenedes.com\/web\/wp-json\/wp\/v2\/posts\/9793\/revisions\/9795"}],"wp:featuredmedia":[{"embeddable":true,"href":"https:\/\/bisbalpenedes.com\/web\/wp-json\/wp\/v2\/media\/9771"}],"wp:attachment":[{"href":"https:\/\/bisbalpenedes.com\/web\/wp-json\/wp\/v2\/media?parent=9793"}],"wp:term":[{"taxonomy":"category","embeddable":true,"href":"https:\/\/bisbalpenedes.com\/web\/wp-json\/wp\/v2\/categories?post=9793"},{"taxonomy":"post_tag","embeddable":true,"href":"https:\/\/bisbalpenedes.com\/web\/wp-json\/wp\/v2\/tags?post=9793"}],"curies":[{"name":"wp","href":"https:\/\/api.w.org\/{rel}","templated":true}]}}