{"id":9789,"date":"2019-06-17T10:02:46","date_gmt":"2019-06-17T09:02:46","guid":{"rendered":"http:\/\/bisbalpenedes.com\/web\/?p=9789"},"modified":"2019-06-17T10:03:44","modified_gmt":"2019-06-17T09:03:44","slug":"shan-aprovat-els-contractes-amb-els-grups-que-actuaran-durant-la-festa-major-2019","status":"publish","type":"post","link":"https:\/\/bisbalpenedes.com\/web\/2019\/06\/17\/shan-aprovat-els-contractes-amb-els-grups-que-actuaran-durant-la-festa-major-2019\/","title":{"rendered":"S\u2019han aprovat els contractes amb els grups que actuaran durant la Festa Major 2019"},"content":{"rendered":"<figure id=\"attachment_9790\" aria-describedby=\"caption-attachment-9790\" style=\"width: 300px\" class=\"wp-caption aligncenter\"><a href=\"http:\/\/bisbalpenedes.com\/web\/wp-content\/uploads\/2019\/06\/CONCERT-FESTA-MAJOR-SEGUIREM-2018.jpg\"><img loading=\"lazy\" class=\"size-medium wp-image-9790\" src=\"http:\/\/bisbalpenedes.com\/web\/wp-content\/uploads\/2019\/06\/CONCERT-FESTA-MAJOR-SEGUIREM-2018-300x200.jpg\" alt=\"Fotografia d'arxiu: concert de la Festa Major 2018 amb el grup 'Seguirem'\" width=\"300\" height=\"200\" srcset=\"https:\/\/bisbalpenedes.com\/web\/wp-content\/uploads\/2019\/06\/CONCERT-FESTA-MAJOR-SEGUIREM-2018-300x200.jpg 300w, https:\/\/bisbalpenedes.com\/web\/wp-content\/uploads\/2019\/06\/CONCERT-FESTA-MAJOR-SEGUIREM-2018-600x400.jpg 600w, https:\/\/bisbalpenedes.com\/web\/wp-content\/uploads\/2019\/06\/CONCERT-FESTA-MAJOR-SEGUIREM-2018-768x512.jpg 768w, https:\/\/bisbalpenedes.com\/web\/wp-content\/uploads\/2019\/06\/CONCERT-FESTA-MAJOR-SEGUIREM-2018-1024x683.jpg 1024w\" sizes=\"(max-width: 300px) 100vw, 300px\" \/><\/a><figcaption id=\"caption-attachment-9790\" class=\"wp-caption-text\">Fotografia d&#8217;arxiu: concert de la Festa Major 2018 amb el grup &#8216;Seguirem&#8217;<\/figcaption><\/figure>\n<p><span style=\"color: #000000;\">La Junta de Govern del 7 de juny de 2019 va aprovar els contractes amb les orquestres i grups de m\u00fasica que actuaran durant la Festa Major 2019. Tot seguit es detallen les formacions musicals, el dia que actuaran i l\u2019import (amb IVA incl\u00f2s) de cadascuna de les actuacions:<\/span><\/p>\n<p style=\"padding-left: 30px;\"><span style=\"color: #000000;\"><u>Adala &amp; the same song band<\/u>, per al dimecres 14 d\u2019agost (3.630\u20ac IVA incl\u00f2s) (escollit pels joves del municipi a finals d\u2019any passat, ja que la idea guanyadora del VideoBox 2018 de la Festa Major va ser \u201cque els joves tri\u00efn els grups que actuaran a la Bisbal durant la Nit Jove de la Festa Major\u201d)<\/span><\/p>\n<p style=\"padding-left: 30px;\"><span style=\"color: #000000;\"><u>Auxili<\/u>, pel dimecres 14 d\u2019agost (8.470\u20ac) (escollit pels joves del municipi a finals d\u2019any passat, ja que la idea guanyadora del VideoBox 2018 de la Festa Major va ser \u201cque els joves tri\u00efn els grups que actuaran a la Bisbal durant la Nit Jove de la Festa Major\u201d)<\/span><\/p>\n<p style=\"padding-left: 30px;\"><span style=\"color: #000000;\"><u>Orquestra Selvatana<\/u>, pel dijous 15 d\u2019agost (13.915\u20ac)<\/span><\/p>\n<p style=\"padding-left: 30px;\"><span style=\"color: #000000;\"><u>Tapeo Sound System<\/u>, pel divendres 16 d\u2019agost (3.630\u20ac)<\/span><\/p>\n<p style=\"padding-left: 30px;\"><span style=\"color: #000000;\"><u>L\u00e1grimas de Sangre<\/u>, pel divendres 16 d\u2019agost (15.730\u20ac) (escollit pels joves del municipi a finals d\u2019any passat, ja que la idea guanyadora del VideoBox 2018 de la Festa Major va ser \u201cque els joves tri\u00efn els grups que actuaran a la Bisbal durant la Nit Jove de la Festa Major\u201d)<\/span><\/p>\n<p style=\"padding-left: 30px;\"><span style=\"color: #000000;\"><u>D\u00e0maris Gelabert<\/u>, pel dissabte 17 d\u2019agost (5.747,50\u20ac)<\/span><\/p>\n<p style=\"padding-left: 30px;\"><span style=\"color: #000000;\"><u>La Glamour Band<\/u>, pel dissabte 17 d\u2019agost (4.114\u20ac)<\/span><\/p>\n<p style=\"padding-left: 30px;\"><span style=\"color: #000000;\"><u>Nova Saturno<\/u>, pel diumenge 18 d\u2019agost (9.075\u20ac)<\/span><\/p>\n<hr \/>\n<p><span style=\"color: #000000;\"><strong>CASTELLANO |<\/strong> La Junta de Gobierno del 7 de junio del 2019 aprob\u00f3 los contratos con las orquestas y grupos de m\u00fasica que actuar\u00e1n durante la Fiesta Mayor 2019. A continuaci\u00f3n se detallan las formaciones musicales, el d\u00eda que actuar\u00e1n y el importe (con IVA incluido) de cada una de las actuaciones:<\/span><\/p>\n<p style=\"padding-left: 30px;\"><span style=\"color: #000000;\"><u>Adala &amp; the same song band<\/u>, para el mi\u00e9rcoles 14 de agosto (3.630\u20ac IVA incluido) (escogido por los j\u00f3venes del municipio a finales del a\u00f1o pasado, ya que la idea ganadora del Videobox 2018 de la Fiesta Mayor fue \u201cque los j\u00f3venes escojan a los grupos que actuar\u00e1n en la Bisbal durante la \u2018Nit Jove de la Festa Major\u2019)<\/span><\/p>\n<p style=\"padding-left: 30px;\"><span style=\"color: #000000;\"><u>Auxili,<\/u> para el mi\u00e9rcoles 14 de agosto (8.470\u20ac) (escogido por los j\u00f3venes del municipio a finales del a\u00f1o pasado, ya que la idea ganadora del VideoBox 2018 de la Fiesta Mayor fue que \u201clos j\u00f3venes escojan a los grupos que actuar\u00e1n en la Bisbal durante la \u2018Nit Jove de la Festa Major\u2019)<\/span><\/p>\n<p style=\"padding-left: 30px;\"><span style=\"color: #000000;\"><u>Orquestra Selvatana<\/u>, para el jueves 15 de agosto (13.915\u20ac)<\/span><\/p>\n<p style=\"padding-left: 30px;\"><span style=\"color: #000000;\"><u>Tapeo Sound System<\/u>, para el viernes 16 de agosto (3.630\u20ac)<\/span><\/p>\n<p style=\"padding-left: 30px;\"><span style=\"color: #000000;\"><u>L\u00e1grimas de Sangre<\/u>, para el viernes 16 de agosto (15.730\u20ac) (escogido por los j\u00f3venes del municipio a finales del a\u00f1o pasado, ya que la idea ganadora del VideoBox 2018 de la Fiesta Mayor fue que \u201clos j\u00f3venes escojan a los grupos que actuar\u00e1n en la Bisbal durante la \u2018Nit Jove de la Festa Major\u2019)<\/span><\/p>\n<p style=\"padding-left: 30px;\"><span style=\"color: #000000;\"><u>D\u00e0maris Gelabert<\/u>, para el s\u00e1bado 17 de agosto (5.747,50\u20ac)<\/span><\/p>\n<p style=\"padding-left: 30px;\"><span style=\"color: #000000;\"><u>La Glamour Band<\/u>, para el s\u00e1bado 17 de agosto (4.114\u20ac)<\/span><\/p>\n<p style=\"padding-left: 30px;\"><span style=\"color: #000000;\"><u>Nova Saturno<\/u>, para el domingo 18 de agosto (9.075\u20ac)<\/span><\/p>\n<p>&nbsp;<\/p>\n<p>&nbsp;<\/p>\n<p>&nbsp;<\/p>\n","protected":false},"excerpt":{"rendered":"<p>La Junta de Govern del 7 de juny de 2019 va aprovar els contractes amb les orquestres i grups de m\u00fasica que actuaran durant la Festa Major 2019. Tot seguit &hellip; <a href=\"https:\/\/bisbalpenedes.com\/web\/2019\/06\/17\/shan-aprovat-els-contractes-amb-els-grups-que-actuaran-durant-la-festa-major-2019\/\" class=\"more-link\">Read More<\/a><\/p>\n","protected":false},"author":4,"featured_media":9790,"comment_status":"closed","ping_status":"closed","sticky":false,"template":"","format":"standard","meta":[],"categories":[1042,1486],"tags":[3079,3078,73,688,3075,280,2783,3074,3076,3073,705,3077],"_links":{"self":[{"href":"https:\/\/bisbalpenedes.com\/web\/wp-json\/wp\/v2\/posts\/9789"}],"collection":[{"href":"https:\/\/bisbalpenedes.com\/web\/wp-json\/wp\/v2\/posts"}],"about":[{"href":"https:\/\/bisbalpenedes.com\/web\/wp-json\/wp\/v2\/types\/post"}],"author":[{"embeddable":true,"href":"https:\/\/bisbalpenedes.com\/web\/wp-json\/wp\/v2\/users\/4"}],"replies":[{"embeddable":true,"href":"https:\/\/bisbalpenedes.com\/web\/wp-json\/wp\/v2\/comments?post=9789"}],"version-history":[{"count":2,"href":"https:\/\/bisbalpenedes.com\/web\/wp-json\/wp\/v2\/posts\/9789\/revisions"}],"predecessor-version":[{"id":9792,"href":"https:\/\/bisbalpenedes.com\/web\/wp-json\/wp\/v2\/posts\/9789\/revisions\/9792"}],"wp:featuredmedia":[{"embeddable":true,"href":"https:\/\/bisbalpenedes.com\/web\/wp-json\/wp\/v2\/media\/9790"}],"wp:attachment":[{"href":"https:\/\/bisbalpenedes.com\/web\/wp-json\/wp\/v2\/media?parent=9789"}],"wp:term":[{"taxonomy":"category","embeddable":true,"href":"https:\/\/bisbalpenedes.com\/web\/wp-json\/wp\/v2\/categories?post=9789"},{"taxonomy":"post_tag","embeddable":true,"href":"https:\/\/bisbalpenedes.com\/web\/wp-json\/wp\/v2\/tags?post=9789"}],"curies":[{"name":"wp","href":"https:\/\/api.w.org\/{rel}","templated":true}]}}