{"id":9769,"date":"2019-06-15T17:08:28","date_gmt":"2019-06-15T16:08:28","guid":{"rendered":"http:\/\/bisbalpenedes.com\/web\/?p=9769"},"modified":"2019-06-21T11:08:41","modified_gmt":"2019-06-21T10:08:41","slug":"agnes-ferre-continuara-sent-lalcaldessa-de-la-bisbal-del-penedes","status":"publish","type":"post","link":"https:\/\/bisbalpenedes.com\/web\/2019\/06\/15\/agnes-ferre-continuara-sent-lalcaldessa-de-la-bisbal-del-penedes\/","title":{"rendered":"Agn\u00e8s Ferr\u00e9 continua sent l&#8217;alcaldessa de la Bisbal del Pened\u00e8s. Aquest dissabte 15 de juny ha tingut lloc el Ple d&#8217;investidura"},"content":{"rendered":"<p style=\"text-align: justify;\"><a href=\"http:\/\/bisbalpenedes.com\/web\/wp-content\/uploads\/2019\/06\/Photo-15-06-2019-12-37-03.jpg\"><img loading=\"lazy\" class=\"aligncenter size-large wp-image-9771\" src=\"http:\/\/bisbalpenedes.com\/web\/wp-content\/uploads\/2019\/06\/Photo-15-06-2019-12-37-03-1024x576.jpg\" alt=\"Ple investidura\" width=\"630\" height=\"354\" srcset=\"https:\/\/bisbalpenedes.com\/web\/wp-content\/uploads\/2019\/06\/Photo-15-06-2019-12-37-03-1024x576.jpg 1024w, https:\/\/bisbalpenedes.com\/web\/wp-content\/uploads\/2019\/06\/Photo-15-06-2019-12-37-03-600x338.jpg 600w, https:\/\/bisbalpenedes.com\/web\/wp-content\/uploads\/2019\/06\/Photo-15-06-2019-12-37-03-300x169.jpg 300w, https:\/\/bisbalpenedes.com\/web\/wp-content\/uploads\/2019\/06\/Photo-15-06-2019-12-37-03-768x432.jpg 768w\" sizes=\"(max-width: 630px) 100vw, 630px\" \/><\/a><\/p>\n<p style=\"text-align: justify;\"><span style=\"color: #000000;\">Aquest dissabte al migdia ha tingut lloc, a la Sala de Plens de l\u2019Ajuntament de la Bisbal del Pened\u00e8s, el Ple de Constituci\u00f3 del nou Consistori, sorgit de les eleccions locals del passat 26 de maig. Han prom\u00e8s o jurat el c\u00e0rrec onze regidors electes i s\u2019ha procedit a l\u2019elecci\u00f3 de l\u2019alcaldessa. Agn\u00e8s Ferr\u00e9 (Comprom\u00eds amb la Bisbal) ha renovat el c\u00e0rrec, havent obtingut 6 vots a favor durant el Ple i, per tant, tornar\u00e0 a ser alcaldessa a la Bisbal del Pened\u00e8s.<\/span><\/p>\n<p style=\"text-align: justify;\"><span style=\"color: #000000;\">El Consistori per al mandat 2019-2023 ha quedat constitu\u00eft de la seg\u00fcent manera:<\/span><\/p>\n<table>\n<tbody>\n<tr>\n<td colspan=\"2\" width=\"566\"><strong><u>Equip\u00a0de govern:<\/u><\/strong><\/td>\n<\/tr>\n<tr>\n<td width=\"66\"><a href=\"http:\/\/bisbalpenedes.com\/web\/wp-content\/uploads\/2019\/06\/Photo-15-06-2019-11-35-34.jpg\"><img loading=\"lazy\" class=\"aligncenter size-thumbnail wp-image-9770\" src=\"http:\/\/bisbalpenedes.com\/web\/wp-content\/uploads\/2019\/06\/Photo-15-06-2019-11-35-34-150x150.jpg\" alt=\"Agnes Ferre alcaldessa\" width=\"150\" height=\"150\" srcset=\"https:\/\/bisbalpenedes.com\/web\/wp-content\/uploads\/2019\/06\/Photo-15-06-2019-11-35-34-150x150.jpg 150w, https:\/\/bisbalpenedes.com\/web\/wp-content\/uploads\/2019\/06\/Photo-15-06-2019-11-35-34-300x300.jpg 300w, https:\/\/bisbalpenedes.com\/web\/wp-content\/uploads\/2019\/06\/Photo-15-06-2019-11-35-34-100x100.jpg 100w\" sizes=\"(max-width: 150px) 100vw, 150px\" \/><\/a><\/td>\n<td width=\"500\">Agn\u00e8s Ferr\u00e9 Ca\u00f1ellas, alcaldessa (Comprom\u00eds amb la Bisbal)<\/td>\n<\/tr>\n<tr>\n<td width=\"66\"><a href=\"http:\/\/bisbalpenedes.com\/web\/wp-content\/uploads\/2019\/06\/Photo-15-06-2019-11-32-09.jpg\"><img loading=\"lazy\" class=\"aligncenter size-thumbnail wp-image-9772\" src=\"http:\/\/bisbalpenedes.com\/web\/wp-content\/uploads\/2019\/06\/Photo-15-06-2019-11-32-09-150x150.jpg\" alt=\"judit vidal\" width=\"150\" height=\"150\" srcset=\"https:\/\/bisbalpenedes.com\/web\/wp-content\/uploads\/2019\/06\/Photo-15-06-2019-11-32-09-150x150.jpg 150w, https:\/\/bisbalpenedes.com\/web\/wp-content\/uploads\/2019\/06\/Photo-15-06-2019-11-32-09-300x300.jpg 300w, https:\/\/bisbalpenedes.com\/web\/wp-content\/uploads\/2019\/06\/Photo-15-06-2019-11-32-09-100x100.jpg 100w\" sizes=\"(max-width: 150px) 100vw, 150px\" \/><\/a><\/td>\n<td width=\"500\">Judith Vidal Vilella (Comprom\u00eds amb la Bisbal)<\/td>\n<\/tr>\n<tr>\n<td width=\"66\"><a href=\"http:\/\/bisbalpenedes.com\/web\/wp-content\/uploads\/2019\/06\/Photo-15-06-2019-11-33-18.jpg\"><img loading=\"lazy\" class=\"aligncenter size-thumbnail wp-image-9773\" src=\"http:\/\/bisbalpenedes.com\/web\/wp-content\/uploads\/2019\/06\/Photo-15-06-2019-11-33-18-150x150.jpg\" alt=\"leo uceda\" width=\"150\" height=\"150\" srcset=\"https:\/\/bisbalpenedes.com\/web\/wp-content\/uploads\/2019\/06\/Photo-15-06-2019-11-33-18-150x150.jpg 150w, https:\/\/bisbalpenedes.com\/web\/wp-content\/uploads\/2019\/06\/Photo-15-06-2019-11-33-18-300x300.jpg 300w, https:\/\/bisbalpenedes.com\/web\/wp-content\/uploads\/2019\/06\/Photo-15-06-2019-11-33-18-100x100.jpg 100w\" sizes=\"(max-width: 150px) 100vw, 150px\" \/><\/a><\/td>\n<td width=\"500\">Leonor Uceda Mart\u00edn (Comprom\u00eds amb la Bisbal<\/td>\n<\/tr>\n<tr>\n<td width=\"66\"><a href=\"http:\/\/bisbalpenedes.com\/web\/wp-content\/uploads\/2019\/06\/Photo-15-06-2019-11-36-29.jpg\"><img loading=\"lazy\" class=\"aligncenter size-thumbnail wp-image-9774\" src=\"http:\/\/bisbalpenedes.com\/web\/wp-content\/uploads\/2019\/06\/Photo-15-06-2019-11-36-29-150x150.jpg\" alt=\"feliu gil\" width=\"150\" height=\"150\" srcset=\"https:\/\/bisbalpenedes.com\/web\/wp-content\/uploads\/2019\/06\/Photo-15-06-2019-11-36-29-150x150.jpg 150w, https:\/\/bisbalpenedes.com\/web\/wp-content\/uploads\/2019\/06\/Photo-15-06-2019-11-36-29-300x300.jpg 300w, https:\/\/bisbalpenedes.com\/web\/wp-content\/uploads\/2019\/06\/Photo-15-06-2019-11-36-29-100x100.jpg 100w\" sizes=\"(max-width: 150px) 100vw, 150px\" \/><\/a><\/td>\n<td width=\"500\">Feliu Gil Esteve (Comprom\u00eds amb la Bisbal)<\/td>\n<\/tr>\n<tr>\n<td width=\"66\"><a href=\"http:\/\/bisbalpenedes.com\/web\/wp-content\/uploads\/2019\/06\/Photo-15-06-2019-11-29-50.jpg\"><img loading=\"lazy\" class=\"aligncenter size-thumbnail wp-image-9775\" src=\"http:\/\/bisbalpenedes.com\/web\/wp-content\/uploads\/2019\/06\/Photo-15-06-2019-11-29-50-150x150.jpg\" alt=\"felix villazan\" width=\"150\" height=\"150\" srcset=\"https:\/\/bisbalpenedes.com\/web\/wp-content\/uploads\/2019\/06\/Photo-15-06-2019-11-29-50-150x150.jpg 150w, https:\/\/bisbalpenedes.com\/web\/wp-content\/uploads\/2019\/06\/Photo-15-06-2019-11-29-50-300x300.jpg 300w, https:\/\/bisbalpenedes.com\/web\/wp-content\/uploads\/2019\/06\/Photo-15-06-2019-11-29-50-100x100.jpg 100w\" sizes=\"(max-width: 150px) 100vw, 150px\" \/><\/a><\/td>\n<td width=\"500\">F\u00e9lix Villaz\u00e1n Ruiz (Comprom\u00eds amb la Bisbal)<\/td>\n<\/tr>\n<tr>\n<td width=\"66\"><a href=\"http:\/\/bisbalpenedes.com\/web\/wp-content\/uploads\/2019\/06\/Photo-15-06-2019-11-31-11.jpg\"><img loading=\"lazy\" class=\"aligncenter size-thumbnail wp-image-9776\" src=\"http:\/\/bisbalpenedes.com\/web\/wp-content\/uploads\/2019\/06\/Photo-15-06-2019-11-31-11-150x150.jpg\" alt=\"francisca cepas\" width=\"150\" height=\"150\" srcset=\"https:\/\/bisbalpenedes.com\/web\/wp-content\/uploads\/2019\/06\/Photo-15-06-2019-11-31-11-150x150.jpg 150w, https:\/\/bisbalpenedes.com\/web\/wp-content\/uploads\/2019\/06\/Photo-15-06-2019-11-31-11-300x300.jpg 300w, https:\/\/bisbalpenedes.com\/web\/wp-content\/uploads\/2019\/06\/Photo-15-06-2019-11-31-11-100x100.jpg 100w\" sizes=\"(max-width: 150px) 100vw, 150px\" \/><\/a><\/td>\n<td width=\"500\">Francisca Cepas Garc\u00eda (Comprom\u00eds amb la Bisbal)<\/td>\n<\/tr>\n<tr>\n<td colspan=\"2\" width=\"566\"><strong><u>Oposici\u00f3:<\/u><\/strong><\/td>\n<\/tr>\n<tr>\n<td width=\"66\"><a href=\"http:\/\/bisbalpenedes.com\/web\/wp-content\/uploads\/2019\/06\/Photo-15-06-2019-11-34-10.jpg\"><img loading=\"lazy\" class=\"aligncenter size-thumbnail wp-image-9777\" src=\"http:\/\/bisbalpenedes.com\/web\/wp-content\/uploads\/2019\/06\/Photo-15-06-2019-11-34-10-150x150.jpg\" alt=\"daniel caballero\" width=\"150\" height=\"150\" srcset=\"https:\/\/bisbalpenedes.com\/web\/wp-content\/uploads\/2019\/06\/Photo-15-06-2019-11-34-10-150x150.jpg 150w, https:\/\/bisbalpenedes.com\/web\/wp-content\/uploads\/2019\/06\/Photo-15-06-2019-11-34-10-300x300.jpg 300w, https:\/\/bisbalpenedes.com\/web\/wp-content\/uploads\/2019\/06\/Photo-15-06-2019-11-34-10-100x100.jpg 100w\" sizes=\"(max-width: 150px) 100vw, 150px\" \/><\/a><\/td>\n<td width=\"500\">Daniel Caballero Casta\u00f1o (PSC-CP)<\/td>\n<\/tr>\n<tr>\n<td width=\"66\"><a href=\"http:\/\/bisbalpenedes.com\/web\/wp-content\/uploads\/2019\/06\/Photo-15-06-2019-11-34-54.jpg\"><img loading=\"lazy\" class=\"aligncenter size-thumbnail wp-image-9778\" src=\"http:\/\/bisbalpenedes.com\/web\/wp-content\/uploads\/2019\/06\/Photo-15-06-2019-11-34-54-150x150.jpg\" alt=\"jose maria cuadros\" width=\"150\" height=\"150\" srcset=\"https:\/\/bisbalpenedes.com\/web\/wp-content\/uploads\/2019\/06\/Photo-15-06-2019-11-34-54-150x150.jpg 150w, https:\/\/bisbalpenedes.com\/web\/wp-content\/uploads\/2019\/06\/Photo-15-06-2019-11-34-54-300x300.jpg 300w, https:\/\/bisbalpenedes.com\/web\/wp-content\/uploads\/2019\/06\/Photo-15-06-2019-11-34-54-100x100.jpg 100w\" sizes=\"(max-width: 150px) 100vw, 150px\" \/><\/a><\/td>\n<td width=\"500\">Jos\u00e9 Mar\u00eda Cuadros S\u00e1nchez (PSC-CP)<\/td>\n<\/tr>\n<tr>\n<td width=\"66\"><a href=\"http:\/\/bisbalpenedes.com\/web\/wp-content\/uploads\/2019\/06\/Photo-15-06-2019-11-54-20.jpg\"><img loading=\"lazy\" class=\"aligncenter size-thumbnail wp-image-9779\" src=\"http:\/\/bisbalpenedes.com\/web\/wp-content\/uploads\/2019\/06\/Photo-15-06-2019-11-54-20-150x150.jpg\" alt=\"xavier faura\" width=\"150\" height=\"150\" srcset=\"https:\/\/bisbalpenedes.com\/web\/wp-content\/uploads\/2019\/06\/Photo-15-06-2019-11-54-20-150x150.jpg 150w, https:\/\/bisbalpenedes.com\/web\/wp-content\/uploads\/2019\/06\/Photo-15-06-2019-11-54-20-300x300.jpg 300w, https:\/\/bisbalpenedes.com\/web\/wp-content\/uploads\/2019\/06\/Photo-15-06-2019-11-54-20-100x100.jpg 100w\" sizes=\"(max-width: 150px) 100vw, 150px\" \/><\/a><\/td>\n<td width=\"500\">Xavier Faura Burgos (Units per la Bisbal \u2013 FIC)<\/td>\n<\/tr>\n<tr>\n<td width=\"66\"><a href=\"http:\/\/bisbalpenedes.com\/web\/wp-content\/uploads\/2019\/06\/Photo-15-06-2019-11-41-46.jpg\"><img loading=\"lazy\" class=\"aligncenter size-thumbnail wp-image-9780\" src=\"http:\/\/bisbalpenedes.com\/web\/wp-content\/uploads\/2019\/06\/Photo-15-06-2019-11-41-46-150x150.jpg\" alt=\"margarita antolin\" width=\"150\" height=\"150\" srcset=\"https:\/\/bisbalpenedes.com\/web\/wp-content\/uploads\/2019\/06\/Photo-15-06-2019-11-41-46-150x150.jpg 150w, https:\/\/bisbalpenedes.com\/web\/wp-content\/uploads\/2019\/06\/Photo-15-06-2019-11-41-46-300x300.jpg 300w, https:\/\/bisbalpenedes.com\/web\/wp-content\/uploads\/2019\/06\/Photo-15-06-2019-11-41-46-100x100.jpg 100w\" sizes=\"(max-width: 150px) 100vw, 150px\" \/><\/a><\/td>\n<td width=\"500\">Margarita Antol\u00edn Manso (Ara la Bisbal)<\/td>\n<\/tr>\n<tr>\n<td width=\"66\"><a href=\"http:\/\/bisbalpenedes.com\/web\/wp-content\/uploads\/2019\/06\/Photo-15-06-2019-11-28-37.jpg\"><img loading=\"lazy\" class=\"aligncenter size-thumbnail wp-image-9781\" src=\"http:\/\/bisbalpenedes.com\/web\/wp-content\/uploads\/2019\/06\/Photo-15-06-2019-11-28-37-150x150.jpg\" alt=\"silvia monfort\" width=\"150\" height=\"150\" srcset=\"https:\/\/bisbalpenedes.com\/web\/wp-content\/uploads\/2019\/06\/Photo-15-06-2019-11-28-37-150x150.jpg 150w, https:\/\/bisbalpenedes.com\/web\/wp-content\/uploads\/2019\/06\/Photo-15-06-2019-11-28-37-300x300.jpg 300w, https:\/\/bisbalpenedes.com\/web\/wp-content\/uploads\/2019\/06\/Photo-15-06-2019-11-28-37-100x100.jpg 100w\" sizes=\"(max-width: 150px) 100vw, 150px\" \/><\/a><\/td>\n<td width=\"500\">Silvia Montfort Costa (ERC-AM)<\/td>\n<\/tr>\n<\/tbody>\n<\/table>\n<p style=\"text-align: justify;\"><span style=\"color: #000000;\">Durant el <a href=\"http:\/\/bisbalpenedes.com\/web\/wp-content\/uploads\/2019\/06\/Discurs-dinvestidura-Agnes-Ferre-2019.pdf\" target=\"_blank\">discurs d\u2019investidura<\/a> l\u2019alcaldessa Agn\u00e8s Ferr\u00e9 ha destacat \u00a0que \u201cjuntament amb els companys i companyes de Comprom\u00eds amb la Bisbal, treballarem per complir les propostes que portem al programa electoral, continuar amb els projectes engegats i executar tots els serveis i projectes que vagin sorgint. I tot aix\u00f2 amb humilitat, alegria, passi\u00f3 i comprom\u00eds\u201d. Ferr\u00e9 ha explicat que el nou mandat estar\u00e0 centrat en \u201c5 eixos principals: seguretat, serveis municipals, ciutadania, infraestructures i ocupaci\u00f3\u201d.<\/span><\/p>\n<p style=\"text-align: justify;\"><span style=\"color: #000000;\">El Ple extraordinari de constituci\u00f3 de l\u2019Ajuntament ha comen\u00e7at amb la constituci\u00f3 de la mesa d\u2019edat,\u00a0integrada per Jos\u00e9 Mar\u00eda Cuadros (PSC-CP) i Xavier Faura (Units per la Bisbal-FIC). Tot seguit, els regidors electes han jurat o prom\u00e8s el c\u00e0rrec, s\u2019ha procedit a la votaci\u00f3 de l\u2019alcalde\/alcaldessa i s\u2019ha proclamat Agn\u00e8s Ferr\u00e9 alcaldessa de la Bisbal del Pened\u00e8s. A continuaci\u00f3 han intervingut els portaveus dels diferents grups municipals i l\u2019alcaldessa Agn\u00e8s Ferr\u00e9 ha tancat l\u2019acte amb el seu discurs d\u2019investidura.<\/span><\/p>\n<hr \/>\n<p style=\"text-align: justify;\"><a href=\"http:\/\/bisbalpenedes.com\/web\/wp-content\/uploads\/2019\/06\/Photo-15-06-2019-12-37-03.jpg\"><img loading=\"lazy\" class=\"aligncenter size-large wp-image-9771\" src=\"http:\/\/bisbalpenedes.com\/web\/wp-content\/uploads\/2019\/06\/Photo-15-06-2019-12-37-03-1024x576.jpg\" alt=\"Ple investidura\" width=\"630\" height=\"354\" srcset=\"https:\/\/bisbalpenedes.com\/web\/wp-content\/uploads\/2019\/06\/Photo-15-06-2019-12-37-03-1024x576.jpg 1024w, https:\/\/bisbalpenedes.com\/web\/wp-content\/uploads\/2019\/06\/Photo-15-06-2019-12-37-03-600x338.jpg 600w, https:\/\/bisbalpenedes.com\/web\/wp-content\/uploads\/2019\/06\/Photo-15-06-2019-12-37-03-300x169.jpg 300w, https:\/\/bisbalpenedes.com\/web\/wp-content\/uploads\/2019\/06\/Photo-15-06-2019-12-37-03-768x432.jpg 768w\" sizes=\"(max-width: 630px) 100vw, 630px\" \/><\/a><\/p>\n<p style=\"text-align: justify;\"><span style=\"color: #000000;\"><strong>CASTELLANO |<\/strong> Este s\u00e1bado al mediod\u00eda ha tenido lugar, en la Sala de Plenos del Ayuntamieno de la Bisbal del Pened\u00e8s, el Pleno de Constituci\u00f3n del nuevo Consistorio, surgido de las elecciones locales del pasado 26 de mayo. Han prometido o jurado el cargo once concejales electos y se ha procedido a la elecci\u00f3n de la alcaldesa. Agn\u00e8s Ferr\u00e9 (Comprom\u00eds amb la Bisbal) ha renovado el cargo, habiendo obtenido 6 votos a favor durante el Pleno y, por lo tanto, volver\u00e1 a ser alcaldesa de la Bisbal del Pened\u00e8s.<\/span><\/p>\n<p style=\"text-align: justify;\"><span style=\"color: #000000;\">El Consistorio para el mandato 2019-2023 ha quedado constituido de la siguiente forma:<\/span><\/p>\n<table>\n<tbody>\n<tr>\n<td colspan=\"2\" width=\"566\"><strong><u>Equipo de gobierno:<\/u><\/strong><\/td>\n<\/tr>\n<tr>\n<td width=\"66\"><a href=\"http:\/\/bisbalpenedes.com\/web\/wp-content\/uploads\/2019\/06\/Photo-15-06-2019-11-35-34.jpg\"><img loading=\"lazy\" class=\"aligncenter size-thumbnail wp-image-9770\" src=\"http:\/\/bisbalpenedes.com\/web\/wp-content\/uploads\/2019\/06\/Photo-15-06-2019-11-35-34-150x150.jpg\" alt=\"Agnes Ferre alcaldessa\" width=\"150\" height=\"150\" srcset=\"https:\/\/bisbalpenedes.com\/web\/wp-content\/uploads\/2019\/06\/Photo-15-06-2019-11-35-34-150x150.jpg 150w, https:\/\/bisbalpenedes.com\/web\/wp-content\/uploads\/2019\/06\/Photo-15-06-2019-11-35-34-300x300.jpg 300w, https:\/\/bisbalpenedes.com\/web\/wp-content\/uploads\/2019\/06\/Photo-15-06-2019-11-35-34-100x100.jpg 100w\" sizes=\"(max-width: 150px) 100vw, 150px\" \/><\/a><\/td>\n<td width=\"500\">Agn\u00e8s Ferr\u00e9 Ca\u00f1ellas, alcaldesa (Comprom\u00eds amb la Bisbal)<\/td>\n<\/tr>\n<tr>\n<td width=\"66\"><a href=\"http:\/\/bisbalpenedes.com\/web\/wp-content\/uploads\/2019\/06\/Photo-15-06-2019-11-32-09.jpg\"><img loading=\"lazy\" class=\"aligncenter size-thumbnail wp-image-9772\" src=\"http:\/\/bisbalpenedes.com\/web\/wp-content\/uploads\/2019\/06\/Photo-15-06-2019-11-32-09-150x150.jpg\" alt=\"Photo 15-06-2019, 11 32 09\" width=\"150\" height=\"150\" srcset=\"https:\/\/bisbalpenedes.com\/web\/wp-content\/uploads\/2019\/06\/Photo-15-06-2019-11-32-09-150x150.jpg 150w, https:\/\/bisbalpenedes.com\/web\/wp-content\/uploads\/2019\/06\/Photo-15-06-2019-11-32-09-300x300.jpg 300w, https:\/\/bisbalpenedes.com\/web\/wp-content\/uploads\/2019\/06\/Photo-15-06-2019-11-32-09-100x100.jpg 100w\" sizes=\"(max-width: 150px) 100vw, 150px\" \/><\/a><\/td>\n<td width=\"500\">Judith Vidal Vilella (Comprom\u00eds amb la Bisbal)<\/td>\n<\/tr>\n<tr>\n<td width=\"66\"><a href=\"http:\/\/bisbalpenedes.com\/web\/wp-content\/uploads\/2019\/06\/Photo-15-06-2019-11-33-18.jpg\"><img loading=\"lazy\" class=\"aligncenter size-thumbnail wp-image-9773\" src=\"http:\/\/bisbalpenedes.com\/web\/wp-content\/uploads\/2019\/06\/Photo-15-06-2019-11-33-18-150x150.jpg\" alt=\"Photo 15-06-2019, 11 33 18\" width=\"150\" height=\"150\" srcset=\"https:\/\/bisbalpenedes.com\/web\/wp-content\/uploads\/2019\/06\/Photo-15-06-2019-11-33-18-150x150.jpg 150w, https:\/\/bisbalpenedes.com\/web\/wp-content\/uploads\/2019\/06\/Photo-15-06-2019-11-33-18-300x300.jpg 300w, https:\/\/bisbalpenedes.com\/web\/wp-content\/uploads\/2019\/06\/Photo-15-06-2019-11-33-18-100x100.jpg 100w\" sizes=\"(max-width: 150px) 100vw, 150px\" \/><\/a><\/td>\n<td width=\"500\">Leonor Uceda Mart\u00edn (Comprom\u00eds amb la Bisbal<\/td>\n<\/tr>\n<tr>\n<td width=\"66\"><a href=\"http:\/\/bisbalpenedes.com\/web\/wp-content\/uploads\/2019\/06\/Photo-15-06-2019-11-36-29.jpg\"><img loading=\"lazy\" class=\"aligncenter size-thumbnail wp-image-9774\" src=\"http:\/\/bisbalpenedes.com\/web\/wp-content\/uploads\/2019\/06\/Photo-15-06-2019-11-36-29-150x150.jpg\" alt=\"Photo 15-06-2019, 11 36 29\" width=\"150\" height=\"150\" srcset=\"https:\/\/bisbalpenedes.com\/web\/wp-content\/uploads\/2019\/06\/Photo-15-06-2019-11-36-29-150x150.jpg 150w, https:\/\/bisbalpenedes.com\/web\/wp-content\/uploads\/2019\/06\/Photo-15-06-2019-11-36-29-300x300.jpg 300w, https:\/\/bisbalpenedes.com\/web\/wp-content\/uploads\/2019\/06\/Photo-15-06-2019-11-36-29-100x100.jpg 100w\" sizes=\"(max-width: 150px) 100vw, 150px\" \/><\/a><\/td>\n<td width=\"500\">Feliu Gil Esteve (Comprom\u00eds amb la Bisbal)<\/td>\n<\/tr>\n<tr>\n<td width=\"66\"><a href=\"http:\/\/bisbalpenedes.com\/web\/wp-content\/uploads\/2019\/06\/Photo-15-06-2019-11-29-50.jpg\"><img loading=\"lazy\" class=\"aligncenter size-thumbnail wp-image-9775\" src=\"http:\/\/bisbalpenedes.com\/web\/wp-content\/uploads\/2019\/06\/Photo-15-06-2019-11-29-50-150x150.jpg\" alt=\"felix villazan\" width=\"150\" height=\"150\" srcset=\"https:\/\/bisbalpenedes.com\/web\/wp-content\/uploads\/2019\/06\/Photo-15-06-2019-11-29-50-150x150.jpg 150w, https:\/\/bisbalpenedes.com\/web\/wp-content\/uploads\/2019\/06\/Photo-15-06-2019-11-29-50-300x300.jpg 300w, https:\/\/bisbalpenedes.com\/web\/wp-content\/uploads\/2019\/06\/Photo-15-06-2019-11-29-50-100x100.jpg 100w\" sizes=\"(max-width: 150px) 100vw, 150px\" \/><\/a><\/td>\n<td width=\"500\">F\u00e9lix Villaz\u00e1n Ruiz (Comprom\u00eds amb la Bisbal)<\/td>\n<\/tr>\n<tr>\n<td width=\"66\"><a href=\"http:\/\/bisbalpenedes.com\/web\/wp-content\/uploads\/2019\/06\/Photo-15-06-2019-11-31-11.jpg\"><img loading=\"lazy\" class=\"aligncenter size-thumbnail wp-image-9776\" src=\"http:\/\/bisbalpenedes.com\/web\/wp-content\/uploads\/2019\/06\/Photo-15-06-2019-11-31-11-150x150.jpg\" alt=\"francisca cepas\" width=\"150\" height=\"150\" srcset=\"https:\/\/bisbalpenedes.com\/web\/wp-content\/uploads\/2019\/06\/Photo-15-06-2019-11-31-11-150x150.jpg 150w, https:\/\/bisbalpenedes.com\/web\/wp-content\/uploads\/2019\/06\/Photo-15-06-2019-11-31-11-300x300.jpg 300w, https:\/\/bisbalpenedes.com\/web\/wp-content\/uploads\/2019\/06\/Photo-15-06-2019-11-31-11-100x100.jpg 100w\" sizes=\"(max-width: 150px) 100vw, 150px\" \/><\/a><\/td>\n<td width=\"500\">Francisca Cepas Garc\u00eda (Comprom\u00eds amb la Bisbal)<\/td>\n<\/tr>\n<tr>\n<td colspan=\"2\" width=\"566\"><strong><u>Oposici\u00f3n:<\/u><\/strong><\/td>\n<\/tr>\n<tr>\n<td width=\"66\"><a href=\"http:\/\/bisbalpenedes.com\/web\/wp-content\/uploads\/2019\/06\/Photo-15-06-2019-11-34-10.jpg\"><img loading=\"lazy\" class=\"aligncenter size-thumbnail wp-image-9777\" src=\"http:\/\/bisbalpenedes.com\/web\/wp-content\/uploads\/2019\/06\/Photo-15-06-2019-11-34-10-150x150.jpg\" alt=\"daniel caballero\" width=\"150\" height=\"150\" srcset=\"https:\/\/bisbalpenedes.com\/web\/wp-content\/uploads\/2019\/06\/Photo-15-06-2019-11-34-10-150x150.jpg 150w, https:\/\/bisbalpenedes.com\/web\/wp-content\/uploads\/2019\/06\/Photo-15-06-2019-11-34-10-300x300.jpg 300w, https:\/\/bisbalpenedes.com\/web\/wp-content\/uploads\/2019\/06\/Photo-15-06-2019-11-34-10-100x100.jpg 100w\" sizes=\"(max-width: 150px) 100vw, 150px\" \/><\/a><\/td>\n<td width=\"500\">Daniel Caballero Casta\u00f1o (PSC-CP)<\/td>\n<\/tr>\n<tr>\n<td width=\"66\"><a href=\"http:\/\/bisbalpenedes.com\/web\/wp-content\/uploads\/2019\/06\/Photo-15-06-2019-11-34-54.jpg\"><img loading=\"lazy\" class=\"aligncenter size-thumbnail wp-image-9778\" src=\"http:\/\/bisbalpenedes.com\/web\/wp-content\/uploads\/2019\/06\/Photo-15-06-2019-11-34-54-150x150.jpg\" alt=\"jose maria cuadros\" width=\"150\" height=\"150\" srcset=\"https:\/\/bisbalpenedes.com\/web\/wp-content\/uploads\/2019\/06\/Photo-15-06-2019-11-34-54-150x150.jpg 150w, https:\/\/bisbalpenedes.com\/web\/wp-content\/uploads\/2019\/06\/Photo-15-06-2019-11-34-54-300x300.jpg 300w, https:\/\/bisbalpenedes.com\/web\/wp-content\/uploads\/2019\/06\/Photo-15-06-2019-11-34-54-100x100.jpg 100w\" sizes=\"(max-width: 150px) 100vw, 150px\" \/><\/a><\/td>\n<td width=\"500\">Jos\u00e9 Mar\u00eda Cuadros S\u00e1nchez (PSC-CP)<\/td>\n<\/tr>\n<tr>\n<td width=\"66\"><a href=\"http:\/\/bisbalpenedes.com\/web\/wp-content\/uploads\/2019\/06\/Photo-15-06-2019-11-54-20.jpg\"><img loading=\"lazy\" class=\"aligncenter size-thumbnail wp-image-9779\" src=\"http:\/\/bisbalpenedes.com\/web\/wp-content\/uploads\/2019\/06\/Photo-15-06-2019-11-54-20-150x150.jpg\" alt=\"xavier faura\" width=\"150\" height=\"150\" srcset=\"https:\/\/bisbalpenedes.com\/web\/wp-content\/uploads\/2019\/06\/Photo-15-06-2019-11-54-20-150x150.jpg 150w, https:\/\/bisbalpenedes.com\/web\/wp-content\/uploads\/2019\/06\/Photo-15-06-2019-11-54-20-300x300.jpg 300w, https:\/\/bisbalpenedes.com\/web\/wp-content\/uploads\/2019\/06\/Photo-15-06-2019-11-54-20-100x100.jpg 100w\" sizes=\"(max-width: 150px) 100vw, 150px\" \/><\/a><\/td>\n<td width=\"500\">Xavier Faura Burgos (Units per la Bisbal \u2013 FIC)<\/td>\n<\/tr>\n<tr>\n<td width=\"66\"><a href=\"http:\/\/bisbalpenedes.com\/web\/wp-content\/uploads\/2019\/06\/Photo-15-06-2019-11-41-46.jpg\"><img loading=\"lazy\" class=\"aligncenter size-thumbnail wp-image-9780\" src=\"http:\/\/bisbalpenedes.com\/web\/wp-content\/uploads\/2019\/06\/Photo-15-06-2019-11-41-46-150x150.jpg\" alt=\"margarita antolin\" width=\"150\" height=\"150\" srcset=\"https:\/\/bisbalpenedes.com\/web\/wp-content\/uploads\/2019\/06\/Photo-15-06-2019-11-41-46-150x150.jpg 150w, https:\/\/bisbalpenedes.com\/web\/wp-content\/uploads\/2019\/06\/Photo-15-06-2019-11-41-46-300x300.jpg 300w, https:\/\/bisbalpenedes.com\/web\/wp-content\/uploads\/2019\/06\/Photo-15-06-2019-11-41-46-100x100.jpg 100w\" sizes=\"(max-width: 150px) 100vw, 150px\" \/><\/a><\/td>\n<td width=\"500\">Margarita Antol\u00edn Manso (Ara la Bisbal)<\/td>\n<\/tr>\n<tr>\n<td width=\"66\"><a href=\"http:\/\/bisbalpenedes.com\/web\/wp-content\/uploads\/2019\/06\/Photo-15-06-2019-11-28-37.jpg\"><img loading=\"lazy\" class=\"aligncenter size-thumbnail wp-image-9781\" src=\"http:\/\/bisbalpenedes.com\/web\/wp-content\/uploads\/2019\/06\/Photo-15-06-2019-11-28-37-150x150.jpg\" alt=\"silvia monfort\" width=\"150\" height=\"150\" srcset=\"https:\/\/bisbalpenedes.com\/web\/wp-content\/uploads\/2019\/06\/Photo-15-06-2019-11-28-37-150x150.jpg 150w, https:\/\/bisbalpenedes.com\/web\/wp-content\/uploads\/2019\/06\/Photo-15-06-2019-11-28-37-300x300.jpg 300w, https:\/\/bisbalpenedes.com\/web\/wp-content\/uploads\/2019\/06\/Photo-15-06-2019-11-28-37-100x100.jpg 100w\" sizes=\"(max-width: 150px) 100vw, 150px\" \/><\/a><\/td>\n<td width=\"500\">Silvia Montfort Costa (ERC-AM)<\/td>\n<\/tr>\n<\/tbody>\n<\/table>\n<p style=\"text-align: justify;\"><span style=\"color: #000000;\">Durante el <a href=\"http:\/\/bisbalpenedes.com\/web\/wp-content\/uploads\/2019\/06\/Discurs-dinvestidura-Agnes-Ferre-2019.pdf\" target=\"_blank\">discurso de investidura<\/a> la alcaldesa Agn\u00e8s Ferr\u00e9 ha destacado que &#8220;junto con los compa\u00f1eros y compa\u00f1eras de Comprom\u00eds amb la Bisbal, trabajaremos para cumplir las propuestas que llevamos en el programa electoral, continuar con los proyectos empezados y ejecutar todos los servicios y proyectos que vayan surgiendo. Y todo esto con humildad, alegr\u00eda, pasi\u00f3n y compromiso&#8221;. Ferr\u00e9 ha explicado que el nuevo mandato estar\u00e1 centrado en &#8220;5 ejes principales: seguridad, servicios municipales, ciudadan\u00eda, infraestructuras y ocupaci\u00f3n.<\/span><\/p>\n<p style=\"text-align: justify;\"><span style=\"color: #000000;\">El Pleno extraordinario de constituci\u00f3n del Ayuntamiento ha empezado con la constituci\u00f3n de la mesa de edad, integrada\u00a0por Jos\u00e9 Mar\u00eda Cuadros y Xavier Faura (Units per la Bisbal-FIC). A continuaci\u00f3n, los concejales electos han jurado o prometido el cargo, se ha procedido a la votaci\u00f3n del alcalde\/alcaldesa y se ha proclamado Agn\u00e8s Ferr\u00e9 alcaldesa de la Bisbal del Pened\u00e8s. Acto seguido han intervenido los portavoces de los diferentes grupos municipales y la alcaldesa Agn\u00e8s Ferr\u00e9 ha cerrado el acto en su discurso de investidura.<\/span><\/p>\n<p>&nbsp;<\/p>\n<p style=\"text-align: center;\"><iframe loading=\"lazy\" src=\"https:\/\/www.youtube.com\/embed\/A1igM_MR76c\" width=\"560\" height=\"315\" frameborder=\"0\" allowfullscreen=\"allowfullscreen\"><\/iframe><\/p>\n","protected":false},"excerpt":{"rendered":"<p>Aquest dissabte al migdia ha tingut lloc, a la Sala de Plens de l\u2019Ajuntament de la Bisbal del Pened\u00e8s, el Ple de Constituci\u00f3 del nou Consistori, sorgit de les eleccions &hellip; <a href=\"https:\/\/bisbalpenedes.com\/web\/2019\/06\/15\/agnes-ferre-continuara-sent-lalcaldessa-de-la-bisbal-del-penedes\/\" class=\"more-link\">Read More<\/a><\/p>\n","protected":false},"author":4,"featured_media":9770,"comment_status":"closed","ping_status":"closed","sticky":false,"template":"","format":"standard","meta":[],"categories":[2250],"tags":[216,3072,797,798,139,3071],"_links":{"self":[{"href":"https:\/\/bisbalpenedes.com\/web\/wp-json\/wp\/v2\/posts\/9769"}],"collection":[{"href":"https:\/\/bisbalpenedes.com\/web\/wp-json\/wp\/v2\/posts"}],"about":[{"href":"https:\/\/bisbalpenedes.com\/web\/wp-json\/wp\/v2\/types\/post"}],"author":[{"embeddable":true,"href":"https:\/\/bisbalpenedes.com\/web\/wp-json\/wp\/v2\/users\/4"}],"replies":[{"embeddable":true,"href":"https:\/\/bisbalpenedes.com\/web\/wp-json\/wp\/v2\/comments?post=9769"}],"version-history":[{"count":9,"href":"https:\/\/bisbalpenedes.com\/web\/wp-json\/wp\/v2\/posts\/9769\/revisions"}],"predecessor-version":[{"id":9783,"href":"https:\/\/bisbalpenedes.com\/web\/wp-json\/wp\/v2\/posts\/9769\/revisions\/9783"}],"wp:featuredmedia":[{"embeddable":true,"href":"https:\/\/bisbalpenedes.com\/web\/wp-json\/wp\/v2\/media\/9770"}],"wp:attachment":[{"href":"https:\/\/bisbalpenedes.com\/web\/wp-json\/wp\/v2\/media?parent=9769"}],"wp:term":[{"taxonomy":"category","embeddable":true,"href":"https:\/\/bisbalpenedes.com\/web\/wp-json\/wp\/v2\/categories?post=9769"},{"taxonomy":"post_tag","embeddable":true,"href":"https:\/\/bisbalpenedes.com\/web\/wp-json\/wp\/v2\/tags?post=9769"}],"curies":[{"name":"wp","href":"https:\/\/api.w.org\/{rel}","templated":true}]}}