{"id":9760,"date":"2019-06-12T15:58:25","date_gmt":"2019-06-12T14:58:25","guid":{"rendered":"http:\/\/bisbalpenedes.com\/web\/?p=9760"},"modified":"2019-06-12T16:03:53","modified_gmt":"2019-06-12T15:03:53","slug":"el-proper-dissabte-15-de-juny-a-les-12h-tindra-lloc-el-ple-extraordinari-de-constitucio-de-la-nova-corporacio-municipal","status":"publish","type":"post","link":"https:\/\/bisbalpenedes.com\/web\/2019\/06\/12\/el-proper-dissabte-15-de-juny-a-les-12h-tindra-lloc-el-ple-extraordinari-de-constitucio-de-la-nova-corporacio-municipal\/","title":{"rendered":"El proper dissabte 15 de juny tindr\u00e0 lloc el Ple extraordinari de constituci\u00f3 de la nova Corporaci\u00f3 municipal"},"content":{"rendered":"<p style=\"text-align: justify;\"><a href=\"http:\/\/bisbalpenedes.com\/web\/wp-content\/uploads\/2019\/02\/SALA-DE-PLENS-1.jpg\"><img loading=\"lazy\" class=\"aligncenter size-medium wp-image-8717\" src=\"http:\/\/bisbalpenedes.com\/web\/wp-content\/uploads\/2019\/02\/SALA-DE-PLENS-1-300x225.jpg\" alt=\"SALA DE PLENS 1\" width=\"300\" height=\"225\" srcset=\"https:\/\/bisbalpenedes.com\/web\/wp-content\/uploads\/2019\/02\/SALA-DE-PLENS-1-300x225.jpg 300w, https:\/\/bisbalpenedes.com\/web\/wp-content\/uploads\/2019\/02\/SALA-DE-PLENS-1-600x450.jpg 600w, https:\/\/bisbalpenedes.com\/web\/wp-content\/uploads\/2019\/02\/SALA-DE-PLENS-1-768x576.jpg 768w, https:\/\/bisbalpenedes.com\/web\/wp-content\/uploads\/2019\/02\/SALA-DE-PLENS-1-1024x768.jpg 1024w, https:\/\/bisbalpenedes.com\/web\/wp-content\/uploads\/2019\/02\/SALA-DE-PLENS-1.jpg 1600w\" sizes=\"(max-width: 300px) 100vw, 300px\" \/><\/a><\/p>\n<p style=\"text-align: justify;\"><span style=\"color: #000000;\">El proper dissabte 15 de juny, a les 12h, tindr\u00e0 lloc el Ple extraordinari de constituci\u00f3 de la nova Corporaci\u00f3 municipal i, per tant, s\u2019oficialitzar\u00e0 el nou equip de govern sorgit del resultat de les eleccions del passat 26 de maig.<\/span><\/p>\n<p style=\"text-align: justify;\"><span style=\"color: #000000;\">El Ple estar\u00e0 format per 6 regidors de Comprom\u00eds per la Bisbal, 2 regidors del PSC-CP, 1 regidor d\u2019Units per la Bisbal-FIC, 1 regidora d\u2019Ara la Bisbal i 1 regidora d\u2019ERC-EM i tindr\u00e0 lloc, com \u00e9s habitual, a la sala de Plens.<\/span><\/p>\n<p style=\"text-align: justify;\"><span style=\"color: #000000;\">La Secret\u00e0ria de la Corporaci\u00f3 ha convocat els c\u00e0rrecs electes entrants a una reuni\u00f3 pr\u00e8via amb l\u2019objectiu de tractar el desenvolupament de la sessi\u00f3 constitutiva, complint aix\u00ed amb l\u2019article 9 del ROM (Reglament d\u2019Organitzaci\u00f3 Municipal). En aquesta reuni\u00f3 s\u2019ha lliurat (als alts c\u00e0rrecs entrants) el ROM de l\u2019Ajuntament de la Bisbal del Pened\u00e8s, el Codi de conducta dels alts c\u00e0rrecs de l\u2019Ajuntament de la Bisbal del Pened\u00e8s, la declaraci\u00f3 d\u2019interessos dels c\u00e0rrecs electes (que han de presentar a l\u2019Ajuntament) i un breu protocol de la sessi\u00f3 plen\u00e0ria del dissabte 15 de juny.<\/span><\/p>\n<hr \/>\n<p style=\"text-align: justify;\"><span style=\"color: #000000;\"><strong>CASTELLANO |<\/strong> El pr\u00f3ximo s\u00e1bado 15 de junio, a las 12h, tendr\u00e1 lugar el Pleno extraordinario de constituci\u00f3n de la nueva Corporaci\u00f3n municipal y, por consiguiente, se oficializar\u00e1 el nuevo equipo de gobierno surgido del resultado de las elecciones del pasado 26 de mayo.<\/span><\/p>\n<p style=\"text-align: justify;\"><span style=\"color: #000000;\">El Pleno estar\u00e1 formado por 6 concejales de Comprom\u00eds per la Bisbal, 2 concejales del PSC-CP, 1 concejal de Units per la Bisbal-FIC, 1 concejala de Ara la Bisbal y 1 concejala de ERC-EM y tendr\u00e1 lugar, como es habitual, en la sala de Plenos.<\/span><\/p>\n<p style=\"text-align: justify;\"><span style=\"color: #000000;\">La Secretaria de la Corporaci\u00f3n ha convocado a los cargos electos entrantes a una reuni\u00f3n previa con el objetivo de tratar el desarrollo de la sesi\u00f3n constitutiva, cumpliendo as\u00ed con el art\u00edculo 9 del ROM (Reglamento de Organizaci\u00f3n Municipal). En esta reuni\u00f3n se ha entregado (a los altos cargos entrantes) el ROM del Ayuntamiento de la Bisbal del Pened\u00e8s, \u00a0la declaraci\u00f3n de intereses de los cargos electos (que deben presentar al Ayuntamiento) y un breve protocolo de la sesi\u00f3n plenaria del s\u00e1bado 15 de junio.<\/span><\/p>\n<p>&nbsp;<\/p>\n","protected":false},"excerpt":{"rendered":"<p>El proper dissabte 15 de juny, a les 12h, tindr\u00e0 lloc el Ple extraordinari de constituci\u00f3 de la nova Corporaci\u00f3 municipal i, per tant, s\u2019oficialitzar\u00e0 el nou equip de govern &hellip; <a href=\"https:\/\/bisbalpenedes.com\/web\/2019\/06\/12\/el-proper-dissabte-15-de-juny-a-les-12h-tindra-lloc-el-ple-extraordinari-de-constitucio-de-la-nova-corporacio-municipal\/\" class=\"more-link\">Read More<\/a><\/p>\n","protected":false},"author":4,"featured_media":8717,"comment_status":"closed","ping_status":"closed","sticky":false,"template":"","format":"standard","meta":[],"categories":[2250],"tags":[3069,1091,3056,139,3070,479],"_links":{"self":[{"href":"https:\/\/bisbalpenedes.com\/web\/wp-json\/wp\/v2\/posts\/9760"}],"collection":[{"href":"https:\/\/bisbalpenedes.com\/web\/wp-json\/wp\/v2\/posts"}],"about":[{"href":"https:\/\/bisbalpenedes.com\/web\/wp-json\/wp\/v2\/types\/post"}],"author":[{"embeddable":true,"href":"https:\/\/bisbalpenedes.com\/web\/wp-json\/wp\/v2\/users\/4"}],"replies":[{"embeddable":true,"href":"https:\/\/bisbalpenedes.com\/web\/wp-json\/wp\/v2\/comments?post=9760"}],"version-history":[{"count":2,"href":"https:\/\/bisbalpenedes.com\/web\/wp-json\/wp\/v2\/posts\/9760\/revisions"}],"predecessor-version":[{"id":9762,"href":"https:\/\/bisbalpenedes.com\/web\/wp-json\/wp\/v2\/posts\/9760\/revisions\/9762"}],"wp:featuredmedia":[{"embeddable":true,"href":"https:\/\/bisbalpenedes.com\/web\/wp-json\/wp\/v2\/media\/8717"}],"wp:attachment":[{"href":"https:\/\/bisbalpenedes.com\/web\/wp-json\/wp\/v2\/media?parent=9760"}],"wp:term":[{"taxonomy":"category","embeddable":true,"href":"https:\/\/bisbalpenedes.com\/web\/wp-json\/wp\/v2\/categories?post=9760"},{"taxonomy":"post_tag","embeddable":true,"href":"https:\/\/bisbalpenedes.com\/web\/wp-json\/wp\/v2\/tags?post=9760"}],"curies":[{"name":"wp","href":"https:\/\/api.w.org\/{rel}","templated":true}]}}