{"id":9757,"date":"2019-06-12T15:42:34","date_gmt":"2019-06-12T14:42:34","guid":{"rendered":"http:\/\/bisbalpenedes.com\/web\/?p=9757"},"modified":"2019-06-21T11:49:40","modified_gmt":"2019-06-21T10:49:40","slug":"aquest-dimecres-12-de-juny-ha-tingut-lloc-el-darrer-ple-de-la-legislatura-2015-2019","status":"publish","type":"post","link":"https:\/\/bisbalpenedes.com\/web\/2019\/06\/12\/aquest-dimecres-12-de-juny-ha-tingut-lloc-el-darrer-ple-de-la-legislatura-2015-2019\/","title":{"rendered":"Aquest dimecres 12 de juny ha tingut lloc el darrer ple de la legislatura 2015-2019"},"content":{"rendered":"<p style=\"text-align: center;\"><span style=\"color: #000000;\">Aquest\u00a0dimecres 12 de juny, a les 11h, ha tingut lloc un Ple extraordinari. S\u2019han absentat els regidors Joaqu\u00edn Rivas (ERC) i Manuel Gonz\u00e1lez (ERC). Al Ple s\u2019han tractat i aprovat els seg\u00fcents punts:<\/span><\/p>\n<ol style=\"text-align: justify;\">\n<li><span style=\"color: #000000;\">Aprovaci\u00f3 de l\u2019acta de la sessi\u00f3 n\u00famero 2 ordin\u00e0ria anterior de data 18-03-2019.<\/span><\/li>\n<\/ol>\n<p style=\"padding-left: 30px; text-align: justify;\"><span style=\"color: #000000;\">S\u2019ha aprovat per majoria.<\/span><\/p>\n<ol style=\"text-align: justify;\" start=\"2\">\n<li><span style=\"color: #000000;\">Aprovaci\u00f3 de l\u2019acta de la sessi\u00f3 n\u00famero 3 extraordin\u00e0ria de data 01-04-2019<\/span><\/li>\n<\/ol>\n<p style=\"padding-left: 30px; text-align: justify;\"><span style=\"color: #000000;\">S\u2019ha aprovat per majoria. El regidor Pere Saumoy (PDeCAT) no ha votat aquest punt perqu\u00e8 no hi era el dia en qu\u00e8 es va celebrar el Ple.<\/span><\/p>\n<ol style=\"text-align: justify;\" start=\"3\">\n<li><span style=\"color: #000000;\">Aprovaci\u00f3 de l\u2019acta de la sessi\u00f3 n\u00famero 4 extraordin\u00e0ria de data 18-04-2019<\/span><\/li>\n<\/ol>\n<p style=\"padding-left: 30px; text-align: justify;\"><span style=\"color: #000000;\">S\u2019ha aprovat per majoria.<\/span><\/p>\n<ol style=\"text-align: justify;\" start=\"4\">\n<li><span style=\"color: #000000;\">Aprovaci\u00f3 de l\u2019acta de la sessi\u00f3 n\u00famero 5 extraordin\u00e0ria de data 29-04-2019<\/span><\/li>\n<\/ol>\n<p style=\"padding-left: 30px; text-align: justify;\"><span style=\"color: #000000;\">S\u2019ha aprovat per majoria. Els regidors Pere Saumoy (PDeCAT) i Juana Reina (ERC) no han votat aquest punt perqu\u00e8 no hi eren el dia en qu\u00e8 es va celebrar el Ple.<\/span><\/p>\n<ol style=\"text-align: justify;\" start=\"5\">\n<li><span style=\"color: #000000;\">Aprovaci\u00f3 de l\u2019acta de la sessi\u00f3 n\u00famero 6 extraordin\u00e0ria urgent de data 29-04-2019<\/span><\/li>\n<\/ol>\n<p style=\"padding-left: 30px; text-align: justify;\"><span style=\"color: #000000;\">S\u2019ha aprovat per majoria. Els regidors Pere Saumoy (PDeCAT) i Juana Reina (ERC) no han votat aquest punt perqu\u00e8 no hi eren el dia en qu\u00e8 es va celebrar el Ple.<\/span><\/p>\n<p style=\"text-align: justify;\"><span style=\"color: #000000;\">El Ple d\u2019aquest dimecres era el darrer de la legislatura 2015-2019, ja que el proper dissabte 15 de juny, a les 12h, tindr\u00e0 lloc el Ple de constituci\u00f3 del nou Ajuntament.<\/span><\/p>\n<p style=\"text-align: justify;\"><span style=\"color: #000000;\"><strong>CASTELLANO |<\/strong> Este mi\u00e9rcoles 12 de junio, a las 11h, ha tenido lugar un Pleno extraordinario. Se han ausentado los concejales Joaqu\u00edn Rivas (ERC) y Manuel Gonz\u00e1lez. En el Pleno se han tratado y aprobado los siguientes puntos:<\/span><\/p>\n<ol style=\"text-align: justify;\">\n<li><span style=\"color: #000000;\">Aprobaci\u00f3n del acta de la sesi\u00f3n n\u00famero 2 ordinaria anterior de fecha 18-03-2019<\/span><\/li>\n<\/ol>\n<p style=\"padding-left: 30px; text-align: justify;\"><span style=\"color: #000000;\">Se ha aprobado por mayor\u00eda.<\/span><\/p>\n<ol style=\"text-align: justify;\" start=\"2\">\n<li><span style=\"color: #000000;\">Aprobaci\u00f3n del acta de la sesi\u00f3n n\u00famero 3 extraordinaria de fecha 01-04-2019<\/span><\/li>\n<\/ol>\n<p style=\"padding-left: 30px; text-align: justify;\"><span style=\"color: #000000;\">Se ha aprobado por mayor\u00eda. El concejal Pere Saumoy (PDeCAT) no ha votado este punto porqu\u00e9 no estaba el d\u00eda en que se celebr\u00f3 el Pleno.<\/span><\/p>\n<ol style=\"text-align: justify;\" start=\"3\">\n<li><span style=\"color: #000000;\">Aprobaci\u00f3n del acta de la sesi\u00f3n n\u00famero 4 extraordinaria de fecha 18-04-2019<\/span><\/li>\n<\/ol>\n<p style=\"padding-left: 30px; text-align: justify;\"><span style=\"color: #000000;\">Se ha aprobado por mayor\u00eda.<\/span><\/p>\n<ol style=\"text-align: justify;\" start=\"4\">\n<li><span style=\"color: #000000;\">Aprobaci\u00f3n del acta de la sesi\u00f3n n\u00famero 5 extraordinaria de fecha 29-04-2019<\/span><\/li>\n<\/ol>\n<p style=\"padding-left: 30px; text-align: justify;\"><span style=\"color: #000000;\">Se ha aprobado por mayor\u00eda. Los concejales Pere Saumoy (PDeCAT) y Juana Reina (ERC) no han votado este punto porqu\u00e9 no estaban el d\u00eda en que se celebr\u00f3 el Pleno.<\/span><\/p>\n<ol style=\"text-align: justify;\" start=\"5\">\n<li><span style=\"color: #000000;\">Aprobaci\u00f3n del acta de la sesi\u00f3n n\u00famero 6 extraordinaria urgente de fecha 29-04-2019<\/span><\/li>\n<\/ol>\n<p style=\"padding-left: 30px; text-align: justify;\"><span style=\"color: #000000;\">Se ha aprobado por mayor\u00eda. Los concejales Pere Saumoy (PDeCAT) y Juana Reina (ERC) no han votado este punto porqu\u00e9 no estaban el d\u00eda en que se celebr\u00f3 el Pleno.<\/span><\/p>\n<p style=\"text-align: justify;\"><span style=\"color: #000000;\">El Pleno de este mi\u00e9rcoles era el \u00faltimo de la legislatura 2015-2019, ya que el pr\u00f3ximo s\u00e1bado 15 de junio, a las 12h, tendr\u00e1 lugar el Pleno de constituci\u00f3n del nuevo Ayuntamiento.<\/span><\/p>\n<p style=\"text-align: center;\">\n<iframe loading=\"lazy\" src=\"https:\/\/www.youtube.com\/embed\/hbUf8TAJ7mE\" width=\"560\" height=\"315\" frameborder=\"0\" allowfullscreen=\"allowfullscreen\"><\/iframe><\/p>\n","protected":false},"excerpt":{"rendered":"<p>Aquest\u00a0dimecres 12 de juny, a les 11h, ha tingut lloc un Ple extraordinari. S\u2019han absentat els regidors Joaqu\u00edn Rivas (ERC) i Manuel Gonz\u00e1lez (ERC). Al Ple s\u2019han tractat i aprovat &hellip; <a href=\"https:\/\/bisbalpenedes.com\/web\/2019\/06\/12\/aquest-dimecres-12-de-juny-ha-tingut-lloc-el-darrer-ple-de-la-legislatura-2015-2019\/\" class=\"more-link\">Read More<\/a><\/p>\n","protected":false},"author":4,"featured_media":9758,"comment_status":"closed","ping_status":"closed","sticky":false,"template":"","format":"standard","meta":[],"categories":[2251],"tags":[3056,423],"_links":{"self":[{"href":"https:\/\/bisbalpenedes.com\/web\/wp-json\/wp\/v2\/posts\/9757"}],"collection":[{"href":"https:\/\/bisbalpenedes.com\/web\/wp-json\/wp\/v2\/posts"}],"about":[{"href":"https:\/\/bisbalpenedes.com\/web\/wp-json\/wp\/v2\/types\/post"}],"author":[{"embeddable":true,"href":"https:\/\/bisbalpenedes.com\/web\/wp-json\/wp\/v2\/users\/4"}],"replies":[{"embeddable":true,"href":"https:\/\/bisbalpenedes.com\/web\/wp-json\/wp\/v2\/comments?post=9757"}],"version-history":[{"count":2,"href":"https:\/\/bisbalpenedes.com\/web\/wp-json\/wp\/v2\/posts\/9757\/revisions"}],"predecessor-version":[{"id":9840,"href":"https:\/\/bisbalpenedes.com\/web\/wp-json\/wp\/v2\/posts\/9757\/revisions\/9840"}],"wp:featuredmedia":[{"embeddable":true,"href":"https:\/\/bisbalpenedes.com\/web\/wp-json\/wp\/v2\/media\/9758"}],"wp:attachment":[{"href":"https:\/\/bisbalpenedes.com\/web\/wp-json\/wp\/v2\/media?parent=9757"}],"wp:term":[{"taxonomy":"category","embeddable":true,"href":"https:\/\/bisbalpenedes.com\/web\/wp-json\/wp\/v2\/categories?post=9757"},{"taxonomy":"post_tag","embeddable":true,"href":"https:\/\/bisbalpenedes.com\/web\/wp-json\/wp\/v2\/tags?post=9757"}],"curies":[{"name":"wp","href":"https:\/\/api.w.org\/{rel}","templated":true}]}}