{"id":9750,"date":"2019-06-12T07:52:03","date_gmt":"2019-06-12T06:52:03","guid":{"rendered":"http:\/\/bisbalpenedes.com\/web\/?p=9750"},"modified":"2019-06-13T08:29:54","modified_gmt":"2019-06-13T07:29:54","slug":"aquest-dissabte-15-de-juny-comenca-la-temporada-de-bany-a-la-piscina-municipal","status":"publish","type":"post","link":"https:\/\/bisbalpenedes.com\/web\/2019\/06\/12\/aquest-dissabte-15-de-juny-comenca-la-temporada-de-bany-a-la-piscina-municipal\/","title":{"rendered":"Aquest dissabte 15 de juny comen\u00e7a la temporada de bany a la piscina municipal"},"content":{"rendered":"<p><a href=\"http:\/\/bisbalpenedes.com\/web\/wp-content\/uploads\/2019\/06\/IMG_8875.jpg\"><img loading=\"lazy\" class=\"aligncenter size-medium wp-image-9751\" src=\"http:\/\/bisbalpenedes.com\/web\/wp-content\/uploads\/2019\/06\/IMG_8875-300x200.jpg\" alt=\"mulla't per l'esclerosi\" width=\"300\" height=\"200\" srcset=\"https:\/\/bisbalpenedes.com\/web\/wp-content\/uploads\/2019\/06\/IMG_8875-300x200.jpg 300w, https:\/\/bisbalpenedes.com\/web\/wp-content\/uploads\/2019\/06\/IMG_8875-600x400.jpg 600w, https:\/\/bisbalpenedes.com\/web\/wp-content\/uploads\/2019\/06\/IMG_8875-768x512.jpg 768w, https:\/\/bisbalpenedes.com\/web\/wp-content\/uploads\/2019\/06\/IMG_8875-1024x683.jpg 1024w\" sizes=\"(max-width: 300px) 100vw, 300px\" \/><\/a><\/p>\n<p><span style=\"color: #000000;\">La piscina municipal de la Bisbal del Pened\u00e8s obrir\u00e0 les seves portes el dissabte 15 de juny i hi haur\u00e0 talls de coca durant tot el dia, gentilesa de l\u2019empresa que portar\u00e0 el bar enguany. L&#8217;horari ser\u00e0 d&#8217;11 del mat\u00ed a 8 de la tarda, del 15 de juny fins a l&#8217;11 de setembre.<\/span><\/p>\n<p><span style=\"color: #000000;\">Fins al 30 de juny podreu utilitzar els tiquets dels abonaments de l&#8217;any 2018.<\/span><\/p>\n<p><span style=\"color: #000000;\">El preu de l\u2019entrada \u00fanica (a partir de 3 anys) \u00e9s de 3\u20ac. Els usuaris empadronats que tinguin una discapacitat\/minusvalidesa superior al 65% tindran un descompte del 50% en l\u2019entrada (per a m\u00e9s informaci\u00f3 o per sol\u00b7licitar l\u2019aplicaci\u00f3 del descompte, cal que us adreceu a les oficines municipals).<\/span><\/p>\n<p><span style=\"color: #000000;\">L\u2019Ajuntament de la Bisbal del Pened\u00e8s posa a la vostra disposici\u00f3 els seg\u00fcents abonaments, que s\u2019hauran d\u2019adquirir a les oficines municipals):<\/span><\/p>\n<p style=\"padding-left: 30px;\"><span style=\"color: #000000;\">-10 entrades 22\u20ac<\/span><\/p>\n<p style=\"padding-left: 30px;\"><span style=\"color: #000000;\">-30 entrades 40\u20ac<\/span><\/p>\n<p style=\"padding-left: 30px;\"><span style=\"color: #000000;\">-60 entrades 60\u20ac<\/span><\/p>\n<p><span style=\"color: #000000;\">D\u2019altra banda, un any m\u00e9s s\u2019hi oferiran els cursets de nataci\u00f3 de dilluns a dijous. Per a sol\u00b7licitar informaci\u00f3, cal que us adreceu a la piscina, quan ja estigui oberta.<\/span><\/p>\n<hr \/>\n<p><span style=\"color: #000000;\"><strong>CASTELLANO |<\/strong> La piscina municipal de la Bisbal del Pened\u00e8s abrir\u00e1 sus puertas el s\u00e1bado 15 de junio y habr\u00e1 trozos de coca durante todo el d\u00eda, gentileza de la empresa que llevar\u00e1 el bar este a\u00f1o. El horario ser\u00e1 de 11 de la ma\u00f1ana a 8 de la tarde, del 15 de junio hasta el 11 de septiembre.<\/span><\/p>\n<p><span style=\"color: #000000;\">Hasta el 30 de junio podr\u00e9is utilizar los tickets de los bonos del a\u00f1o 2018.<\/span><\/p>\n<p><span style=\"color: #000000;\">El precio de la entrada \u00fanica (a partir de 3 a\u00f1os) es de 3\u20ac. Los usuarios empadronados que tengan una discapacidad\/minusval\u00eda superior al 65% tendr\u00e1n un descuento del 50% en la entrada (para m\u00e1s informaci\u00f3n o para solicitar la aplicaci\u00f3n del descuento, deb\u00e9is dirigiros a las oficinas municipales).<\/span><\/p>\n<p><span style=\"color: #000000;\">El Ayuntamiento de la Bisbal del Pened\u00e8s pone a vuestra disposici\u00f3n los siguientes bonos, que se deber\u00e1n adquirir en las oficinas municipales:<\/span><\/p>\n<p style=\"padding-left: 30px;\"><span style=\"color: #000000;\">-10 entradas 22\u20ac<\/span><\/p>\n<p style=\"padding-left: 30px;\"><span style=\"color: #000000;\">-30 entradas 40\u20ac<\/span><\/p>\n<p style=\"padding-left: 30px;\"><span style=\"color: #000000;\">-60 entradas 60\u20ac<\/span><\/p>\n<p><span style=\"color: #000000;\">Por otro lado, un a\u00f1o m\u00e1s se ofrecer\u00e1n los cursillos de nataci\u00f3n de lunes a jueves. Para solicitar informaci\u00f3n, os ten\u00e9is que dirigir a la piscina, cuando ya est\u00e9 abierta.<\/span><\/p>\n<p><a href=\"http:\/\/bisbalpenedes.com\/web\/wp-content\/uploads\/2019\/06\/flyer-piscina-2019-quadrat.jpg\"><img loading=\"lazy\" class=\"aligncenter size-large wp-image-9764\" src=\"http:\/\/bisbalpenedes.com\/web\/wp-content\/uploads\/2019\/06\/flyer-piscina-2019-quadrat-1000x1024.jpg\" alt=\"flyer-piscina-2019-quadrat\" width=\"630\" height=\"645\" srcset=\"https:\/\/bisbalpenedes.com\/web\/wp-content\/uploads\/2019\/06\/flyer-piscina-2019-quadrat-1000x1024.jpg 1000w, https:\/\/bisbalpenedes.com\/web\/wp-content\/uploads\/2019\/06\/flyer-piscina-2019-quadrat-600x615.jpg 600w, https:\/\/bisbalpenedes.com\/web\/wp-content\/uploads\/2019\/06\/flyer-piscina-2019-quadrat-293x300.jpg 293w, https:\/\/bisbalpenedes.com\/web\/wp-content\/uploads\/2019\/06\/flyer-piscina-2019-quadrat-768x787.jpg 768w, https:\/\/bisbalpenedes.com\/web\/wp-content\/uploads\/2019\/06\/flyer-piscina-2019-quadrat.jpg 1313w\" sizes=\"(max-width: 630px) 100vw, 630px\" \/><\/a><a href=\"http:\/\/bisbalpenedes.com\/web\/wp-content\/uploads\/2019\/06\/flyer-piscina-2019-quadrat.jpg\"><br \/>\n<\/a><\/p>\n<p>&nbsp;<\/p>\n","protected":false},"excerpt":{"rendered":"<p>La piscina municipal de la Bisbal del Pened\u00e8s obrir\u00e0 les seves portes el dissabte 15 de juny i hi haur\u00e0 talls de coca durant tot el dia, gentilesa de l\u2019empresa &hellip; <a href=\"https:\/\/bisbalpenedes.com\/web\/2019\/06\/12\/aquest-dissabte-15-de-juny-comenca-la-temporada-de-bany-a-la-piscina-municipal\/\" class=\"more-link\">Read More<\/a><\/p>\n","protected":false},"author":4,"featured_media":9751,"comment_status":"closed","ping_status":"closed","sticky":false,"template":"","format":"standard","meta":[],"categories":[19,32],"tags":[1945,3068,538,74,266],"_links":{"self":[{"href":"https:\/\/bisbalpenedes.com\/web\/wp-json\/wp\/v2\/posts\/9750"}],"collection":[{"href":"https:\/\/bisbalpenedes.com\/web\/wp-json\/wp\/v2\/posts"}],"about":[{"href":"https:\/\/bisbalpenedes.com\/web\/wp-json\/wp\/v2\/types\/post"}],"author":[{"embeddable":true,"href":"https:\/\/bisbalpenedes.com\/web\/wp-json\/wp\/v2\/users\/4"}],"replies":[{"embeddable":true,"href":"https:\/\/bisbalpenedes.com\/web\/wp-json\/wp\/v2\/comments?post=9750"}],"version-history":[{"count":5,"href":"https:\/\/bisbalpenedes.com\/web\/wp-json\/wp\/v2\/posts\/9750\/revisions"}],"predecessor-version":[{"id":9765,"href":"https:\/\/bisbalpenedes.com\/web\/wp-json\/wp\/v2\/posts\/9750\/revisions\/9765"}],"wp:featuredmedia":[{"embeddable":true,"href":"https:\/\/bisbalpenedes.com\/web\/wp-json\/wp\/v2\/media\/9751"}],"wp:attachment":[{"href":"https:\/\/bisbalpenedes.com\/web\/wp-json\/wp\/v2\/media?parent=9750"}],"wp:term":[{"taxonomy":"category","embeddable":true,"href":"https:\/\/bisbalpenedes.com\/web\/wp-json\/wp\/v2\/categories?post=9750"},{"taxonomy":"post_tag","embeddable":true,"href":"https:\/\/bisbalpenedes.com\/web\/wp-json\/wp\/v2\/tags?post=9750"}],"curies":[{"name":"wp","href":"https:\/\/api.w.org\/{rel}","templated":true}]}}