{"id":9746,"date":"2019-06-11T19:58:14","date_gmt":"2019-06-11T18:58:14","guid":{"rendered":"http:\/\/bisbalpenedes.com\/web\/?p=9746"},"modified":"2019-06-12T08:03:32","modified_gmt":"2019-06-12T07:03:32","slug":"infants-i-joves-ja-podeu-descarregar-el-recull-dactivitats-destiu-de-jove-baix-penedes","status":"publish","type":"post","link":"https:\/\/bisbalpenedes.com\/web\/2019\/06\/11\/infants-i-joves-ja-podeu-descarregar-el-recull-dactivitats-destiu-de-jove-baix-penedes\/","title":{"rendered":"Infants i Joves! Ja us podeu descarregar el recull d&#8217;activitats d&#8217;estiu de Jove Baix Pened\u00e8s"},"content":{"rendered":"<p><span style=\"color: #000000;\">Ja podeu consultar el recull d&#8217;activitats d&#8217;estiu per a infants i joves que ha preparat Jove Baix Pened\u00e8s:<\/span> <a href=\"https:\/\/oficinajovebaixpenedes.files.wordpress.com\/2019\/06\/stiu2019.pdf\" target=\"_blank\">https:\/\/oficinajovebaixpenedes.files.wordpress.com\/2019\/06\/stiu2019.pdf<\/a><\/p>\n<hr \/>\n<p><span style=\"color: #000000;\"><strong>CASTELLANO |<\/strong> Ya pod\u00e9is consultar la selecci\u00f3n de actividades de verano para ni\u00f1os y j\u00f3venes que ha preparado Jove Baix Pened\u00e8s:\u00a0<\/span><br \/>\n<a href=\"https:\/\/oficinajovebaixpenedes.files.wordpress.com\/2019\/06\/stiu2019.pdf\" target=\"_blank\">https:\/\/oficinajovebaixpenedes.files.wordpress.com\/2019\/06\/stiu2019.pdf<\/a><\/p>\n<p><a href=\"http:\/\/bisbalpenedes.com\/web\/wp-content\/uploads\/2019\/06\/cartell-stiu19..jpg\"><img loading=\"lazy\" class=\"aligncenter size-full wp-image-9747\" src=\"http:\/\/bisbalpenedes.com\/web\/wp-content\/uploads\/2019\/06\/cartell-stiu19..jpg\" alt=\"cartell stiu19.\" width=\"828\" height=\"1169\" srcset=\"https:\/\/bisbalpenedes.com\/web\/wp-content\/uploads\/2019\/06\/cartell-stiu19..jpg 828w, https:\/\/bisbalpenedes.com\/web\/wp-content\/uploads\/2019\/06\/cartell-stiu19.-600x847.jpg 600w, https:\/\/bisbalpenedes.com\/web\/wp-content\/uploads\/2019\/06\/cartell-stiu19.-212x300.jpg 212w, https:\/\/bisbalpenedes.com\/web\/wp-content\/uploads\/2019\/06\/cartell-stiu19.-768x1084.jpg 768w, https:\/\/bisbalpenedes.com\/web\/wp-content\/uploads\/2019\/06\/cartell-stiu19.-725x1024.jpg 725w\" sizes=\"(max-width: 828px) 100vw, 828px\" \/><\/a><\/p>\n","protected":false},"excerpt":{"rendered":"<p>Ja podeu consultar el recull d&#8217;activitats d&#8217;estiu per a infants i joves que ha preparat Jove Baix Pened\u00e8s: https:\/\/oficinajovebaixpenedes.files.wordpress.com\/2019\/06\/stiu2019.pdf CASTELLANO | Ya pod\u00e9is consultar la selecci\u00f3n de actividades de verano &hellip; <a href=\"https:\/\/bisbalpenedes.com\/web\/2019\/06\/11\/infants-i-joves-ja-podeu-descarregar-el-recull-dactivitats-destiu-de-jove-baix-penedes\/\" class=\"more-link\">Read More<\/a><\/p>\n","protected":false},"author":4,"featured_media":9747,"comment_status":"closed","ping_status":"closed","sticky":false,"template":"","format":"standard","meta":[],"categories":[1486],"tags":[230,3067,3066,1309,3065,1057,210,505,508],"_links":{"self":[{"href":"https:\/\/bisbalpenedes.com\/web\/wp-json\/wp\/v2\/posts\/9746"}],"collection":[{"href":"https:\/\/bisbalpenedes.com\/web\/wp-json\/wp\/v2\/posts"}],"about":[{"href":"https:\/\/bisbalpenedes.com\/web\/wp-json\/wp\/v2\/types\/post"}],"author":[{"embeddable":true,"href":"https:\/\/bisbalpenedes.com\/web\/wp-json\/wp\/v2\/users\/4"}],"replies":[{"embeddable":true,"href":"https:\/\/bisbalpenedes.com\/web\/wp-json\/wp\/v2\/comments?post=9746"}],"version-history":[{"count":2,"href":"https:\/\/bisbalpenedes.com\/web\/wp-json\/wp\/v2\/posts\/9746\/revisions"}],"predecessor-version":[{"id":9754,"href":"https:\/\/bisbalpenedes.com\/web\/wp-json\/wp\/v2\/posts\/9746\/revisions\/9754"}],"wp:featuredmedia":[{"embeddable":true,"href":"https:\/\/bisbalpenedes.com\/web\/wp-json\/wp\/v2\/media\/9747"}],"wp:attachment":[{"href":"https:\/\/bisbalpenedes.com\/web\/wp-json\/wp\/v2\/media?parent=9746"}],"wp:term":[{"taxonomy":"category","embeddable":true,"href":"https:\/\/bisbalpenedes.com\/web\/wp-json\/wp\/v2\/categories?post=9746"},{"taxonomy":"post_tag","embeddable":true,"href":"https:\/\/bisbalpenedes.com\/web\/wp-json\/wp\/v2\/tags?post=9746"}],"curies":[{"name":"wp","href":"https:\/\/api.w.org\/{rel}","templated":true}]}}