{"id":9742,"date":"2019-06-11T18:55:56","date_gmt":"2019-06-11T17:55:56","guid":{"rendered":"http:\/\/bisbalpenedes.com\/web\/?p=9742"},"modified":"2019-06-11T19:51:49","modified_gmt":"2019-06-11T18:51:49","slug":"aquest-dissabte-15-de-juny-tindra-lloc-la-diada-dapadrinament-dels-bous","status":"publish","type":"post","link":"https:\/\/bisbalpenedes.com\/web\/2019\/06\/11\/aquest-dissabte-15-de-juny-tindra-lloc-la-diada-dapadrinament-dels-bous\/","title":{"rendered":"Aquest dissabte 15 de juny tindr\u00e0 lloc la Diada d&#8217;apadrinament dels Bous"},"content":{"rendered":"<p><span style=\"color: #000000;\">Aquest dissabte 15 de juny tindr\u00e0 lloc la Diada d&#8217;apadrinament de la colla castellera de la Bisbal, els\u00a0Bous.<\/span><\/p>\n<p><span style=\"color: #000000;\"><strong>A les 18:00h<\/strong>, a la pla\u00e7a Major, tindr\u00e0 lloc la diada castellera amb els Xicots de Vilafranca, els Nois de la Torre i els Bous de la Bisbal.<\/span><\/p>\n<p><span style=\"color: #000000;\"><strong>A les 21:30h<\/strong>\u00a0tindr\u00e0 lloc un sopar popular al p\u00e0rquing del Poliesportiu Municipal (venda de tiquets anticipada)<\/span><\/p>\n<p><span style=\"color: #000000;\"><strong>A les 23:00h<\/strong>\u00a0el p\u00e0rquing del Poliesportiu Municipal acollir\u00e0 una festa gratu\u00efta amb R\u00e0dio Esventada.<\/span><\/p>\n<hr \/>\n<p><span style=\"color: #000000;\"><strong>CASTELLANO |<\/strong>\u00a0Este s\u00e1bado 15 de junio tendr\u00e1 lugar la Diada de apadrinamiento de la Colla Castellera Bous de la Bisbal.<\/span><\/p>\n<p><span style=\"color: #000000;\"><strong>A las 18:00h,<\/strong>\u00a0en la plaza Mayor, tendr\u00e1 lugar la diada castellera con los Xicots de Vilafranca, los Nois de la Torre y los Bous de la Bisbal.<\/span><\/p>\n<p><span style=\"color: #000000;\"><strong>A las 21:30h<\/strong>\u00a0tendr\u00e1 lugar una cena popular en el aparcamiento del Polideportivo Municipal (venta de tickets anticipada)<\/span><\/p>\n<p><span style=\"color: #000000;\"><strong>A las 23.00h<\/strong>\u00a0el aparcamiento del Polideportivo municipal acoger\u00e1 una fiesta gratuita con R\u00e0dio Esventada.<\/span><\/p>\n<p><a href=\"http:\/\/bisbalpenedes.com\/web\/wp-content\/uploads\/2018\/02\/bous-apadrinament-2019.jpg\"><img loading=\"lazy\" class=\"aligncenter size-full wp-image-9737\" src=\"http:\/\/bisbalpenedes.com\/web\/wp-content\/uploads\/2018\/02\/bous-apadrinament-2019.jpg\" alt=\"bous apadrinament 2019\" width=\"678\" height=\"960\" srcset=\"https:\/\/bisbalpenedes.com\/web\/wp-content\/uploads\/2018\/02\/bous-apadrinament-2019.jpg 678w, https:\/\/bisbalpenedes.com\/web\/wp-content\/uploads\/2018\/02\/bous-apadrinament-2019-600x850.jpg 600w, https:\/\/bisbalpenedes.com\/web\/wp-content\/uploads\/2018\/02\/bous-apadrinament-2019-212x300.jpg 212w\" sizes=\"(max-width: 678px) 100vw, 678px\" \/><\/a><\/p>\n","protected":false},"excerpt":{"rendered":"<p>Aquest dissabte 15 de juny tindr\u00e0 lloc la Diada d&#8217;apadrinament de la colla castellera de la Bisbal, els\u00a0Bous. A les 18:00h, a la pla\u00e7a Major, tindr\u00e0 lloc la diada castellera &hellip; <a href=\"https:\/\/bisbalpenedes.com\/web\/2019\/06\/11\/aquest-dissabte-15-de-juny-tindra-lloc-la-diada-dapadrinament-dels-bous\/\" class=\"more-link\">Read More<\/a><\/p>\n","protected":false},"author":4,"featured_media":9737,"comment_status":"closed","ping_status":"closed","sticky":false,"template":"","format":"standard","meta":[],"categories":[20],"tags":[378,377,667,3064,1954,483,1955],"_links":{"self":[{"href":"https:\/\/bisbalpenedes.com\/web\/wp-json\/wp\/v2\/posts\/9742"}],"collection":[{"href":"https:\/\/bisbalpenedes.com\/web\/wp-json\/wp\/v2\/posts"}],"about":[{"href":"https:\/\/bisbalpenedes.com\/web\/wp-json\/wp\/v2\/types\/post"}],"author":[{"embeddable":true,"href":"https:\/\/bisbalpenedes.com\/web\/wp-json\/wp\/v2\/users\/4"}],"replies":[{"embeddable":true,"href":"https:\/\/bisbalpenedes.com\/web\/wp-json\/wp\/v2\/comments?post=9742"}],"version-history":[{"count":3,"href":"https:\/\/bisbalpenedes.com\/web\/wp-json\/wp\/v2\/posts\/9742\/revisions"}],"predecessor-version":[{"id":9745,"href":"https:\/\/bisbalpenedes.com\/web\/wp-json\/wp\/v2\/posts\/9742\/revisions\/9745"}],"wp:featuredmedia":[{"embeddable":true,"href":"https:\/\/bisbalpenedes.com\/web\/wp-json\/wp\/v2\/media\/9737"}],"wp:attachment":[{"href":"https:\/\/bisbalpenedes.com\/web\/wp-json\/wp\/v2\/media?parent=9742"}],"wp:term":[{"taxonomy":"category","embeddable":true,"href":"https:\/\/bisbalpenedes.com\/web\/wp-json\/wp\/v2\/categories?post=9742"},{"taxonomy":"post_tag","embeddable":true,"href":"https:\/\/bisbalpenedes.com\/web\/wp-json\/wp\/v2\/tags?post=9742"}],"curies":[{"name":"wp","href":"https:\/\/api.w.org\/{rel}","templated":true}]}}