{"id":9740,"date":"2019-06-11T18:42:44","date_gmt":"2019-06-11T17:42:44","guid":{"rendered":"http:\/\/bisbalpenedes.com\/web\/?p=9740"},"modified":"2019-06-11T18:47:40","modified_gmt":"2019-06-11T17:47:40","slug":"lassociacio-de-dones-la-roca-forada-celebrara-la-festa-blanca-aquest-divendres","status":"publish","type":"post","link":"https:\/\/bisbalpenedes.com\/web\/2019\/06\/11\/lassociacio-de-dones-la-roca-forada-celebrara-la-festa-blanca-aquest-divendres\/","title":{"rendered":"L&#8217;Associaci\u00f3 de Dones la Roca Forada celebrar\u00e0 &#8216;La festa blanca&#8217; aquest divendres"},"content":{"rendered":"<p style=\"text-align: justify;\"><span style=\"color: #000000;\">L&#8217;Associaci\u00f3 de Dones la Roca Foradada celebrar\u00e0 &#8216;La festa blanca&#8217; aquest divendres a les 21:30h a la pla\u00e7a de l&#8217;Esgl\u00e9sia amb motiu de la finalitzaci\u00f3 del &#8216;curs&#8217;. Les reserves del men\u00fa es poden fer fins al dimecres 12 de juny.<\/span><\/p>\n<hr \/>\n<p style=\"text-align: justify;\"><span style=\"color: #000000;\"><strong>CASTELLANO |<\/strong> La Associaci\u00f3 de Dones la Roca Foradada celebrar\u00e1 &#8216;La festa blanca&#8217; este viernes a las 21:30h en la plaza de la Esgl\u00e9sia con motivo del fin de &#8216;curso&#8217;. Las reservas del men\u00fa se pueden hacer hasta el mi\u00e9rcoles 12 de junio.<\/span><\/p>\n<p style=\"text-align: justify;\"><a href=\"http:\/\/bisbalpenedes.com\/web\/wp-content\/uploads\/2018\/02\/la-roca-foradada-festa-blanca.jpg\"><img loading=\"lazy\" class=\"aligncenter size-full wp-image-9736\" src=\"http:\/\/bisbalpenedes.com\/web\/wp-content\/uploads\/2018\/02\/la-roca-foradada-festa-blanca.jpg\" alt=\"la roca foradada festa blanca\" width=\"774\" height=\"960\" srcset=\"https:\/\/bisbalpenedes.com\/web\/wp-content\/uploads\/2018\/02\/la-roca-foradada-festa-blanca.jpg 774w, https:\/\/bisbalpenedes.com\/web\/wp-content\/uploads\/2018\/02\/la-roca-foradada-festa-blanca-600x744.jpg 600w, https:\/\/bisbalpenedes.com\/web\/wp-content\/uploads\/2018\/02\/la-roca-foradada-festa-blanca-242x300.jpg 242w, https:\/\/bisbalpenedes.com\/web\/wp-content\/uploads\/2018\/02\/la-roca-foradada-festa-blanca-768x953.jpg 768w\" sizes=\"(max-width: 774px) 100vw, 774px\" \/><\/a><\/p>\n","protected":false},"excerpt":{"rendered":"<p>L&#8217;Associaci\u00f3 de Dones la Roca Foradada celebrar\u00e0 &#8216;La festa blanca&#8217; aquest divendres a les 21:30h a la pla\u00e7a de l&#8217;Esgl\u00e9sia amb motiu de la finalitzaci\u00f3 del &#8216;curs&#8217;. Les reserves del &hellip; <a href=\"https:\/\/bisbalpenedes.com\/web\/2019\/06\/11\/lassociacio-de-dones-la-roca-forada-celebrara-la-festa-blanca-aquest-divendres\/\" class=\"more-link\">Read More<\/a><\/p>\n","protected":false},"author":4,"featured_media":9736,"comment_status":"closed","ping_status":"closed","sticky":false,"template":"","format":"standard","meta":[],"categories":[20],"tags":[1624,3063,607,1755,126],"_links":{"self":[{"href":"https:\/\/bisbalpenedes.com\/web\/wp-json\/wp\/v2\/posts\/9740"}],"collection":[{"href":"https:\/\/bisbalpenedes.com\/web\/wp-json\/wp\/v2\/posts"}],"about":[{"href":"https:\/\/bisbalpenedes.com\/web\/wp-json\/wp\/v2\/types\/post"}],"author":[{"embeddable":true,"href":"https:\/\/bisbalpenedes.com\/web\/wp-json\/wp\/v2\/users\/4"}],"replies":[{"embeddable":true,"href":"https:\/\/bisbalpenedes.com\/web\/wp-json\/wp\/v2\/comments?post=9740"}],"version-history":[{"count":1,"href":"https:\/\/bisbalpenedes.com\/web\/wp-json\/wp\/v2\/posts\/9740\/revisions"}],"predecessor-version":[{"id":9741,"href":"https:\/\/bisbalpenedes.com\/web\/wp-json\/wp\/v2\/posts\/9740\/revisions\/9741"}],"wp:featuredmedia":[{"embeddable":true,"href":"https:\/\/bisbalpenedes.com\/web\/wp-json\/wp\/v2\/media\/9736"}],"wp:attachment":[{"href":"https:\/\/bisbalpenedes.com\/web\/wp-json\/wp\/v2\/media?parent=9740"}],"wp:term":[{"taxonomy":"category","embeddable":true,"href":"https:\/\/bisbalpenedes.com\/web\/wp-json\/wp\/v2\/categories?post=9740"},{"taxonomy":"post_tag","embeddable":true,"href":"https:\/\/bisbalpenedes.com\/web\/wp-json\/wp\/v2\/tags?post=9740"}],"curies":[{"name":"wp","href":"https:\/\/api.w.org\/{rel}","templated":true}]}}