{"id":9730,"date":"2019-06-11T09:55:43","date_gmt":"2019-06-11T08:55:43","guid":{"rendered":"http:\/\/bisbalpenedes.com\/web\/?p=9730"},"modified":"2019-06-11T09:58:46","modified_gmt":"2019-06-11T08:58:46","slug":"lajuntament-de-la-bisbal-ha-sollicitat-una-subvencio-per-a-la-rehabilitacio-de-les-cases-dels-mestres","status":"publish","type":"post","link":"https:\/\/bisbalpenedes.com\/web\/2019\/06\/11\/lajuntament-de-la-bisbal-ha-sollicitat-una-subvencio-per-a-la-rehabilitacio-de-les-cases-dels-mestres\/","title":{"rendered":"L\u2019Ajuntament de la Bisbal ha sol\u00b7licitat una subvenci\u00f3 per a la rehabilitaci\u00f3 de les cases dels mestres"},"content":{"rendered":"<p style=\"text-align: justify;\"><a href=\"http:\/\/bisbalpenedes.com\/web\/wp-content\/uploads\/2018\/01\/cases-dels-mestres-e1560243306900.jpg\"><img loading=\"lazy\" class=\"aligncenter size-medium wp-image-4408\" src=\"http:\/\/bisbalpenedes.com\/web\/wp-content\/uploads\/2018\/01\/cases-dels-mestres-e1560243306900-300x185.jpg\" alt=\"cases dels mestres\" width=\"300\" height=\"185\" srcset=\"https:\/\/bisbalpenedes.com\/web\/wp-content\/uploads\/2018\/01\/cases-dels-mestres-e1560243306900-300x185.jpg 300w, https:\/\/bisbalpenedes.com\/web\/wp-content\/uploads\/2018\/01\/cases-dels-mestres-e1560243306900-600x370.jpg 600w, https:\/\/bisbalpenedes.com\/web\/wp-content\/uploads\/2018\/01\/cases-dels-mestres-e1560243306900-768x473.jpg 768w, https:\/\/bisbalpenedes.com\/web\/wp-content\/uploads\/2018\/01\/cases-dels-mestres-e1560243306900-1024x631.jpg 1024w\" sizes=\"(max-width: 300px) 100vw, 300px\" \/><\/a><\/p>\n<p style=\"text-align: justify;\"><span style=\"color: #000000;\">L\u2019Ajuntament de la Bisbal del Pened\u00e8s ha sol\u00b7licitat una subvenci\u00f3 de 20.000\u20ac a la Diputaci\u00f3 de Tarragona per a la rehabilitaci\u00f3 de les \u201ccases dels mestres\u201d.<\/span><\/p>\n<p style=\"text-align: justify;\"><span style=\"color: #000000;\">La Junta de Govern del 8 de juliol de 2018 va aprovar inicialment el projecte de rehabilitaci\u00f3 de \u201cles cases dels mestres\u201d per convertir-les en habitatges socials. Ara, el projecte ja est\u00e0 aprovat definitivament.<\/span><\/p>\n<p style=\"text-align: justify;\"><span style=\"color: #000000;\">El cost total de la rehabilitaci\u00f3 suposa un import de 76.746,11\u20ac (IVA incl\u00f2s). Aquest mes de juny s\u2019ha sol\u00b7licitat a la Diputaci\u00f3 de Tarragona la subvenci\u00f3 per a inversions en habitatges municipals per a destinar-los a pol\u00edtiques socials per un import de 20.000\u20ac.<\/span><\/p>\n<hr \/>\n<p style=\"text-align: justify;\"><span style=\"color: #000000;\"><strong>CASTELLANO |<\/strong> El Ayuntamiento de la Bisbal del Pened\u00e8s ha solicitado una subvenci\u00f3n de 20.000\u20ac a la Diputaci\u00f3n de Tarragona para la rehabilitaci\u00f3n de las \u201ccasas de los maestros\u201d.<\/span><\/p>\n<p style=\"text-align: justify;\"><span style=\"color: #000000;\">La Junta de Gobierno del 8 de julio del 2018 aprob\u00f3 inicialmente el proyecto de rehabilitaci\u00f3n de \u201clas casas de los maestros\u201d para convertirlas en viviendas sociales. Ahora, el proyecto est\u00e1 aprobado definitivamente.<\/span><\/p>\n<p style=\"text-align: justify;\"><span style=\"color: #000000;\">El coste total de la rehabilitaci\u00f3n supone un importe de 76.746,11\u20ac (IVA incluido). Este mes de junio se ha solicitado a la Diputaci\u00f3n de Tarragona la subvenci\u00f3n para inversiones en viviendas municipales para destinarlos a pol\u00edticas sociales por un importe de 20.000\u20ac.<\/span><\/p>\n","protected":false},"excerpt":{"rendered":"<p>L\u2019Ajuntament de la Bisbal del Pened\u00e8s ha sol\u00b7licitat una subvenci\u00f3 de 20.000\u20ac a la Diputaci\u00f3 de Tarragona per a la rehabilitaci\u00f3 de les \u201ccases dels mestres\u201d. La Junta de Govern &hellip; <a href=\"https:\/\/bisbalpenedes.com\/web\/2019\/06\/11\/lajuntament-de-la-bisbal-ha-sollicitat-una-subvencio-per-a-la-rehabilitacio-de-les-cases-dels-mestres\/\" class=\"more-link\">Read More<\/a><\/p>\n","protected":false},"author":4,"featured_media":4408,"comment_status":"closed","ping_status":"closed","sticky":false,"template":"","format":"standard","meta":[],"categories":[975],"tags":[315,384,385],"_links":{"self":[{"href":"https:\/\/bisbalpenedes.com\/web\/wp-json\/wp\/v2\/posts\/9730"}],"collection":[{"href":"https:\/\/bisbalpenedes.com\/web\/wp-json\/wp\/v2\/posts"}],"about":[{"href":"https:\/\/bisbalpenedes.com\/web\/wp-json\/wp\/v2\/types\/post"}],"author":[{"embeddable":true,"href":"https:\/\/bisbalpenedes.com\/web\/wp-json\/wp\/v2\/users\/4"}],"replies":[{"embeddable":true,"href":"https:\/\/bisbalpenedes.com\/web\/wp-json\/wp\/v2\/comments?post=9730"}],"version-history":[{"count":1,"href":"https:\/\/bisbalpenedes.com\/web\/wp-json\/wp\/v2\/posts\/9730\/revisions"}],"predecessor-version":[{"id":9731,"href":"https:\/\/bisbalpenedes.com\/web\/wp-json\/wp\/v2\/posts\/9730\/revisions\/9731"}],"wp:featuredmedia":[{"embeddable":true,"href":"https:\/\/bisbalpenedes.com\/web\/wp-json\/wp\/v2\/media\/4408"}],"wp:attachment":[{"href":"https:\/\/bisbalpenedes.com\/web\/wp-json\/wp\/v2\/media?parent=9730"}],"wp:term":[{"taxonomy":"category","embeddable":true,"href":"https:\/\/bisbalpenedes.com\/web\/wp-json\/wp\/v2\/categories?post=9730"},{"taxonomy":"post_tag","embeddable":true,"href":"https:\/\/bisbalpenedes.com\/web\/wp-json\/wp\/v2\/tags?post=9730"}],"curies":[{"name":"wp","href":"https:\/\/api.w.org\/{rel}","templated":true}]}}