{"id":9726,"date":"2019-06-10T10:45:01","date_gmt":"2019-06-10T09:45:01","guid":{"rendered":"http:\/\/bisbalpenedes.com\/web\/?p=9726"},"modified":"2019-06-10T10:45:01","modified_gmt":"2019-06-10T09:45:01","slug":"quatre-taekwondistes-bisbalencs-esdevenen-campions-de-catalunya","status":"publish","type":"post","link":"https:\/\/bisbalpenedes.com\/web\/2019\/06\/10\/quatre-taekwondistes-bisbalencs-esdevenen-campions-de-catalunya\/","title":{"rendered":"Quatre taekwondistes bisbalencs esdevenen campions de Catalunya"},"content":{"rendered":"<p style=\"text-align: justify;\"><a href=\"http:\/\/bisbalpenedes.com\/web\/wp-content\/uploads\/2019\/06\/631FD3F9-6C58-41D7-8A07-4C483E6080A2.jpg\"><img loading=\"lazy\" class=\"aligncenter size-medium wp-image-9727\" src=\"http:\/\/bisbalpenedes.com\/web\/wp-content\/uploads\/2019\/06\/631FD3F9-6C58-41D7-8A07-4C483E6080A2-300x300.jpg\" alt=\"medalles taekwondo juny 2019\" width=\"300\" height=\"300\" srcset=\"https:\/\/bisbalpenedes.com\/web\/wp-content\/uploads\/2019\/06\/631FD3F9-6C58-41D7-8A07-4C483E6080A2-300x300.jpg 300w, https:\/\/bisbalpenedes.com\/web\/wp-content\/uploads\/2019\/06\/631FD3F9-6C58-41D7-8A07-4C483E6080A2-100x100.jpg 100w, https:\/\/bisbalpenedes.com\/web\/wp-content\/uploads\/2019\/06\/631FD3F9-6C58-41D7-8A07-4C483E6080A2-600x600.jpg 600w, https:\/\/bisbalpenedes.com\/web\/wp-content\/uploads\/2019\/06\/631FD3F9-6C58-41D7-8A07-4C483E6080A2-150x150.jpg 150w, https:\/\/bisbalpenedes.com\/web\/wp-content\/uploads\/2019\/06\/631FD3F9-6C58-41D7-8A07-4C483E6080A2-768x768.jpg 768w, https:\/\/bisbalpenedes.com\/web\/wp-content\/uploads\/2019\/06\/631FD3F9-6C58-41D7-8A07-4C483E6080A2-1024x1024.jpg 1024w, https:\/\/bisbalpenedes.com\/web\/wp-content\/uploads\/2019\/06\/631FD3F9-6C58-41D7-8A07-4C483E6080A2.jpg 2048w\" sizes=\"(max-width: 300px) 100vw, 300px\" \/><\/a><\/p>\n<p style=\"text-align: justify;\"><span style=\"color: #000000;\">Quatre taekwondistes bisbalencs han esdevingut campions en el Campionat de Catalunya de Taekwondo, que es va celebrar el passat 2 de juny a Barcelona. Els bisbalencs, entrenats al Gimn\u00e0s Ol\u00edmpic pels tamb\u00e9 bisbalencs Alberto i Irene Calvo, van obtenir les seg\u00fcents medalles:<\/span><\/p>\n<p style=\"padding-left: 30px; text-align: justify;\"><span style=\"color: #000000;\">Jordi Ruiz: campi\u00f3 de Catalunya, medalla d\u2019or<\/span><\/p>\n<p style=\"padding-left: 30px; text-align: justify;\"><span style=\"color: #000000;\">Lia V\u00e9lez: campiona de Catalunya, medalla d\u2019or<\/span><\/p>\n<p style=\"padding-left: 30px; text-align: justify;\"><span style=\"color: #000000;\">Luc\u00eda Ruiz: campiona de Catalunya, medalla d\u2019or<\/span><\/p>\n<p style=\"padding-left: 30px; text-align: justify;\"><span style=\"color: #000000;\">Ion V\u00e9lez: tercer de Catalunya, medalla de bronze<\/span><\/p>\n<p style=\"text-align: justify;\"><span style=\"color: #000000;\"><strong>Triomf dels bisbalencs tamb\u00e9 a Andorra<\/strong><\/span><\/p>\n<p style=\"text-align: justify;\"><span style=\"color: #000000;\">El passat 8 de juny es va celebrar la XVI Copa d\u2019Andorra de taekwondo. En aquesta ocasi\u00f3, els bisbalencs van obtenir les seg\u00fcents medalles.<\/span><\/p>\n<p style=\"padding-left: 30px; text-align: justify;\"><span style=\"color: #000000;\">Jordi Ruiz: medalla d\u2019or<\/span><\/p>\n<p style=\"padding-left: 30px; text-align: justify;\"><span style=\"color: #000000;\">Ion V\u00e9lez: medalla d\u2019or<\/span><\/p>\n<p style=\"padding-left: 30px; text-align: justify;\"><span style=\"color: #000000;\">Luc\u00eda Ruiz: medalla d\u2019or<\/span><\/p>\n<p style=\"padding-left: 30px; text-align: justify;\"><span style=\"color: #000000;\">Lia V\u00e9lez: medalla d\u2019argent<\/span><\/p>\n<p style=\"text-align: justify;\"><span style=\"color: #000000;\">Una vegada m\u00e9s felicitem els esportistes bisbalencs per aquestes noves fites.<\/span><\/p>\n<hr \/>\n<p style=\"text-align: justify;\"><a href=\"http:\/\/bisbalpenedes.com\/web\/wp-content\/uploads\/2019\/06\/631FD3F9-6C58-41D7-8A07-4C483E6080A2.jpg\"><img loading=\"lazy\" class=\"aligncenter size-medium wp-image-9727\" src=\"http:\/\/bisbalpenedes.com\/web\/wp-content\/uploads\/2019\/06\/631FD3F9-6C58-41D7-8A07-4C483E6080A2-300x300.jpg\" alt=\"medalles taekwondo juny 2019\" width=\"300\" height=\"300\" srcset=\"https:\/\/bisbalpenedes.com\/web\/wp-content\/uploads\/2019\/06\/631FD3F9-6C58-41D7-8A07-4C483E6080A2-300x300.jpg 300w, https:\/\/bisbalpenedes.com\/web\/wp-content\/uploads\/2019\/06\/631FD3F9-6C58-41D7-8A07-4C483E6080A2-100x100.jpg 100w, https:\/\/bisbalpenedes.com\/web\/wp-content\/uploads\/2019\/06\/631FD3F9-6C58-41D7-8A07-4C483E6080A2-600x600.jpg 600w, https:\/\/bisbalpenedes.com\/web\/wp-content\/uploads\/2019\/06\/631FD3F9-6C58-41D7-8A07-4C483E6080A2-150x150.jpg 150w, https:\/\/bisbalpenedes.com\/web\/wp-content\/uploads\/2019\/06\/631FD3F9-6C58-41D7-8A07-4C483E6080A2-768x768.jpg 768w, https:\/\/bisbalpenedes.com\/web\/wp-content\/uploads\/2019\/06\/631FD3F9-6C58-41D7-8A07-4C483E6080A2-1024x1024.jpg 1024w, https:\/\/bisbalpenedes.com\/web\/wp-content\/uploads\/2019\/06\/631FD3F9-6C58-41D7-8A07-4C483E6080A2.jpg 2048w\" sizes=\"(max-width: 300px) 100vw, 300px\" \/><\/a><\/p>\n<p style=\"text-align: justify;\"><span style=\"color: #000000;\"><strong>CASTELLANO |\u00a0<\/strong>\u00a0Cuatro taekwondistas bisbalencs logran ser campeones en el Campeonato de Catalunya de Taekwondo, que se celebr\u00f3 el pasado 2 de junio en Barcelona. Los bisbalencs, entrenados en el Gimn\u00e0s Ol\u00edmpic por los tambi\u00e9n bisbalencs Alberto e Irene Calvo, obtuvieron las siguientes medallas:<\/span><\/p>\n<p style=\"padding-left: 30px; text-align: justify;\"><span style=\"color: #000000;\">Jordi Ruiz: campe\u00f3n de Catalunya, medalla de oro<\/span><\/p>\n<p style=\"padding-left: 30px; text-align: justify;\"><span style=\"color: #000000;\">L\u00eda V\u00e9lez: campeona de Catalunya, medalla de oro<\/span><\/p>\n<p style=\"padding-left: 30px; text-align: justify;\"><span style=\"color: #000000;\">Luc\u00eda Ruiz: campeona de Catalunya, medalla de oro<\/span><\/p>\n<p style=\"padding-left: 30px; text-align: justify;\"><span style=\"color: #000000;\">Ion V\u00e9lez: tercero de Catalunya, medalla de bronce<\/span><\/p>\n<p style=\"text-align: justify;\"><span style=\"color: #000000;\"><strong>Triunfo de los bisbalencs tambi\u00e9n en Andorra<\/strong><\/span><\/p>\n<p style=\"text-align: justify;\"><span style=\"color: #000000;\">El pasado 8 de junio se celebr\u00f3 la XVI Copa de Andorra de taekwondo. En esta ocasi\u00f3n, los bisbalencs obtuvieron las siguientes medallas:<\/span><\/p>\n<p style=\"padding-left: 30px; text-align: justify;\"><span style=\"color: #000000;\">Jordi Ruiz: medalla de oro<\/span><\/p>\n<p style=\"padding-left: 30px; text-align: justify;\"><span style=\"color: #000000;\">Ion V\u00e9lez: medalla de oro<\/span><\/p>\n<p style=\"padding-left: 30px; text-align: justify;\"><span style=\"color: #000000;\">Luc\u00eda Ruiz: medalla de oro<\/span><\/p>\n<p style=\"padding-left: 30px; text-align: justify;\"><span style=\"color: #000000;\">L\u00eda V\u00e9lez: medalla de plata<\/span><\/p>\n<p style=\"text-align: justify;\"><span style=\"color: #000000;\">Una vez m\u00e1s felicitamos a los deportistas bisbalencs por estos nuevos logros.<\/span><\/p>\n","protected":false},"excerpt":{"rendered":"<p>Quatre taekwondistes bisbalencs han esdevingut campions en el Campionat de Catalunya de Taekwondo, que es va celebrar el passat 2 de juny a Barcelona. Els bisbalencs, entrenats al Gimn\u00e0s Ol\u00edmpic &hellip; <a href=\"https:\/\/bisbalpenedes.com\/web\/2019\/06\/10\/quatre-taekwondistes-bisbalencs-esdevenen-campions-de-catalunya\/\" class=\"more-link\">Read More<\/a><\/p>\n","protected":false},"author":4,"featured_media":9727,"comment_status":"closed","ping_status":"closed","sticky":false,"template":"","format":"standard","meta":[],"categories":[19],"tags":[1429,3062,1430,3059,3060,3061,2550,1428],"_links":{"self":[{"href":"https:\/\/bisbalpenedes.com\/web\/wp-json\/wp\/v2\/posts\/9726"}],"collection":[{"href":"https:\/\/bisbalpenedes.com\/web\/wp-json\/wp\/v2\/posts"}],"about":[{"href":"https:\/\/bisbalpenedes.com\/web\/wp-json\/wp\/v2\/types\/post"}],"author":[{"embeddable":true,"href":"https:\/\/bisbalpenedes.com\/web\/wp-json\/wp\/v2\/users\/4"}],"replies":[{"embeddable":true,"href":"https:\/\/bisbalpenedes.com\/web\/wp-json\/wp\/v2\/comments?post=9726"}],"version-history":[{"count":1,"href":"https:\/\/bisbalpenedes.com\/web\/wp-json\/wp\/v2\/posts\/9726\/revisions"}],"predecessor-version":[{"id":9729,"href":"https:\/\/bisbalpenedes.com\/web\/wp-json\/wp\/v2\/posts\/9726\/revisions\/9729"}],"wp:featuredmedia":[{"embeddable":true,"href":"https:\/\/bisbalpenedes.com\/web\/wp-json\/wp\/v2\/media\/9727"}],"wp:attachment":[{"href":"https:\/\/bisbalpenedes.com\/web\/wp-json\/wp\/v2\/media?parent=9726"}],"wp:term":[{"taxonomy":"category","embeddable":true,"href":"https:\/\/bisbalpenedes.com\/web\/wp-json\/wp\/v2\/categories?post=9726"},{"taxonomy":"post_tag","embeddable":true,"href":"https:\/\/bisbalpenedes.com\/web\/wp-json\/wp\/v2\/tags?post=9726"}],"curies":[{"name":"wp","href":"https:\/\/api.w.org\/{rel}","templated":true}]}}