{"id":9721,"date":"2019-06-10T10:07:39","date_gmt":"2019-06-10T09:07:39","guid":{"rendered":"http:\/\/bisbalpenedes.com\/web\/?p=9721"},"modified":"2019-06-10T10:07:39","modified_gmt":"2019-06-10T09:07:39","slug":"la-junta-de-govern-ha-aprovat-el-darrer-pagament-del-conveni-20182019-amb-joventut-bisbalenca","status":"publish","type":"post","link":"https:\/\/bisbalpenedes.com\/web\/2019\/06\/10\/la-junta-de-govern-ha-aprovat-el-darrer-pagament-del-conveni-20182019-amb-joventut-bisbalenca\/","title":{"rendered":"La Junta de Govern ha aprovat el darrer pagament del conveni 2018\/2019 amb Joventut Bisbalenca"},"content":{"rendered":"<p style=\"text-align: justify;\"><a href=\"http:\/\/bisbalpenedes.com\/web\/wp-content\/uploads\/2019\/06\/IMG_8363.jpg\"><img loading=\"lazy\" class=\"aligncenter size-medium wp-image-9723\" src=\"http:\/\/bisbalpenedes.com\/web\/wp-content\/uploads\/2019\/06\/IMG_8363-300x148.jpg\" alt=\"IMG_8363\" width=\"300\" height=\"148\" srcset=\"https:\/\/bisbalpenedes.com\/web\/wp-content\/uploads\/2019\/06\/IMG_8363-300x148.jpg 300w, https:\/\/bisbalpenedes.com\/web\/wp-content\/uploads\/2019\/06\/IMG_8363-600x295.jpg 600w, https:\/\/bisbalpenedes.com\/web\/wp-content\/uploads\/2019\/06\/IMG_8363-768x378.jpg 768w, https:\/\/bisbalpenedes.com\/web\/wp-content\/uploads\/2019\/06\/IMG_8363-1024x504.jpg 1024w\" sizes=\"(max-width: 300px) 100vw, 300px\" \/><\/a><\/p>\n<p style=\"text-align: justify;\"><span style=\"color: #000000;\">La Junta de Govern del 7 de juny de 2019 ha aprovat el darrer pagament de 2.000\u20ac per a Joventut Bisbalenca en el marc del conveni de col\u00b7laboraci\u00f3 2018\/2019 amb l\u2019entitat esportiva.<\/span><\/p>\n<p style=\"text-align: justify;\"><span style=\"color: #000000;\">L\u2019acord es va signar el 23 de juliol de 2018 i tenia validesa de l\u20191 de juliol de 2018 al 30 de juny de 2019. Inclo\u00efa una subvenci\u00f3 de 20.000\u20ac i la cessi\u00f3 de les instal\u00b7lacions esportives per al desenvolupament de les activitats del club (el camp de gespa artificial i els vestuaris).<\/span><\/p>\n<p style=\"text-align: justify;\"><span style=\"color: #000000;\">En la Junta de Govern del 19 de juliol de 2018 es va aprovar el conveni amb Joventut Bisbalenca per a la temporada 2018\/2019, per un import de 20.000\u20ac. Fins ara s\u2019havien satisfet 18.000\u20ac i aquest \u00e9s el darrer pagament que quedava, per un import de 2.000\u20ac.<\/span><\/p>\n<p style=\"text-align: justify;\"><span style=\"color: #000000;\">L\u2019entitat haur\u00e0 de presentar la justificaci\u00f3 econ\u00f2mica corresponent al per\u00edode de compres de l\u20191 de juliol de 2018 al 30 de juny de 2019.<\/span><\/p>\n<hr \/>\n<p style=\"text-align: justify;\"><span style=\"color: #000000;\"><strong>CASTELLANO |<\/strong> La Junta de Gobierno del 7 de junio del 2019 ha aprobado el \u00faltimo pago de 2.000\u20ac para Joventut Bisbalenca en el marco del convenio de colaboraci\u00f3n 2018\/2019 con la entidad deportiva.<\/span><\/p>\n<p style=\"text-align: justify;\"><span style=\"color: #000000;\">El acuerdo se firm\u00f3 el 23 de julio del 2018 y tenia validez del 1 de julio del 2018 al 30 de junio del 2019. Inclu\u00eda una subvenci\u00f3n de 20.000\u20ac y la cesi\u00f3n de las instalaciones deportivas para el desarrollo de las actividades del club (el campo de c\u00e9sped artificial y los vestuarios).<\/span><\/p>\n<p style=\"text-align: justify;\"><span style=\"color: #000000;\">En la Junta de Gobierno del 19 de julio del 2018 se aprob\u00f3 el convenio con Joventut Bisbalenca para la temporada 2018\/2019, por un importe de 20.000\u20ac. Hasta ahora se hab\u00edan satisfecho 18.000\u20ac y este es el \u00faltimo pago que quedaba, por un importe de 2.000\u20ac.<\/span><\/p>\n<p style=\"text-align: justify;\"><span style=\"color: #000000;\">La entidad deber\u00e1 presentar la justificaci\u00f3n econ\u00f3mica correspondiente al periodo de compras del 1 de julio del 2018 al 30 de junio del 2019.<\/span><\/p>\n","protected":false},"excerpt":{"rendered":"<p>La Junta de Govern del 7 de juny de 2019 ha aprovat el darrer pagament de 2.000\u20ac per a Joventut Bisbalenca en el marc del conveni de col\u00b7laboraci\u00f3 2018\/2019 amb &hellip; <a href=\"https:\/\/bisbalpenedes.com\/web\/2019\/06\/10\/la-junta-de-govern-ha-aprovat-el-darrer-pagament-del-conveni-20182019-amb-joventut-bisbalenca\/\" class=\"more-link\">Read More<\/a><\/p>\n","protected":false},"author":4,"featured_media":9723,"comment_status":"closed","ping_status":"closed","sticky":false,"template":"","format":"standard","meta":[],"categories":[19,8],"tags":[440,367,345],"_links":{"self":[{"href":"https:\/\/bisbalpenedes.com\/web\/wp-json\/wp\/v2\/posts\/9721"}],"collection":[{"href":"https:\/\/bisbalpenedes.com\/web\/wp-json\/wp\/v2\/posts"}],"about":[{"href":"https:\/\/bisbalpenedes.com\/web\/wp-json\/wp\/v2\/types\/post"}],"author":[{"embeddable":true,"href":"https:\/\/bisbalpenedes.com\/web\/wp-json\/wp\/v2\/users\/4"}],"replies":[{"embeddable":true,"href":"https:\/\/bisbalpenedes.com\/web\/wp-json\/wp\/v2\/comments?post=9721"}],"version-history":[{"count":3,"href":"https:\/\/bisbalpenedes.com\/web\/wp-json\/wp\/v2\/posts\/9721\/revisions"}],"predecessor-version":[{"id":9725,"href":"https:\/\/bisbalpenedes.com\/web\/wp-json\/wp\/v2\/posts\/9721\/revisions\/9725"}],"wp:featuredmedia":[{"embeddable":true,"href":"https:\/\/bisbalpenedes.com\/web\/wp-json\/wp\/v2\/media\/9723"}],"wp:attachment":[{"href":"https:\/\/bisbalpenedes.com\/web\/wp-json\/wp\/v2\/media?parent=9721"}],"wp:term":[{"taxonomy":"category","embeddable":true,"href":"https:\/\/bisbalpenedes.com\/web\/wp-json\/wp\/v2\/categories?post=9721"},{"taxonomy":"post_tag","embeddable":true,"href":"https:\/\/bisbalpenedes.com\/web\/wp-json\/wp\/v2\/tags?post=9721"}],"curies":[{"name":"wp","href":"https:\/\/api.w.org\/{rel}","templated":true}]}}