{"id":9719,"date":"2019-06-10T09:44:46","date_gmt":"2019-06-10T08:44:46","guid":{"rendered":"http:\/\/bisbalpenedes.com\/web\/?p=9719"},"modified":"2019-06-10T09:44:46","modified_gmt":"2019-06-10T08:44:46","slug":"lajuntament-compra-dos-nous-microfons-per-a-la-sala-de-plens","status":"publish","type":"post","link":"https:\/\/bisbalpenedes.com\/web\/2019\/06\/10\/lajuntament-compra-dos-nous-microfons-per-a-la-sala-de-plens\/","title":{"rendered":"L\u2019Ajuntament compra dos nous micr\u00f2fons per a la sala de Plens"},"content":{"rendered":"<p><span style=\"color: #000000;\">La Junta de Govern local del 7 de juny ha aprovat l\u2019adquisici\u00f3 de dos nous micr\u00f2fons i la seva instal\u00b7laci\u00f3 a la sala de Plens. A partir del Ple de constituci\u00f3 del nou Ajuntament, el proper 15 de juny, el nombre de grups pol\u00edtics amb representaci\u00f3 s\u2019incrementar\u00e0 en dos (fins ara hi havia tres grups pol\u00edtics i ara n\u2019hi haur\u00e0 cinc). Per aquest motiu, s\u2019ha procedit a la compra d\u2019aquests nous micr\u00f2fons amb l\u2019objectiu de poder donar continu\u00eftat al sistema d\u2019enregistrament amb videoactes.<\/span><\/p>\n<p><span style=\"color: #000000;\">El preu total de la compra, amb IVA incl\u00f2s, ascendeix a 1.409,80\u20ac.<\/span><\/p>\n<hr \/>\n<p><span style=\"color: #000000;\"><strong>CASTELLANO |<\/strong> La Junta de Gobierno local del 7 de junio ha aprobado la adquisici\u00f3n de dos nuevos micr\u00f3fonos y su instalaci\u00f3n en la sala de Plenos. A partir del Pleno de constituci\u00f3n del nuevo Ayuntamiento, el pr\u00f3ximo 15 de junio, el n\u00famero de grupos pol\u00edticos con representaci\u00f3n se incrementar\u00e1 en dos (hasta ahora hab\u00eda tres grupos pol\u00edticos y ahora habr\u00e1 cinco). Por este motivo, se ha procedido a la compra de estos nuevos micr\u00f3fonos con el objetivo de poder dar continuidad al sistema de grabaci\u00f3n con videoactas.<\/span><\/p>\n<p><span style=\"color: #000000;\">El precio total de la compra, con IVA incluido, asciende a 1.409,80\u20ac.<\/span><\/p>\n","protected":false},"excerpt":{"rendered":"<p>La Junta de Govern local del 7 de juny ha aprovat l\u2019adquisici\u00f3 de dos nous micr\u00f2fons i la seva instal\u00b7laci\u00f3 a la sala de Plens. A partir del Ple de &hellip; <a href=\"https:\/\/bisbalpenedes.com\/web\/2019\/06\/10\/lajuntament-compra-dos-nous-microfons-per-a-la-sala-de-plens\/\" class=\"more-link\">Read More<\/a><\/p>\n","protected":false},"author":4,"featured_media":8717,"comment_status":"closed","ping_status":"closed","sticky":false,"template":"","format":"standard","meta":[],"categories":[2057],"tags":[686,3058,2719,2721,2722],"_links":{"self":[{"href":"https:\/\/bisbalpenedes.com\/web\/wp-json\/wp\/v2\/posts\/9719"}],"collection":[{"href":"https:\/\/bisbalpenedes.com\/web\/wp-json\/wp\/v2\/posts"}],"about":[{"href":"https:\/\/bisbalpenedes.com\/web\/wp-json\/wp\/v2\/types\/post"}],"author":[{"embeddable":true,"href":"https:\/\/bisbalpenedes.com\/web\/wp-json\/wp\/v2\/users\/4"}],"replies":[{"embeddable":true,"href":"https:\/\/bisbalpenedes.com\/web\/wp-json\/wp\/v2\/comments?post=9719"}],"version-history":[{"count":1,"href":"https:\/\/bisbalpenedes.com\/web\/wp-json\/wp\/v2\/posts\/9719\/revisions"}],"predecessor-version":[{"id":9720,"href":"https:\/\/bisbalpenedes.com\/web\/wp-json\/wp\/v2\/posts\/9719\/revisions\/9720"}],"wp:featuredmedia":[{"embeddable":true,"href":"https:\/\/bisbalpenedes.com\/web\/wp-json\/wp\/v2\/media\/8717"}],"wp:attachment":[{"href":"https:\/\/bisbalpenedes.com\/web\/wp-json\/wp\/v2\/media?parent=9719"}],"wp:term":[{"taxonomy":"category","embeddable":true,"href":"https:\/\/bisbalpenedes.com\/web\/wp-json\/wp\/v2\/categories?post=9719"},{"taxonomy":"post_tag","embeddable":true,"href":"https:\/\/bisbalpenedes.com\/web\/wp-json\/wp\/v2\/tags?post=9719"}],"curies":[{"name":"wp","href":"https:\/\/api.w.org\/{rel}","templated":true}]}}