{"id":9715,"date":"2019-06-10T09:30:51","date_gmt":"2019-06-10T08:30:51","guid":{"rendered":"http:\/\/bisbalpenedes.com\/web\/?p=9715"},"modified":"2019-06-11T20:35:37","modified_gmt":"2019-06-11T19:35:37","slug":"aquest-dimecres-12-de-juny-a-les-11h-tindra-lloc-un-ple-extraordinari-a-lajuntament-de-la-bisbal-del-penedes","status":"publish","type":"post","link":"https:\/\/bisbalpenedes.com\/web\/2019\/06\/10\/aquest-dimecres-12-de-juny-a-les-11h-tindra-lloc-un-ple-extraordinari-a-lajuntament-de-la-bisbal-del-penedes\/","title":{"rendered":"Aquest dimecres 12 de juny a les 11h tindr\u00e0 lloc un Ple extraordinari a l&#8217;Ajuntament de la Bisbal del Pened\u00e8s"},"content":{"rendered":"<p><span style=\"color: #000000;\">Aquest\u00a0dimecres 12 de juny, a les 11h, tindr\u00e0 lloc un ple per aprovar les actes de les sessions anteriors amb motiu de la finalitzaci\u00f3 de la legislatura. En concret, es portaran a aprovaci\u00f3 les seg\u00fcents actes:<\/span><\/p>\n<ol>\n<li><span style=\"color: #000000;\">Aprovaci\u00f3 de l&#8217;acta de la sessi\u00f3 n\u00famero 2 ordin\u00e0ria anterior de data 18-03-2019<\/span><\/li>\n<li><span style=\"color: #000000;\">Aprovaci\u00f3 de l&#8217;acta de la sessi\u00f3 n\u00famero 3 extraordin\u00e0ria de data 01-04-2019<\/span><\/li>\n<li><span style=\"color: #000000;\">Aprovaci\u00f3 de l&#8217;acta de la sessi\u00f3 n\u00famero 4 extraordin\u00e0ria de data 18-04-2019<\/span><\/li>\n<li><span style=\"color: #000000;\">Aprovaci\u00f3 de l&#8217;acta de la sessi\u00f3 n\u00famero 5 extraordin\u00e0ria de data 29-04-2019<\/span><\/li>\n<li><span style=\"color: #000000;\">Aprovaci\u00f3 de l&#8217;acta de la sessi\u00f3 n\u00famero 6 extraordin\u00e0ria urgent de data 29-04-2019<\/span><\/li>\n<\/ol>\n<hr \/>\n<p><span style=\"color: #000000;\"><strong>CASTELLANO |<\/strong> Este\u00a0mi\u00e9rcoles 12 de junio, a las 11h, tendr\u00e1 lugar un pleno para aprobar las actas de las sesiones anteriores con motivo de la finalizaci\u00f3n de la legislatura. En concreto, se llevar\u00e1n a aprobaci\u00f3n las siguientes actas:<\/span><\/p>\n<ol>\n<li><span style=\"color: #000000;\">Aprobaci\u00f3n del acta de la sesi\u00f3n n\u00famero 2 ordinaria anterior de fecha 18-03-2019<\/span><\/li>\n<li><span style=\"color: #000000;\">Aprobaci\u00f3n del acta de la sesi\u00f3n n\u00famero 3 extraordinaria de fecha 01-04-2019<\/span><\/li>\n<li><span style=\"color: #000000;\">Aprobaci\u00f3n del acta de la sesi\u00f3n n\u00famero 4 extraordinaria de fecha 18-04-2019<\/span><\/li>\n<li><span style=\"color: #000000;\">Aprobaci\u00f3n del acta de la sesi\u00f3n n\u00famero 5 extraordinaria de fecha 29-04-2019<\/span><\/li>\n<li><span style=\"color: #000000;\">Aprobaci\u00f3n del acta de la sesi\u00f3n n\u00famero 6 extraordinaria urgente de fecha 29-04-2019<\/span><\/li>\n<\/ol>\n","protected":false},"excerpt":{"rendered":"<p>Aquest\u00a0dimecres 12 de juny, a les 11h, tindr\u00e0 lloc un ple per aprovar les actes de les sessions anteriors amb motiu de la finalitzaci\u00f3 de la legislatura. En concret, es &hellip; <a href=\"https:\/\/bisbalpenedes.com\/web\/2019\/06\/10\/aquest-dimecres-12-de-juny-a-les-11h-tindra-lloc-un-ple-extraordinari-a-lajuntament-de-la-bisbal-del-penedes\/\" class=\"more-link\">Read More<\/a><\/p>\n","protected":false},"author":4,"featured_media":9373,"comment_status":"closed","ping_status":"closed","sticky":false,"template":"","format":"standard","meta":[],"categories":[2250],"tags":[3057,3056,423],"_links":{"self":[{"href":"https:\/\/bisbalpenedes.com\/web\/wp-json\/wp\/v2\/posts\/9715"}],"collection":[{"href":"https:\/\/bisbalpenedes.com\/web\/wp-json\/wp\/v2\/posts"}],"about":[{"href":"https:\/\/bisbalpenedes.com\/web\/wp-json\/wp\/v2\/types\/post"}],"author":[{"embeddable":true,"href":"https:\/\/bisbalpenedes.com\/web\/wp-json\/wp\/v2\/users\/4"}],"replies":[{"embeddable":true,"href":"https:\/\/bisbalpenedes.com\/web\/wp-json\/wp\/v2\/comments?post=9715"}],"version-history":[{"count":4,"href":"https:\/\/bisbalpenedes.com\/web\/wp-json\/wp\/v2\/posts\/9715\/revisions"}],"predecessor-version":[{"id":9749,"href":"https:\/\/bisbalpenedes.com\/web\/wp-json\/wp\/v2\/posts\/9715\/revisions\/9749"}],"wp:featuredmedia":[{"embeddable":true,"href":"https:\/\/bisbalpenedes.com\/web\/wp-json\/wp\/v2\/media\/9373"}],"wp:attachment":[{"href":"https:\/\/bisbalpenedes.com\/web\/wp-json\/wp\/v2\/media?parent=9715"}],"wp:term":[{"taxonomy":"category","embeddable":true,"href":"https:\/\/bisbalpenedes.com\/web\/wp-json\/wp\/v2\/categories?post=9715"},{"taxonomy":"post_tag","embeddable":true,"href":"https:\/\/bisbalpenedes.com\/web\/wp-json\/wp\/v2\/tags?post=9715"}],"curies":[{"name":"wp","href":"https:\/\/api.w.org\/{rel}","templated":true}]}}