{"id":9713,"date":"2019-06-06T09:42:57","date_gmt":"2019-06-06T08:42:57","guid":{"rendered":"http:\/\/bisbalpenedes.com\/web\/?p=9713"},"modified":"2019-06-06T09:42:57","modified_gmt":"2019-06-06T08:42:57","slug":"durant-aquest-mes-de-juny-continua-la-campanya-informativa-sobre-la-recollida-de-la-materia-organica","status":"publish","type":"post","link":"https:\/\/bisbalpenedes.com\/web\/2019\/06\/06\/durant-aquest-mes-de-juny-continua-la-campanya-informativa-sobre-la-recollida-de-la-materia-organica\/","title":{"rendered":"Durant aquest mes de juny continua la campanya informativa sobre la recollida de la mat\u00e8ria org\u00e0nica"},"content":{"rendered":"<p><a href=\"http:\/\/bisbalpenedes.com\/web\/wp-content\/uploads\/2019\/04\/organica-informadora.jpg\"><img loading=\"lazy\" class=\"aligncenter size-medium wp-image-9303\" src=\"http:\/\/bisbalpenedes.com\/web\/wp-content\/uploads\/2019\/04\/organica-informadora-300x212.jpg\" alt=\"organica informadora\" width=\"300\" height=\"212\" srcset=\"https:\/\/bisbalpenedes.com\/web\/wp-content\/uploads\/2019\/04\/organica-informadora-300x212.jpg 300w, https:\/\/bisbalpenedes.com\/web\/wp-content\/uploads\/2019\/04\/organica-informadora-600x424.jpg 600w, https:\/\/bisbalpenedes.com\/web\/wp-content\/uploads\/2019\/04\/organica-informadora-768x543.jpg 768w, https:\/\/bisbalpenedes.com\/web\/wp-content\/uploads\/2019\/04\/organica-informadora-1024x724.jpg 1024w\" sizes=\"(max-width: 300px) 100vw, 300px\" \/><\/a><\/p>\n<p><span style=\"color: #000000;\">La Regidoria de Medi Ambient informa que, durant aquest mes de juny, la informadora de la campanya sobre la recollida de la mat\u00e8ria org\u00e0nica als barris de fora del nucli visitar\u00e0 aquelles llars on, fins ara, no hi ha trobat ning\u00fa quan ha fet el \u2018porta a porta\u2019. En cas de seguir sense trobar els ve\u00efns que hi viuen, deixar\u00e0 una nota informativa amb les dates en les quals podreu trobar la informadora en diferents punts del municipi. S\u00f3n les seg\u00fcents:<\/span><\/p>\n<p style=\"padding-left: 30px;\"><span style=\"color: #000000;\">-Dissabte 08 de juny, de 10h a 13h, al local social de Can Gordei<\/span><\/p>\n<p style=\"padding-left: 30px;\"><span style=\"color: #000000;\">-Dissabte 15 de juny, de 10h a 13h, al local social del Priorat de la Bisbal<\/span><\/p>\n<p style=\"padding-left: 30px;\"><span style=\"color: #000000;\">-Dissabte 22 de juny, de 10h a 13h, a l\u2019Ajuntament de la Bisbal del Pened\u00e8s<\/span><\/p>\n<p style=\"padding-left: 30px;\"><span style=\"color: #000000;\">-Dissabte 29 de juny, de 10h a 13h, a l\u2019Ajuntament de la Bisbal del Pened\u00e8s<\/span><\/p>\n<hr \/>\n<p><span style=\"color: #000000;\"><strong>CASTELLANO<\/strong> | La Concejal\u00eda de Medio Ambiente informa que, durante este mes de junio, la informadora de la campa\u00f1a sobre la recogida de la materia org\u00e1nica en los barrios de fuera del n\u00facleo visitar\u00e1 aquellos hogares donde, hasta ahora, no ha encontrado a nadie cuando ha hecho el &#8216;puerta por puerta&#8217;. En caso de seguir sin encontrar a los vecinos que viven all\u00ed, dejar\u00e1 una nota informativa con las fechas en las que podr\u00e9is encontrar a la informadora en diferentes puntos del municipio. Son las siguientes:<\/span><\/p>\n<p style=\"padding-left: 30px;\"><span style=\"color: #000000;\">-S\u00e1bado 08 de junio, de 10h a 13h, en el local social de Can Gordei<\/span><\/p>\n<p style=\"padding-left: 30px;\"><span style=\"color: #000000;\">-S\u00e1bado 15 de junio, de 10h a 13h, en el local social del Priorat de la Bisbal<\/span><\/p>\n<p style=\"padding-left: 30px;\"><span style=\"color: #000000;\">-S\u00e1bado 22 de junio, de 10h a 13h, en el Ayuntamiento de la Bisbal del Pened\u00e8s<\/span><\/p>\n<p style=\"padding-left: 30px;\"><span style=\"color: #000000;\">-S\u00e1bado 29 de junio, de 10h a 13h, en el Ayuntamiento de la Bisbal del Pened\u00e8s<\/span><\/p>\n","protected":false},"excerpt":{"rendered":"<p>La Regidoria de Medi Ambient informa que, durant aquest mes de juny, la informadora de la campanya sobre la recollida de la mat\u00e8ria org\u00e0nica als barris de fora del nucli &hellip; <a href=\"https:\/\/bisbalpenedes.com\/web\/2019\/06\/06\/durant-aquest-mes-de-juny-continua-la-campanya-informativa-sobre-la-recollida-de-la-materia-organica\/\" class=\"more-link\">Read More<\/a><\/p>\n","protected":false},"author":4,"featured_media":9303,"comment_status":"closed","ping_status":"closed","sticky":false,"template":"","format":"standard","meta":[],"categories":[32],"tags":[438,1448,1907],"_links":{"self":[{"href":"https:\/\/bisbalpenedes.com\/web\/wp-json\/wp\/v2\/posts\/9713"}],"collection":[{"href":"https:\/\/bisbalpenedes.com\/web\/wp-json\/wp\/v2\/posts"}],"about":[{"href":"https:\/\/bisbalpenedes.com\/web\/wp-json\/wp\/v2\/types\/post"}],"author":[{"embeddable":true,"href":"https:\/\/bisbalpenedes.com\/web\/wp-json\/wp\/v2\/users\/4"}],"replies":[{"embeddable":true,"href":"https:\/\/bisbalpenedes.com\/web\/wp-json\/wp\/v2\/comments?post=9713"}],"version-history":[{"count":1,"href":"https:\/\/bisbalpenedes.com\/web\/wp-json\/wp\/v2\/posts\/9713\/revisions"}],"predecessor-version":[{"id":9714,"href":"https:\/\/bisbalpenedes.com\/web\/wp-json\/wp\/v2\/posts\/9713\/revisions\/9714"}],"wp:featuredmedia":[{"embeddable":true,"href":"https:\/\/bisbalpenedes.com\/web\/wp-json\/wp\/v2\/media\/9303"}],"wp:attachment":[{"href":"https:\/\/bisbalpenedes.com\/web\/wp-json\/wp\/v2\/media?parent=9713"}],"wp:term":[{"taxonomy":"category","embeddable":true,"href":"https:\/\/bisbalpenedes.com\/web\/wp-json\/wp\/v2\/categories?post=9713"},{"taxonomy":"post_tag","embeddable":true,"href":"https:\/\/bisbalpenedes.com\/web\/wp-json\/wp\/v2\/tags?post=9713"}],"curies":[{"name":"wp","href":"https:\/\/api.w.org\/{rel}","templated":true}]}}