{"id":9706,"date":"2019-06-04T11:13:39","date_gmt":"2019-06-04T10:13:39","guid":{"rendered":"http:\/\/bisbalpenedes.com\/web\/?p=9706"},"modified":"2019-09-09T12:16:10","modified_gmt":"2019-09-09T11:16:10","slug":"sabeu-com-funciona-el-punt-verd","status":"publish","type":"post","link":"https:\/\/bisbalpenedes.com\/web\/2019\/06\/04\/sabeu-com-funciona-el-punt-verd\/","title":{"rendered":"Sabeu com funciona el Punt Verd?"},"content":{"rendered":"<p><a href=\"http:\/\/bisbalpenedes.com\/web\/wp-content\/uploads\/2018\/03\/IMG_3029.jpg\"><img loading=\"lazy\" class=\"aligncenter size-medium wp-image-5123\" src=\"http:\/\/bisbalpenedes.com\/web\/wp-content\/uploads\/2018\/03\/IMG_3029-300x200.jpg\" alt=\"punt verd\" width=\"300\" height=\"200\" srcset=\"https:\/\/bisbalpenedes.com\/web\/wp-content\/uploads\/2018\/03\/IMG_3029-300x200.jpg 300w, https:\/\/bisbalpenedes.com\/web\/wp-content\/uploads\/2018\/03\/IMG_3029-600x400.jpg 600w, https:\/\/bisbalpenedes.com\/web\/wp-content\/uploads\/2018\/03\/IMG_3029-768x512.jpg 768w, https:\/\/bisbalpenedes.com\/web\/wp-content\/uploads\/2018\/03\/IMG_3029-1024x683.jpg 1024w\" sizes=\"(max-width: 300px) 100vw, 300px\" \/><\/a><\/p>\n<p><span style=\"color: #000000;\">L\u2019Ajuntament de la Bisbal compta amb un equipament anomenat Punt Verd que \u00e9s d\u2019\u00fas exclusiu per a aquells particulars que estiguin donats d\u2019alta al padr\u00f3 municipal de recollida de residus dom\u00e8stics. Amb aquest equipament, la Regidoria de Medi Ambient vol col\u00b7laborar en la supressi\u00f3 d\u2019abocaments incontrolats i contribuir en una correcta gesti\u00f3 i separaci\u00f3 dels residus municipals dom\u00e8stics, especials i valoritzables.<\/span><\/p>\n<p><span style=\"color: #000000;\">El servei, que funciona les 24 hores els 365 dies de l\u2019any, no accepta residus industrials, barrejats o radioactius de cap mena i nom\u00e9s admet residus de ve\u00efns particulars. Durant el dia, compta amb una treballadora que vetlla pel bon funcionament de les instal\u00b7lacions i que s\u2019encarrega d\u2019assessorar-vos en mat\u00e8ria de gesti\u00f3 de residus i reciclatge. Si teniu dubtes sobre on llen\u00e7ar una deixalla o sobre el funcionament de les instal\u00b7lacions, podeu adre\u00e7ar-li la consulta a aquesta treballadora. Val a dir que l\u2019acc\u00e9s al recinte es fa mitjan\u00e7ant una targeta que expedeix l\u2019Ajuntament. Els ve\u00efns que vulguin donar-se d\u2019alta al servei han de sol\u00b7licitar-ho a les oficines municipals (cal ser un particular i ser el titular del rebut de la taxa d&#8217;escombraries de l&#8217;habitatge).<\/span><\/p>\n<p><span style=\"color: #000000;\">Si entre tots fem un bon \u00fas del Punt Verd, els residus podran ser reutilitzats o reciclats com a mat\u00e8ria primera i mitjan\u00e7ant diversos processos s\u2019obtindran productes diferents o iguals als originals.<\/span><\/p>\n<p><span style=\"color: #000000;\">Al Punt Verd es poden classificar els residus en els contenidors dedicats a cada material:<\/span><\/p>\n<p><span style=\"color: #000000;\"><strong>CONTENIDORS DE GRANS DIMENSIONS<\/strong><\/span><\/p>\n<p style=\"padding-left: 30px;\"><span style=\"color: #000000;\">-Vidre<\/span><\/p>\n<p style=\"padding-left: 30px;\"><span style=\"color: #000000;\">-Vidre pla<\/span><\/p>\n<p style=\"padding-left: 30px;\"><span style=\"color: #000000;\">-Ferralla<\/span><\/p>\n<p style=\"padding-left: 30px;\"><span style=\"color: #000000;\">-Resta<\/span><\/p>\n<p style=\"padding-left: 30px;\"><span style=\"color: #000000;\">-Paper i Cartr\u00f3<\/span><\/p>\n<p style=\"padding-left: 30px;\"><span style=\"color: #000000;\">-Envasos lleugers<\/span><\/p>\n<p style=\"padding-left: 30px;\"><span style=\"color: #000000;\">-Matalassos<\/span><\/p>\n<p style=\"padding-left: 30px;\"><span style=\"color: #000000;\">-Pneum\u00e0tics<\/span><\/p>\n<p style=\"padding-left: 30px;\"><span style=\"color: #000000;\">-Fusta<\/span><\/p>\n<p style=\"padding-left: 30px;\"><span style=\"color: #000000;\">-Voluminosos<\/span><\/p>\n<p style=\"padding-left: 30px;\"><span style=\"color: #000000;\">-Pl\u00e0stics diversos<\/span><\/p>\n<p style=\"padding-left: 30px;\"><span style=\"color: #000000;\">-Runes i terres<\/span><\/p>\n<p style=\"padding-left: 30px;\"><span style=\"color: #000000;\">-Restes vegetals<\/span><\/p>\n<p><span style=\"color: #000000;\"><strong>CONTENIDORS PER A RESTES ESPECIALS<\/strong><\/span><\/p>\n<p style=\"padding-left: 30px;\"><span style=\"color: #000000;\">-Oli vegetal<\/span><\/p>\n<p style=\"padding-left: 30px;\"><span style=\"color: #000000;\">-Oli mineral<\/span><\/p>\n<p style=\"padding-left: 30px;\"><span style=\"color: #000000;\">-Aparells de fred<\/span><\/p>\n<p style=\"padding-left: 30px;\"><span style=\"color: #000000;\">-Residus especials (t\u00f2ners, pintures, dissolvents, vernissos\u2026)<\/span><\/p>\n<p style=\"padding-left: 30px;\"><span style=\"color: #000000;\">-Petits electrodom\u00e8stics<\/span><\/p>\n<p style=\"padding-left: 30px;\"><span style=\"color: #000000;\">-Televisors i monitors<\/span><\/p>\n<p style=\"padding-left: 30px;\"><span style=\"color: #000000;\">-Piles, bateries i fluorescents<\/span><\/p>\n<p><span style=\"color: #000000;\">\u00c9s una obligaci\u00f3 de l\u2019usuari del Punt Verd la correcta classificaci\u00f3 i dip\u00f2sit dels residus, el transport sense que es produeixin abocaments o dispersions de materials i el fet d\u2019evitar la caiguda de residus fora dels contenidors habilitats.<\/span><\/p>\n<p><span style=\"color: #000000;\">En cas d\u2019infracci\u00f3, l\u2019Ajuntament podr\u00e0 tirar endavant el proc\u00e9s legal que correspongui amb la sanci\u00f3 pertinent en cada cas.\u00a0<\/span><\/p>\n<p>&nbsp;<\/p>\n<p><span style=\"color: #000000;\">Val a dir que la Regidoria de Medi Ambient de l&#8217;Ajuntament de la Bisbal ofereix un\u00a0<strong>servei gratu\u00eft de recollida de residus voluminosos<\/strong>\u00a0a aquelles persones que no poden portar-los al Punt Verd. La recollida es far\u00e0 porta a porta exclusivament per a particulars, el primer dilluns (no festiu) de cada mes.<\/span><\/p>\n<p><span style=\"color: #000000;\">Per sol\u00b7licitar el servei cal trucar, amb un m\u00ednim de 5 dies d\u2019anterioritat, a les oficines de l\u2019Ajuntament de la Bisbal o al tel\u00e8fon 977688438 i dipositar els voluminosos, un dia abans de la recollida, al costat de la porta de casa.<\/span><\/p>\n<p><span style=\"color: #000000;\">L\u2019Ajuntament de la Bisbal del Pened\u00e8s recorda que deixar residus i \u201ctrastos\u201d a la via p\u00fablica sense previ av\u00eds pot ser motiu de sanci\u00f3.<\/span><\/p>\n<hr \/>\n<p><a href=\"http:\/\/bisbalpenedes.com\/web\/wp-content\/uploads\/2012\/10\/puntverd1.jpg\"><img loading=\"lazy\" class=\"aligncenter size-medium wp-image-175\" src=\"http:\/\/bisbalpenedes.com\/web\/wp-content\/uploads\/2012\/10\/puntverd1-300x225.jpg\" alt=\"puntverd1\" width=\"300\" height=\"225\" srcset=\"https:\/\/bisbalpenedes.com\/web\/wp-content\/uploads\/2012\/10\/puntverd1-300x225.jpg 300w, https:\/\/bisbalpenedes.com\/web\/wp-content\/uploads\/2012\/10\/puntverd1-600x450.jpg 600w, https:\/\/bisbalpenedes.com\/web\/wp-content\/uploads\/2012\/10\/puntverd1.jpg 720w\" sizes=\"(max-width: 300px) 100vw, 300px\" \/><\/a><\/p>\n<p><span style=\"color: #000000;\"><strong>CASTELLANO |<\/strong> El Ayuntamiento de la Bisbal cuenta con un equipamiento llamado Punt Verd que es de uso exclusivo para aquellos particulares que est\u00e9n dados de alta en el padr\u00f3n municipal de recogida de residuos dom\u00e9sticos. Con este equipamiento, la Concejal\u00eda de Medio Ambiente quiere colaborar en la supresi\u00f3n de vertidos incontrolados y contribuir a que se haga una correcta gesti\u00f3n y separaci\u00f3n de residuos municipales dom\u00e9sticos, especiales y valorizables.<\/span><\/p>\n<p><span style=\"color: #000000;\">El servicio, que funciona las 24 horas los 365 d\u00edas del a\u00f1o, no acepta residuos industriales, mezclados o radioactivos de ning\u00fan tipo y solo admite residuos de vecinos particulares. El Punt Verd cuenta con una trabajadora que vela por el buen funcionamiento de las instalaciones y que se encarga de asesoraros en materia de gesti\u00f3n de residuos y reciclaje. Si ten\u00e9is dudas sobre d\u00f3nde tirar un desecho o sobre el funcionamiento de las instalaciones, pod\u00e9is dirigirle vuestra consulta a esta trabajadora. Cabe decir que el acceso al recinto se hace mediante una tarjeta que expide el Ayuntamiento. Los vecinos que quieran darse de alta en el servicio deben solicitarlo en las oficinas municipales (hay que ser un particular i ser el titular de la tasa de basuras de l a vivienda).<\/span><\/p>\n<p><span style=\"color: #000000;\">Si entre todos hacemos un buen uso del Punt Verd, los residuos podr\u00e1n ser reutilizados o reciclados como materia primera y mediante varios procesos se obtendr\u00e1n productos diferentes o iguales a los originales.<\/span><\/p>\n<p><span style=\"color: #000000;\">En el Punt Verd se pueden clasificar los residuos en los contenedores dedicados a cada material:<\/span><\/p>\n<p><span style=\"color: #000000;\"><strong>CONTENEDORES DE GRANDES DIMENSIONES<\/strong><\/span><\/p>\n<p>&nbsp;<\/p>\n<p style=\"padding-left: 30px;\"><span style=\"color: #000000;\">-Vidrio<\/span><\/p>\n<p style=\"padding-left: 30px;\"><span style=\"color: #000000;\">-Vidrio plano<\/span><\/p>\n<p style=\"padding-left: 30px;\"><span style=\"color: #000000;\">-Chatarra<\/span><\/p>\n<p style=\"padding-left: 30px;\"><span style=\"color: #000000;\">-Restos<\/span><\/p>\n<p style=\"padding-left: 30px;\"><span style=\"color: #000000;\">-Papel y cart\u00f3n<\/span><\/p>\n<p style=\"padding-left: 30px;\"><span style=\"color: #000000;\">-Envases ligeros<\/span><\/p>\n<p style=\"padding-left: 30px;\"><span style=\"color: #000000;\">-Colchones<\/span><\/p>\n<p style=\"padding-left: 30px;\"><span style=\"color: #000000;\">-Neum\u00e1ticos<\/span><\/p>\n<p style=\"padding-left: 30px;\"><span style=\"color: #000000;\">-Madera<\/span><\/p>\n<p style=\"padding-left: 30px;\"><span style=\"color: #000000;\">-Voluminosos<\/span><\/p>\n<p style=\"padding-left: 30px;\"><span style=\"color: #000000;\">-Pl\u00e1sticos varios<\/span><\/p>\n<p style=\"padding-left: 30px;\"><span style=\"color: #000000;\">-Runas y tierras<\/span><\/p>\n<p style=\"padding-left: 30px;\"><span style=\"color: #000000;\">-Restos vegetales<\/span><\/p>\n<p><span style=\"color: #000000;\"><strong>CONTENEDORES PARA RESTOS ESPECIALES<\/strong><\/span><\/p>\n<p style=\"padding-left: 30px;\"><span style=\"color: #000000;\">-Aceite vegetal<\/span><\/p>\n<p style=\"padding-left: 30px;\"><span style=\"color: #000000;\">-Aceite mineral<\/span><\/p>\n<p style=\"padding-left: 30px;\"><span style=\"color: #000000;\">-Aparatos de fr\u00edo<\/span><\/p>\n<p style=\"padding-left: 30px;\"><span style=\"color: #000000;\">-Residuos especiales (toners, pinturas, disolventes, barnices&#8230;)<\/span><\/p>\n<p style=\"padding-left: 30px;\"><span style=\"color: #000000;\">-Peque\u00f1os electrodom\u00e9sticos<\/span><\/p>\n<p style=\"padding-left: 30px;\"><span style=\"color: #000000;\">-Televisores y monitores<\/span><\/p>\n<p style=\"padding-left: 30px;\"><span style=\"color: #000000;\">-Pilas, bater\u00edas y fluorescentes<\/span><\/p>\n<p><span style=\"color: #000000;\">Es una obligaci\u00f3n del usuario del Punt Verd la correcta clasificaci\u00f3n y dep\u00f3sito de los residuos, el transporte sin que se produzcan vertidos o dispersiones de materiales y el hecho de evitar la ca\u00edda de residuos fuera de los contenedores habilitados.<\/span><\/p>\n<p><span style=\"color: #000000;\">En caso de infracci\u00f3n, el Ayuntamiento podr\u00e1 llevar a cabo el proceso legal que corresponda con la sanci\u00f3n pertinente en cada caso.\u00a0<\/span><\/p>\n<p><span style=\"color: #000000;\">Cabe decir que la Concejal\u00eda de Medio Ambiente del Ayuntamiento de la Bisbal ofrece un servicio gratuito de recogida de residuos voluminosos a aquellas personas que no pueden llevarlos al Punt Verd. La recogida se har\u00e1 puerta por puerta exclusivamente para particulares, el primer lunes (no festivo) de cada mes.<\/span><\/p>\n<p><span style=\"color: #000000;\">Para solicitar el servicio hay que llamar, con un m\u00ednimo de 5 d\u00edas de antelaci\u00f3n, a las oficinas del Ayuntamiento de la Bisbal o al tel\u00e9fono 977688438 y depositar los voluminosos, un d\u00eda antes de la recogida, al lado de la puerta de casa.<\/span><\/p>\n<p><span style=\"color: #000000;\">El Ayuntamiento de la Bisbal del Pened\u00e8s recuerda que dejar residuos y &#8220;trastos&#8221; en la v\u00eda p\u00fablica sin previo aviso puede ser motivo de sanci\u00f3n.<\/span><\/p>\n<p>&nbsp;<\/p>\n<p>&nbsp;<\/p>\n","protected":false},"excerpt":{"rendered":"<p>L\u2019Ajuntament de la Bisbal compta amb un equipament anomenat Punt Verd que \u00e9s d\u2019\u00fas exclusiu per a aquells particulars que estiguin donats d\u2019alta al padr\u00f3 municipal de recollida de residus &hellip; <a href=\"https:\/\/bisbalpenedes.com\/web\/2019\/06\/04\/sabeu-com-funciona-el-punt-verd\/\" class=\"more-link\">Read More<\/a><\/p>\n","protected":false},"author":4,"featured_media":5123,"comment_status":"closed","ping_status":"closed","sticky":false,"template":"","format":"standard","meta":[],"categories":[32],"tags":[629,92,627,1182,1729,1183],"_links":{"self":[{"href":"https:\/\/bisbalpenedes.com\/web\/wp-json\/wp\/v2\/posts\/9706"}],"collection":[{"href":"https:\/\/bisbalpenedes.com\/web\/wp-json\/wp\/v2\/posts"}],"about":[{"href":"https:\/\/bisbalpenedes.com\/web\/wp-json\/wp\/v2\/types\/post"}],"author":[{"embeddable":true,"href":"https:\/\/bisbalpenedes.com\/web\/wp-json\/wp\/v2\/users\/4"}],"replies":[{"embeddable":true,"href":"https:\/\/bisbalpenedes.com\/web\/wp-json\/wp\/v2\/comments?post=9706"}],"version-history":[{"count":3,"href":"https:\/\/bisbalpenedes.com\/web\/wp-json\/wp\/v2\/posts\/9706\/revisions"}],"predecessor-version":[{"id":10546,"href":"https:\/\/bisbalpenedes.com\/web\/wp-json\/wp\/v2\/posts\/9706\/revisions\/10546"}],"wp:featuredmedia":[{"embeddable":true,"href":"https:\/\/bisbalpenedes.com\/web\/wp-json\/wp\/v2\/media\/5123"}],"wp:attachment":[{"href":"https:\/\/bisbalpenedes.com\/web\/wp-json\/wp\/v2\/media?parent=9706"}],"wp:term":[{"taxonomy":"category","embeddable":true,"href":"https:\/\/bisbalpenedes.com\/web\/wp-json\/wp\/v2\/categories?post=9706"},{"taxonomy":"post_tag","embeddable":true,"href":"https:\/\/bisbalpenedes.com\/web\/wp-json\/wp\/v2\/tags?post=9706"}],"curies":[{"name":"wp","href":"https:\/\/api.w.org\/{rel}","templated":true}]}}