{"id":9698,"date":"2019-05-28T12:10:16","date_gmt":"2019-05-28T11:10:16","guid":{"rendered":"http:\/\/bisbalpenedes.com\/web\/?p=9698"},"modified":"2019-05-29T12:13:00","modified_gmt":"2019-05-29T11:13:00","slug":"la-propera-recollida-de-trastos-vells-i-voluminosos-tindra-lloc-el-dilluns-3-de-juny","status":"publish","type":"post","link":"https:\/\/bisbalpenedes.com\/web\/2019\/05\/28\/la-propera-recollida-de-trastos-vells-i-voluminosos-tindra-lloc-el-dilluns-3-de-juny\/","title":{"rendered":"La propera recollida de trastos vells i voluminosos tindr\u00e0 lloc el dilluns 3 de juny"},"content":{"rendered":"<div class=\"\" data-block=\"true\" data-editor=\"5al2g\" data-offset-key=\"9vi1r-0-0\">\n<div class=\"_1mf _1mj\" data-offset-key=\"9vi1r-0-0\">Teniu mobiliari o andr\u00f2mines per llen\u00e7ar per\u00f2 no podeu despla\u00e7ar-vos al Punt Verd? Cap problema!\u00a0El\u00a0<strong>primer dilluns de cada mes\u00a0<\/strong>fem la recollida de trastos vells a domicili. Si voleu beneficiar-vos d\u2019aquest servei, aviseu amb un m\u00ednim de 5 dies d\u2019antelaci\u00f3 a l\u2019Ajuntament\u00a0977688438. La propera recollida tindr\u00e0 lloc el dilluns\u00a03 de juny.<\/div>\n<div class=\"_1mf _1mj\" data-offset-key=\"9vi1r-0-0\"><\/div>\n<div class=\"_1mf _1mj\" data-offset-key=\"9vi1r-0-0\">A banda d\u2019aquest servei, us recordem que el Punt Verd est\u00e0 obert els 365 dies de l\u2019any i hi podeu portar residus les 24 hores del dia. Per fer \u00fas del servei heu de sol\u00b7licitar la vostra targeta a l\u2019Ajuntament:\u00a0<a href=\"http:\/\/bisbalpenedes.com\/web\/2018\/01\/19\/com-funciona-el-punt-verd\/\" target=\"_blank\">http:\/\/bisbalpenedes.com\/web\/2018\/01\/19\/com-funciona-el-punt-verd\/<\/a><\/div>\n<\/div>\n<div class=\"\" data-block=\"true\" data-editor=\"5al2g\" data-offset-key=\"2ia2r-0-0\"><\/div>\n<div class=\"\" data-block=\"true\" data-editor=\"5al2g\" data-offset-key=\"607pd-0-0\">\n<div class=\"_1mf _1mj\" data-offset-key=\"607pd-0-0\">\u2014<\/div>\n<div class=\"_1mf _1mj\" data-offset-key=\"607pd-0-0\"><\/div>\n<\/div>\n<div class=\"\" data-block=\"true\" data-editor=\"5al2g\" data-offset-key=\"bg35q-0-0\">\n<div class=\"_1mf _1mj\" data-offset-key=\"bg35q-0-0\"><strong>CASTELLANO |<\/strong>\u00a0\u00bfTen\u00e9is mobiliario o trastos para tirar pero no os pod\u00e9is desplazar al Punt Verd? \u00a1No hay problema!\u00a0<strong>El primer\u00a0lunes de cada mes\u00a0<\/strong>hacemos la recogida de trastos viejos a domicilio. Si os quer\u00e9is beneficiar de este servicio, avisad con un m\u00ednimo de 5 d\u00edas de antelaci\u00f3n al Ayuntamiento\u00a0977688438. La pr\u00f3xima recogida tendr\u00e1 lugar el lunes\u00a07 de junio.<\/div>\n<div class=\"_1mf _1mj\" data-offset-key=\"bg35q-0-0\"><\/div>\n<div class=\"_1mf _1mj\" data-offset-key=\"bg35q-0-0\">A parte de este servicio, os recordamos que el Punt Verd est\u00e1 abierto los 365 d\u00edas del a\u00f1o y pod\u00e9is llevar residuos las 24 horas del d\u00eda. Para hacer uso del servicio ten\u00e9is que solicitar vuestra tarjeta en el Ayuntamiento:\u00a0<a href=\"http:\/\/bisbalpenedes.com\/web\/2018\/01\/19\/com-funciona-el-punt-verd\/\" target=\"_blank\">http:\/\/bisbalpenedes.com\/web\/2018\/01\/19\/com-funciona-el-punt-verd\/<\/a><\/div>\n<div class=\"_1mf _1mj\" data-offset-key=\"bg35q-0-0\"><a href=\"http:\/\/bisbalpenedes.com\/web\/wp-content\/uploads\/2018\/01\/Trastos-Vells-Recollida.jpg\"><img loading=\"lazy\" class=\"aligncenter size-large wp-image-4417\" src=\"http:\/\/bisbalpenedes.com\/web\/wp-content\/uploads\/2018\/01\/Trastos-Vells-Recollida-498x1024.jpg\" alt=\"Trastos-Vells-Recollida\" width=\"498\" height=\"1024\" srcset=\"https:\/\/bisbalpenedes.com\/web\/wp-content\/uploads\/2018\/01\/Trastos-Vells-Recollida-498x1024.jpg 498w, https:\/\/bisbalpenedes.com\/web\/wp-content\/uploads\/2018\/01\/Trastos-Vells-Recollida-600x1234.jpg 600w, https:\/\/bisbalpenedes.com\/web\/wp-content\/uploads\/2018\/01\/Trastos-Vells-Recollida-146x300.jpg 146w, https:\/\/bisbalpenedes.com\/web\/wp-content\/uploads\/2018\/01\/Trastos-Vells-Recollida-768x1580.jpg 768w, https:\/\/bisbalpenedes.com\/web\/wp-content\/uploads\/2018\/01\/Trastos-Vells-Recollida.jpg 1240w\" sizes=\"(max-width: 498px) 100vw, 498px\" \/><\/a><\/div>\n<\/div>\n","protected":false},"excerpt":{"rendered":"<p>Teniu mobiliari o andr\u00f2mines per llen\u00e7ar per\u00f2 no podeu despla\u00e7ar-vos al Punt Verd? Cap problema!\u00a0El\u00a0primer dilluns de cada mes\u00a0fem la recollida de trastos vells a domicili. Si voleu beneficiar-vos d\u2019aquest &hellip; <a href=\"https:\/\/bisbalpenedes.com\/web\/2019\/05\/28\/la-propera-recollida-de-trastos-vells-i-voluminosos-tindra-lloc-el-dilluns-3-de-juny\/\" class=\"more-link\">Read More<\/a><\/p>\n","protected":false},"author":4,"featured_media":4417,"comment_status":"closed","ping_status":"closed","sticky":false,"template":"","format":"standard","meta":[],"categories":[32],"tags":[3052,92,207,1729,1183],"_links":{"self":[{"href":"https:\/\/bisbalpenedes.com\/web\/wp-json\/wp\/v2\/posts\/9698"}],"collection":[{"href":"https:\/\/bisbalpenedes.com\/web\/wp-json\/wp\/v2\/posts"}],"about":[{"href":"https:\/\/bisbalpenedes.com\/web\/wp-json\/wp\/v2\/types\/post"}],"author":[{"embeddable":true,"href":"https:\/\/bisbalpenedes.com\/web\/wp-json\/wp\/v2\/users\/4"}],"replies":[{"embeddable":true,"href":"https:\/\/bisbalpenedes.com\/web\/wp-json\/wp\/v2\/comments?post=9698"}],"version-history":[{"count":1,"href":"https:\/\/bisbalpenedes.com\/web\/wp-json\/wp\/v2\/posts\/9698\/revisions"}],"predecessor-version":[{"id":9699,"href":"https:\/\/bisbalpenedes.com\/web\/wp-json\/wp\/v2\/posts\/9698\/revisions\/9699"}],"wp:featuredmedia":[{"embeddable":true,"href":"https:\/\/bisbalpenedes.com\/web\/wp-json\/wp\/v2\/media\/4417"}],"wp:attachment":[{"href":"https:\/\/bisbalpenedes.com\/web\/wp-json\/wp\/v2\/media?parent=9698"}],"wp:term":[{"taxonomy":"category","embeddable":true,"href":"https:\/\/bisbalpenedes.com\/web\/wp-json\/wp\/v2\/categories?post=9698"},{"taxonomy":"post_tag","embeddable":true,"href":"https:\/\/bisbalpenedes.com\/web\/wp-json\/wp\/v2\/tags?post=9698"}],"curies":[{"name":"wp","href":"https:\/\/api.w.org\/{rel}","templated":true}]}}