{"id":9681,"date":"2019-05-28T11:27:16","date_gmt":"2019-05-28T10:27:16","guid":{"rendered":"http:\/\/bisbalpenedes.com\/web\/?p=9681"},"modified":"2019-05-28T11:27:16","modified_gmt":"2019-05-28T10:27:16","slug":"divendres-tindra-lloc-el-festival-de-fi-de-curs-de-lescola-didiomes-i-es-podran-fer-les-inscripcions-als-cursos-destiu","status":"publish","type":"post","link":"https:\/\/bisbalpenedes.com\/web\/2019\/05\/28\/divendres-tindra-lloc-el-festival-de-fi-de-curs-de-lescola-didiomes-i-es-podran-fer-les-inscripcions-als-cursos-destiu\/","title":{"rendered":"Divendres tindr\u00e0 lloc el Festival de fi de curs de l\u2019Escola d\u2019Idiomes i es podran fer les inscripcions als cursos d\u2019estiu"},"content":{"rendered":"<p><span style=\"color: #000000;\">Aquest divendres 31 de maig, a les 18:00h, tindr\u00e0 lloc el Festival de fi de curs dels alumnes de P2 de la Llar d\u2019infants L\u2019Oreneta i del grup dels Starters de l\u2019Escola Municipal d\u2019Idiomes de la Bisbal del Pened\u00e8s al gimn\u00e0s de l&#8217;Escola Ull de Vent (nova). Durant la festa es far\u00e0 l\u2019entrega de certificats i s\u2019oferiran activitats per als participants.<\/span><\/p>\n<p><span style=\"color: #000000;\">A partir de les 19:00h s\u2019obriran les portes al p\u00fablic general i es podran fer:<\/span><\/p>\n<ul>\n<li><span style=\"color: #000000;\">A partir de les 19:00h: matriculacions i pagaments dels cursos intensius d\u2019estiu dels alumnes d\u2019infantil, prim\u00e0ria i ESO.<\/span><\/li>\n<li><span style=\"color: #000000;\">A partir de les 19:45h: inscripcions i informaci\u00f3 sobre els cursos 2019-2020 i presentaci\u00f3 dels ex\u00e0mens Cambridge a c\u00e0rrec del responsable de Cambridge Exams.<\/span><\/li>\n<\/ul>\n<hr \/>\n<p><span style=\"color: #000000;\"><strong>CASTELLANO |<\/strong> Este viernes 31 de mayo, a las 18:00h, tendr\u00e1 lugar el Festival de fin de curso de los alumnos de P2 de la Llar d&#8217;infants l&#8217;Oreneta y del grupo de Starters de la Escola Municipal de Idiomas de la Bisbal del Pened\u00e8s en el gimnasio de la Escola Ull de Vent (nueva). Durante la fiesta se har\u00e1 entrega de certificados y se ofrecer\u00e1n actividades para los participantes.<\/span><\/p>\n<p><span style=\"color: #000000;\">A partir de las 19:00h se abrir\u00e1n las puertas al p\u00fablico general y se podran hacer:<\/span><\/p>\n<ul>\n<li><span style=\"color: #000000;\">A partir de las 19:00h: matriculaciones y pagos de los cursos intensivos de verano de los alumnos de infantil, primaria y ESO.<\/span><\/li>\n<li><span style=\"color: #000000;\">A partir de las 19.45h: inscripciones e informaci\u00f3n sobre los cursos 2019-2020 y presentaci\u00f3n de los ex\u00e1menes Cambridge a cargo del responsable de Cambridge Exams.<\/span><\/li>\n<\/ul>\n<p><a href=\"http:\/\/bisbalpenedes.com\/web\/wp-content\/uploads\/2019\/05\/SESSIO-ESCOLA-IDIOMES-FI-CURS-2019.jpg\"><img loading=\"lazy\" class=\"aligncenter size-large wp-image-9683\" src=\"http:\/\/bisbalpenedes.com\/web\/wp-content\/uploads\/2019\/05\/SESSIO-ESCOLA-IDIOMES-FI-CURS-2019-724x1024.jpg\" alt=\"SESSIO ESCOLA IDIOMES FI CURS 2019\" width=\"630\" height=\"891\" srcset=\"https:\/\/bisbalpenedes.com\/web\/wp-content\/uploads\/2019\/05\/SESSIO-ESCOLA-IDIOMES-FI-CURS-2019-724x1024.jpg 724w, https:\/\/bisbalpenedes.com\/web\/wp-content\/uploads\/2019\/05\/SESSIO-ESCOLA-IDIOMES-FI-CURS-2019-600x849.jpg 600w, https:\/\/bisbalpenedes.com\/web\/wp-content\/uploads\/2019\/05\/SESSIO-ESCOLA-IDIOMES-FI-CURS-2019-212x300.jpg 212w, https:\/\/bisbalpenedes.com\/web\/wp-content\/uploads\/2019\/05\/SESSIO-ESCOLA-IDIOMES-FI-CURS-2019-768x1086.jpg 768w, https:\/\/bisbalpenedes.com\/web\/wp-content\/uploads\/2019\/05\/SESSIO-ESCOLA-IDIOMES-FI-CURS-2019-scaled.jpg 1810w\" sizes=\"(max-width: 630px) 100vw, 630px\" \/><\/a><\/p>\n","protected":false},"excerpt":{"rendered":"<p>Aquest divendres 31 de maig, a les 18:00h, tindr\u00e0 lloc el Festival de fi de curs dels alumnes de P2 de la Llar d\u2019infants L\u2019Oreneta i del grup dels Starters &hellip; <a href=\"https:\/\/bisbalpenedes.com\/web\/2019\/05\/28\/divendres-tindra-lloc-el-festival-de-fi-de-curs-de-lescola-didiomes-i-es-podran-fer-les-inscripcions-als-cursos-destiu\/\" class=\"more-link\">Read More<\/a><\/p>\n","protected":false},"author":4,"featured_media":9683,"comment_status":"closed","ping_status":"closed","sticky":false,"template":"","format":"standard","meta":[],"categories":[16],"tags":[3049,3048,1596,607,3047],"_links":{"self":[{"href":"https:\/\/bisbalpenedes.com\/web\/wp-json\/wp\/v2\/posts\/9681"}],"collection":[{"href":"https:\/\/bisbalpenedes.com\/web\/wp-json\/wp\/v2\/posts"}],"about":[{"href":"https:\/\/bisbalpenedes.com\/web\/wp-json\/wp\/v2\/types\/post"}],"author":[{"embeddable":true,"href":"https:\/\/bisbalpenedes.com\/web\/wp-json\/wp\/v2\/users\/4"}],"replies":[{"embeddable":true,"href":"https:\/\/bisbalpenedes.com\/web\/wp-json\/wp\/v2\/comments?post=9681"}],"version-history":[{"count":1,"href":"https:\/\/bisbalpenedes.com\/web\/wp-json\/wp\/v2\/posts\/9681\/revisions"}],"predecessor-version":[{"id":9684,"href":"https:\/\/bisbalpenedes.com\/web\/wp-json\/wp\/v2\/posts\/9681\/revisions\/9684"}],"wp:featuredmedia":[{"embeddable":true,"href":"https:\/\/bisbalpenedes.com\/web\/wp-json\/wp\/v2\/media\/9683"}],"wp:attachment":[{"href":"https:\/\/bisbalpenedes.com\/web\/wp-json\/wp\/v2\/media?parent=9681"}],"wp:term":[{"taxonomy":"category","embeddable":true,"href":"https:\/\/bisbalpenedes.com\/web\/wp-json\/wp\/v2\/categories?post=9681"},{"taxonomy":"post_tag","embeddable":true,"href":"https:\/\/bisbalpenedes.com\/web\/wp-json\/wp\/v2\/tags?post=9681"}],"curies":[{"name":"wp","href":"https:\/\/api.w.org\/{rel}","templated":true}]}}