{"id":9670,"date":"2019-05-27T18:03:32","date_gmt":"2019-05-27T17:03:32","guid":{"rendered":"http:\/\/bisbalpenedes.com\/web\/?p=9670"},"modified":"2019-05-28T16:52:19","modified_gmt":"2019-05-28T15:52:19","slug":"el-dimecres-29-de-maig-sobren-les-inscripcions-per-al-casal-destiu-2019","status":"publish","type":"post","link":"https:\/\/bisbalpenedes.com\/web\/2019\/05\/27\/el-dimecres-29-de-maig-sobren-les-inscripcions-per-al-casal-destiu-2019\/","title":{"rendered":"El dimecres 29 de maig s\u2019obren les inscripcions per al Casal d\u2019Estiu 2019"},"content":{"rendered":"<p style=\"text-align: justify;\"><span style=\"color: #000000;\">Del 29 al 14 de juny es podran fer les inscripcions per al Casal d\u2019Estiu 2019. S\u2019hi poden inscriure infants i joves de 3 a 12 anys (s\u2019accepten infants de P2). Les inscripcions es podran fer per setmana (35\u20ac per setmana) o per quinzena consecutiva (60\u20ac per quinzena).<\/span><\/p>\n<p style=\"text-align: justify;\"><span style=\"color: #000000;\">L\u2019horari del Casal d\u2019Estiu ser\u00e0 de 8:00h a 13:30h i s\u2019oferir\u00e0 l\u2019opci\u00f3 de menjador si hi ha un m\u00ednim de 10 fam\u00edlies interessades en aquest servei. El Casal d\u2019Estiu inclour\u00e0 piscina, tallers, gimcanes, sortides a la platja, excursions, jocs de pistes i molt m\u00e9s.<\/span><\/p>\n<p style=\"text-align: justify;\"><span style=\"color: #000000;\">La presentaci\u00f3 als pares, mares i\/o tutors tindr\u00e0 lloc el divendres 7 de juny a les 20h al CMC.<\/span><\/p>\n<hr \/>\n<p style=\"text-align: justify;\"><span style=\"color: #000000;\"><strong>CASTELLANO |<\/strong> Del 29 al 14 de junio se podr\u00e1n hacer las inscripciones para el Casal d\u2019Estiu 2019. Se pueden inscribir ni\u00f1os y j\u00f3venes de 3 a 12 a\u00f1os (se aceptan ni\u00f1os de P2). Las inscripciones se podr\u00e1n hacer por semana (35\u20ac por semana) o por quincena consecutiva (60\u20ac por quincena).<\/span><\/p>\n<p style=\"text-align: justify;\"><span style=\"color: #000000;\">El horario del Casal d\u2019Estiu ser\u00e1 de 8:00h a 13:00h y se ofrecer\u00e1 la opci\u00f3n de comedor si hay un m\u00ednimo de 10 familias interesadas en este servicio. El Casal d\u2019Estiu incluir\u00e1 piscina, talleres, gincanas, salidas a la playa, excursiones, juegos de pistas y mucho m\u00e1s.<\/span><\/p>\n<p style=\"text-align: justify;\"><span style=\"color: #000000;\">La presentaci\u00f3n para los padres, madres y\/o tutores tendr\u00e1 lugar el viernes 7 de junio a las 20h en el CMC.<\/span><\/p>\n<p style=\"text-align: justify;\"><a href=\"http:\/\/bisbalpenedes.com\/web\/wp-content\/uploads\/2019\/05\/A92E3FB4-0450-4E46-A1AB-A82326131C4F.jpeg\"><img loading=\"lazy\" class=\"aligncenter size-full wp-image-9685\" src=\"http:\/\/bisbalpenedes.com\/web\/wp-content\/uploads\/2019\/05\/A92E3FB4-0450-4E46-A1AB-A82326131C4F.jpeg\" alt=\"Casal d\u2019estiu 2019\" width=\"622\" height=\"879\" srcset=\"https:\/\/bisbalpenedes.com\/web\/wp-content\/uploads\/2019\/05\/A92E3FB4-0450-4E46-A1AB-A82326131C4F.jpeg 622w, https:\/\/bisbalpenedes.com\/web\/wp-content\/uploads\/2019\/05\/A92E3FB4-0450-4E46-A1AB-A82326131C4F-600x848.jpeg 600w, https:\/\/bisbalpenedes.com\/web\/wp-content\/uploads\/2019\/05\/A92E3FB4-0450-4E46-A1AB-A82326131C4F-212x300.jpeg 212w\" sizes=\"(max-width: 622px) 100vw, 622px\" \/><\/a><\/p>\n","protected":false},"excerpt":{"rendered":"<p>Del 29 al 14 de juny es podran fer les inscripcions per al Casal d\u2019Estiu 2019. S\u2019hi poden inscriure infants i joves de 3 a 12 anys (s\u2019accepten infants de &hellip; <a href=\"https:\/\/bisbalpenedes.com\/web\/2019\/05\/27\/el-dimecres-29-de-maig-sobren-les-inscripcions-per-al-casal-destiu-2019\/\" class=\"more-link\">Read More<\/a><\/p>\n","protected":false},"author":4,"featured_media":9685,"comment_status":"closed","ping_status":"closed","sticky":false,"template":"","format":"standard","meta":[],"categories":[398],"tags":[244,3039,563,3040,273,3042,74,3041,397,508],"_links":{"self":[{"href":"https:\/\/bisbalpenedes.com\/web\/wp-json\/wp\/v2\/posts\/9670"}],"collection":[{"href":"https:\/\/bisbalpenedes.com\/web\/wp-json\/wp\/v2\/posts"}],"about":[{"href":"https:\/\/bisbalpenedes.com\/web\/wp-json\/wp\/v2\/types\/post"}],"author":[{"embeddable":true,"href":"https:\/\/bisbalpenedes.com\/web\/wp-json\/wp\/v2\/users\/4"}],"replies":[{"embeddable":true,"href":"https:\/\/bisbalpenedes.com\/web\/wp-json\/wp\/v2\/comments?post=9670"}],"version-history":[{"count":3,"href":"https:\/\/bisbalpenedes.com\/web\/wp-json\/wp\/v2\/posts\/9670\/revisions"}],"predecessor-version":[{"id":9686,"href":"https:\/\/bisbalpenedes.com\/web\/wp-json\/wp\/v2\/posts\/9670\/revisions\/9686"}],"wp:featuredmedia":[{"embeddable":true,"href":"https:\/\/bisbalpenedes.com\/web\/wp-json\/wp\/v2\/media\/9685"}],"wp:attachment":[{"href":"https:\/\/bisbalpenedes.com\/web\/wp-json\/wp\/v2\/media?parent=9670"}],"wp:term":[{"taxonomy":"category","embeddable":true,"href":"https:\/\/bisbalpenedes.com\/web\/wp-json\/wp\/v2\/categories?post=9670"},{"taxonomy":"post_tag","embeddable":true,"href":"https:\/\/bisbalpenedes.com\/web\/wp-json\/wp\/v2\/tags?post=9670"}],"curies":[{"name":"wp","href":"https:\/\/api.w.org\/{rel}","templated":true}]}}