{"id":9646,"date":"2019-05-21T19:21:07","date_gmt":"2019-05-21T18:21:07","guid":{"rendered":"http:\/\/bisbalpenedes.com\/web\/?p=9646"},"modified":"2019-05-21T19:23:32","modified_gmt":"2019-05-21T18:23:32","slug":"mas_llagostera_allotjaments_amb_do","status":"publish","type":"post","link":"https:\/\/bisbalpenedes.com\/web\/2019\/05\/21\/mas_llagostera_allotjaments_amb_do\/","title":{"rendered":"Mas Llagostera \u00e9s una de les entitats impulsores de l\u2019Associaci\u00f3 Allotjaments amb DO"},"content":{"rendered":"<figure id=\"attachment_9647\" aria-describedby=\"caption-attachment-9647\" style=\"width: 630px\" class=\"wp-caption aligncenter\"><a href=\"http:\/\/bisbalpenedes.com\/web\/wp-content\/uploads\/2019\/05\/PHOTO-2019-05-21-14-13-32.jpg\"><img loading=\"lazy\" class=\"wp-image-9647 size-large\" src=\"http:\/\/bisbalpenedes.com\/web\/wp-content\/uploads\/2019\/05\/PHOTO-2019-05-21-14-13-32-1024x768.jpg\" alt=\"Allotjaments amb do\" width=\"630\" height=\"473\" srcset=\"https:\/\/bisbalpenedes.com\/web\/wp-content\/uploads\/2019\/05\/PHOTO-2019-05-21-14-13-32-1024x768.jpg 1024w, https:\/\/bisbalpenedes.com\/web\/wp-content\/uploads\/2019\/05\/PHOTO-2019-05-21-14-13-32-600x450.jpg 600w, https:\/\/bisbalpenedes.com\/web\/wp-content\/uploads\/2019\/05\/PHOTO-2019-05-21-14-13-32-300x225.jpg 300w, https:\/\/bisbalpenedes.com\/web\/wp-content\/uploads\/2019\/05\/PHOTO-2019-05-21-14-13-32-768x576.jpg 768w, https:\/\/bisbalpenedes.com\/web\/wp-content\/uploads\/2019\/05\/PHOTO-2019-05-21-14-13-32.jpg 1600w\" sizes=\"(max-width: 630px) 100vw, 630px\" \/><\/a><figcaption id=\"caption-attachment-9647\" class=\"wp-caption-text\">D&#8217;esquerra a dreta: Judit Vidal, regidora de Turisme; Cristina Bund\u00f3 i Pere Sol\u00e9, propietaris de Mas Llagostera; Agn\u00e8s Ferr\u00e9, alcaldessa de la Bisbal del Pened\u00e8s<\/figcaption><\/figure>\n<p style=\"text-align: justify;\"><span style=\"color: #000000;\">Aquest dimarts 21 de maig de 2019 ha tingut lloc la presentaci\u00f3 de l\u2019associaci\u00f3 Allotjaments amb DO al Palau Robert de Barcelona. L\u2019entitat, promoguda entre altres establiments per Mas Llagostera, persegueix l\u2019objectiu de sumar esfor\u00e7os en la promoci\u00f3 del vi catal\u00e0.<\/span><\/p>\n<p style=\"text-align: justify;\"><span style=\"color: #000000;\">L\u2019Ajuntament de la Bisbal del Pened\u00e8s ha estat present durant la presentaci\u00f3, ja que la Cristina Bund\u00f3, propiet\u00e0ria de Mas Llagostera, ha convidat l\u2019alcaldessa Agn\u00e8s Ferr\u00e9 i la regidora de Turisme, Judit Vidal, a la presentaci\u00f3 d\u2019aquesta nova associaci\u00f3 sense \u00e0nim de lucre.<\/span><\/p>\n<p style=\"text-align: justify;\"><span style=\"color: #000000;\">La tasca de l\u2019associaci\u00f3 se centra en l\u2019oferta d\u2019allotjaments de qualitat, basada en l\u2019equilibri entre el benestar, la sostenibilitat, el paisatge i el territori. Alhora, l\u2019entitat busca potenciar i promocionar el patrimoni vitivin\u00edcola dins de cada DO.<\/span><\/p>\n<p style=\"text-align: justify;\"><span style=\"color: #000000;\">L\u2019associaci\u00f3 est\u00e0 formada per diferents allotjaments (hotels, cases de turisme rural, cellers amb allotjament, bed &amp; breakfast), ubicats a les dotze denominacions d\u2019origen de Catalunya, que es distingeixin per comptar amb una oferta de productes de qualitat vinculats al m\u00f3n del vi.<\/span><\/p>\n<figure id=\"attachment_9648\" aria-describedby=\"caption-attachment-9648\" style=\"width: 630px\" class=\"wp-caption aligncenter\"><a href=\"http:\/\/bisbalpenedes.com\/web\/wp-content\/uploads\/2019\/05\/PHOTO-2019-05-21-14-13-42.jpg\"><img loading=\"lazy\" class=\"wp-image-9648 size-large\" src=\"http:\/\/bisbalpenedes.com\/web\/wp-content\/uploads\/2019\/05\/PHOTO-2019-05-21-14-13-42-1024x768.jpg\" width=\"630\" height=\"473\" srcset=\"https:\/\/bisbalpenedes.com\/web\/wp-content\/uploads\/2019\/05\/PHOTO-2019-05-21-14-13-42-1024x768.jpg 1024w, https:\/\/bisbalpenedes.com\/web\/wp-content\/uploads\/2019\/05\/PHOTO-2019-05-21-14-13-42-600x450.jpg 600w, https:\/\/bisbalpenedes.com\/web\/wp-content\/uploads\/2019\/05\/PHOTO-2019-05-21-14-13-42-300x225.jpg 300w, https:\/\/bisbalpenedes.com\/web\/wp-content\/uploads\/2019\/05\/PHOTO-2019-05-21-14-13-42-768x576.jpg 768w, https:\/\/bisbalpenedes.com\/web\/wp-content\/uploads\/2019\/05\/PHOTO-2019-05-21-14-13-42.jpg 1599w\" sizes=\"(max-width: 630px) 100vw, 630px\" \/><\/a><figcaption id=\"caption-attachment-9648\" class=\"wp-caption-text\">Fotografia de grup dels promotors de la iniciativa Allotjaments amb DO<\/figcaption><\/figure>\n<hr \/>\n<figure id=\"attachment_9647\" aria-describedby=\"caption-attachment-9647\" style=\"width: 630px\" class=\"wp-caption aligncenter\"><a href=\"http:\/\/bisbalpenedes.com\/web\/wp-content\/uploads\/2019\/05\/PHOTO-2019-05-21-14-13-32.jpg\"><img loading=\"lazy\" class=\"wp-image-9647 size-large\" src=\"http:\/\/bisbalpenedes.com\/web\/wp-content\/uploads\/2019\/05\/PHOTO-2019-05-21-14-13-32-1024x768.jpg\" alt=\"Allotjaments amb do\" width=\"630\" height=\"473\" srcset=\"https:\/\/bisbalpenedes.com\/web\/wp-content\/uploads\/2019\/05\/PHOTO-2019-05-21-14-13-32-1024x768.jpg 1024w, https:\/\/bisbalpenedes.com\/web\/wp-content\/uploads\/2019\/05\/PHOTO-2019-05-21-14-13-32-600x450.jpg 600w, https:\/\/bisbalpenedes.com\/web\/wp-content\/uploads\/2019\/05\/PHOTO-2019-05-21-14-13-32-300x225.jpg 300w, https:\/\/bisbalpenedes.com\/web\/wp-content\/uploads\/2019\/05\/PHOTO-2019-05-21-14-13-32-768x576.jpg 768w, https:\/\/bisbalpenedes.com\/web\/wp-content\/uploads\/2019\/05\/PHOTO-2019-05-21-14-13-32.jpg 1600w\" sizes=\"(max-width: 630px) 100vw, 630px\" \/><\/a><figcaption id=\"caption-attachment-9647\" class=\"wp-caption-text\">De izquierda a derecha: Judit Vidal, concejala de Turismo; Cristina Bund\u00f3 y Pere Sol\u00e9, propietarios de Mas Llagostera; Agn\u00e8s Ferr\u00e9, alcaldesa de la Bisbal del Pened\u00e8s<\/figcaption><\/figure>\n<p style=\"text-align: justify;\"><span style=\"color: #000000;\"><strong>CASTELLANO |<\/strong> Este martes 21 de mayo de 2019 ha tenido lugar la presentaci\u00f3n de la asociaci\u00f3n Allotjaments amb DO en el Palau Robert de Barcelona. La entidad, promovida entre otros establecimientos por Mas Llagostera, persigue el objetivo de sumar esfuerzos en la promoci\u00f3n del vino catal\u00e1n.<\/span><\/p>\n<p style=\"text-align: justify;\"><span style=\"color: #000000;\">El Ayuntamiento de la Bisbal del Pened\u00e8s ha estado presente durante la presentaci\u00f3n, ya que Cristina Bund\u00f3, propietaria de Mas Llagostera,\u00a0 ha invitado a la alcaldesa Agn\u00e8s Ferr\u00e9 y a la concejala de Turismo, Judit Vidal, a la presentaci\u00f3n de esta nueva asociaci\u00f3n sin \u00e1nimo de lucro.<\/span><\/p>\n<p style=\"text-align: justify;\"><span style=\"color: #000000;\">El trabajo de la asociaci\u00f3n se centra en la oferta de alojamientos de calidad, basada en el equilibrio entre el bienestar, la sostenibilidad, el paisaje y el territoriO. A su vez, la entidad busca potenciar y promocionar el patrimonio vitivin\u00edcola dentro de cada DO.<\/span><\/p>\n<p style=\"text-align: justify;\"><span style=\"color: #000000;\">La asociaci\u00f3n est\u00e1 formada por distintos alojamientos (hoteles, casas de turismo rural, bodegas con alojamiento, bed &amp; breakfast), ubicados en las doce denominaciones de origen de Catalunya, que se distinguen por contar con una oferta de productos de calidad vinculados al mundo del vino.<\/span><\/p>\n<figure id=\"attachment_9648\" aria-describedby=\"caption-attachment-9648\" style=\"width: 630px\" class=\"wp-caption aligncenter\"><a href=\"http:\/\/bisbalpenedes.com\/web\/wp-content\/uploads\/2019\/05\/PHOTO-2019-05-21-14-13-42.jpg\"><img loading=\"lazy\" class=\"wp-image-9648 size-large\" src=\"http:\/\/bisbalpenedes.com\/web\/wp-content\/uploads\/2019\/05\/PHOTO-2019-05-21-14-13-42-1024x768.jpg\" alt=\"Allotjaments amb DO-tots\" width=\"630\" height=\"473\" srcset=\"https:\/\/bisbalpenedes.com\/web\/wp-content\/uploads\/2019\/05\/PHOTO-2019-05-21-14-13-42-1024x768.jpg 1024w, https:\/\/bisbalpenedes.com\/web\/wp-content\/uploads\/2019\/05\/PHOTO-2019-05-21-14-13-42-600x450.jpg 600w, https:\/\/bisbalpenedes.com\/web\/wp-content\/uploads\/2019\/05\/PHOTO-2019-05-21-14-13-42-300x225.jpg 300w, https:\/\/bisbalpenedes.com\/web\/wp-content\/uploads\/2019\/05\/PHOTO-2019-05-21-14-13-42-768x576.jpg 768w, https:\/\/bisbalpenedes.com\/web\/wp-content\/uploads\/2019\/05\/PHOTO-2019-05-21-14-13-42.jpg 1599w\" sizes=\"(max-width: 630px) 100vw, 630px\" \/><\/a><figcaption id=\"caption-attachment-9648\" class=\"wp-caption-text\">Fotograf\u00eda de grupo de los promotores de la iniciativa Allotjaments amb DO<\/figcaption><\/figure>\n","protected":false},"excerpt":{"rendered":"<p>Aquest dimarts 21 de maig de 2019 ha tingut lloc la presentaci\u00f3 de l\u2019associaci\u00f3 Allotjaments amb DO al Palau Robert de Barcelona. L\u2019entitat, promoguda entre altres establiments per Mas Llagostera, &hellip; <a href=\"https:\/\/bisbalpenedes.com\/web\/2019\/05\/21\/mas_llagostera_allotjaments_amb_do\/\" class=\"more-link\">Read More<\/a><\/p>\n","protected":false},"author":4,"featured_media":9647,"comment_status":"closed","ping_status":"closed","sticky":false,"template":"","format":"standard","meta":[],"categories":[2511],"tags":[3035,2118,491,2210,2386,1345],"_links":{"self":[{"href":"https:\/\/bisbalpenedes.com\/web\/wp-json\/wp\/v2\/posts\/9646"}],"collection":[{"href":"https:\/\/bisbalpenedes.com\/web\/wp-json\/wp\/v2\/posts"}],"about":[{"href":"https:\/\/bisbalpenedes.com\/web\/wp-json\/wp\/v2\/types\/post"}],"author":[{"embeddable":true,"href":"https:\/\/bisbalpenedes.com\/web\/wp-json\/wp\/v2\/users\/4"}],"replies":[{"embeddable":true,"href":"https:\/\/bisbalpenedes.com\/web\/wp-json\/wp\/v2\/comments?post=9646"}],"version-history":[{"count":4,"href":"https:\/\/bisbalpenedes.com\/web\/wp-json\/wp\/v2\/posts\/9646\/revisions"}],"predecessor-version":[{"id":9652,"href":"https:\/\/bisbalpenedes.com\/web\/wp-json\/wp\/v2\/posts\/9646\/revisions\/9652"}],"wp:featuredmedia":[{"embeddable":true,"href":"https:\/\/bisbalpenedes.com\/web\/wp-json\/wp\/v2\/media\/9647"}],"wp:attachment":[{"href":"https:\/\/bisbalpenedes.com\/web\/wp-json\/wp\/v2\/media?parent=9646"}],"wp:term":[{"taxonomy":"category","embeddable":true,"href":"https:\/\/bisbalpenedes.com\/web\/wp-json\/wp\/v2\/categories?post=9646"},{"taxonomy":"post_tag","embeddable":true,"href":"https:\/\/bisbalpenedes.com\/web\/wp-json\/wp\/v2\/tags?post=9646"}],"curies":[{"name":"wp","href":"https:\/\/api.w.org\/{rel}","templated":true}]}}