{"id":9641,"date":"2019-05-21T18:32:16","date_gmt":"2019-05-21T17:32:16","guid":{"rendered":"http:\/\/bisbalpenedes.com\/web\/?p=9641"},"modified":"2019-05-21T18:34:41","modified_gmt":"2019-05-21T17:34:41","slug":"josepmartinezcampioveterans","status":"publish","type":"post","link":"https:\/\/bisbalpenedes.com\/web\/2019\/05\/21\/josepmartinezcampioveterans\/","title":{"rendered":"El bisbalenc Josep Mart\u00ednez es proclama campi\u00f3 de Catalunya en la categoria de veterans +60 de tennis taula"},"content":{"rendered":"<p style=\"text-align: justify;\"><a href=\"http:\/\/bisbalpenedes.com\/web\/wp-content\/uploads\/2019\/05\/tennis-taula.jpg\"><img loading=\"lazy\" class=\"aligncenter size-large wp-image-9642\" src=\"http:\/\/bisbalpenedes.com\/web\/wp-content\/uploads\/2019\/05\/tennis-taula-1024x576.jpg\" alt=\"tennis taula josep martinez\" width=\"630\" height=\"354\" srcset=\"https:\/\/bisbalpenedes.com\/web\/wp-content\/uploads\/2019\/05\/tennis-taula-1024x576.jpg 1024w, https:\/\/bisbalpenedes.com\/web\/wp-content\/uploads\/2019\/05\/tennis-taula-600x337.jpg 600w, https:\/\/bisbalpenedes.com\/web\/wp-content\/uploads\/2019\/05\/tennis-taula-300x169.jpg 300w, https:\/\/bisbalpenedes.com\/web\/wp-content\/uploads\/2019\/05\/tennis-taula-768x432.jpg 768w, https:\/\/bisbalpenedes.com\/web\/wp-content\/uploads\/2019\/05\/tennis-taula.jpg 1599w\" sizes=\"(max-width: 630px) 100vw, 630px\" \/><\/a><\/p>\n<p style=\"text-align: justify;\"><span style=\"color: #000000;\">El bisbalenc Josep Mart\u00ednez,\u00a0membre del Club Tennis Taula Vilafranca, s&#8217;ha proclamat campi\u00f3 de Catalunya en la categoria Veterans+60 durant el Campionat de Catalunya de Veterans celebrat a Calella els dies 18 i 19 de maig del 2019. A m\u00e9s, en Josep ha quedat tercer en la categoria Dobles amb el seu company Josep Maria Blancafort, del mateix club. Enhorabona!<\/span><\/p>\n<hr \/>\n<p style=\"text-align: justify;\"><span style=\"color: #000000;\"><strong>CASTELLANO |<\/strong> El bisbalenc Josep Mart\u00ednez, miembro del Club Tennis Taula Vilafranca, se ha proclamado campe\u00f3n de Catalunya en la categor\u00eda Veteranos+60 durante el Campeonato de Catalunya de Veteranos celebrado en Calella los d\u00edas 18 y 19 de mayo del 2019. Adem\u00e1s, Josep ha quedado tercero en la categor\u00eda Dobles con su compa\u00f1ero Josep Maria Blancafort, del mismo club. \u00a1Enhorabuena!<\/span><\/p>\n<p>&nbsp;<\/p>\n","protected":false},"excerpt":{"rendered":"<p>El bisbalenc Josep Mart\u00ednez,\u00a0membre del Club Tennis Taula Vilafranca, s&#8217;ha proclamat campi\u00f3 de Catalunya en la categoria Veterans+60 durant el Campionat de Catalunya de Veterans celebrat a Calella els dies &hellip; <a href=\"https:\/\/bisbalpenedes.com\/web\/2019\/05\/21\/josepmartinezcampioveterans\/\" class=\"more-link\">Read More<\/a><\/p>\n","protected":false},"author":4,"featured_media":9642,"comment_status":"closed","ping_status":"closed","sticky":false,"template":"","format":"standard","meta":[],"categories":[19],"tags":[3033,2537,1959,1962,3034],"_links":{"self":[{"href":"https:\/\/bisbalpenedes.com\/web\/wp-json\/wp\/v2\/posts\/9641"}],"collection":[{"href":"https:\/\/bisbalpenedes.com\/web\/wp-json\/wp\/v2\/posts"}],"about":[{"href":"https:\/\/bisbalpenedes.com\/web\/wp-json\/wp\/v2\/types\/post"}],"author":[{"embeddable":true,"href":"https:\/\/bisbalpenedes.com\/web\/wp-json\/wp\/v2\/users\/4"}],"replies":[{"embeddable":true,"href":"https:\/\/bisbalpenedes.com\/web\/wp-json\/wp\/v2\/comments?post=9641"}],"version-history":[{"count":3,"href":"https:\/\/bisbalpenedes.com\/web\/wp-json\/wp\/v2\/posts\/9641\/revisions"}],"predecessor-version":[{"id":9645,"href":"https:\/\/bisbalpenedes.com\/web\/wp-json\/wp\/v2\/posts\/9641\/revisions\/9645"}],"wp:featuredmedia":[{"embeddable":true,"href":"https:\/\/bisbalpenedes.com\/web\/wp-json\/wp\/v2\/media\/9642"}],"wp:attachment":[{"href":"https:\/\/bisbalpenedes.com\/web\/wp-json\/wp\/v2\/media?parent=9641"}],"wp:term":[{"taxonomy":"category","embeddable":true,"href":"https:\/\/bisbalpenedes.com\/web\/wp-json\/wp\/v2\/categories?post=9641"},{"taxonomy":"post_tag","embeddable":true,"href":"https:\/\/bisbalpenedes.com\/web\/wp-json\/wp\/v2\/tags?post=9641"}],"curies":[{"name":"wp","href":"https:\/\/api.w.org\/{rel}","templated":true}]}}