{"id":9632,"date":"2019-05-20T15:55:38","date_gmt":"2019-05-20T14:55:38","guid":{"rendered":"http:\/\/bisbalpenedes.com\/web\/?p=9632"},"modified":"2019-05-20T16:33:12","modified_gmt":"2019-05-20T15:33:12","slug":"festivaleva2019","status":"publish","type":"post","link":"https:\/\/bisbalpenedes.com\/web\/2019\/05\/20\/festivaleva2019\/","title":{"rendered":"Els dies 1 i 6 de juny gaudeix del Festival EVA a la Bisbal del Pened\u00e8s"},"content":{"rendered":"<p style=\"text-align: justify;\"><span style=\"color: #000000;\">El Festival En Veu Alta, dedicat a la narraci\u00f3 i la tradici\u00f3 oral, torna a tenir la Bisbal del Pened\u00e8s com a escenari. Enguany s&#8217;hi oferiran dos espectacles:<\/span><\/p>\n<ul>\n<li style=\"text-align: justify;\"><span style=\"color: #000000;\">Dissabte 1 de juny, a les 19h, M\u00e0gic Martini amb &#8216;Dej\u00e0 vu&#8217; a l&#8217;Auditori Salb\u00e0 (CMC)<\/span><a href=\"http:\/\/bisbalpenedes.com\/web\/wp-content\/uploads\/2019\/05\/07-Magic-Martini.jpg\"><img loading=\"lazy\" class=\"aligncenter size-medium wp-image-9629\" src=\"http:\/\/bisbalpenedes.com\/web\/wp-content\/uploads\/2019\/05\/07-Magic-Martini-200x300.jpg\" alt=\"07 Magic Martini\" width=\"200\" height=\"300\" srcset=\"https:\/\/bisbalpenedes.com\/web\/wp-content\/uploads\/2019\/05\/07-Magic-Martini-200x300.jpg 200w, https:\/\/bisbalpenedes.com\/web\/wp-content\/uploads\/2019\/05\/07-Magic-Martini-600x900.jpg 600w, https:\/\/bisbalpenedes.com\/web\/wp-content\/uploads\/2019\/05\/07-Magic-Martini.jpg 640w\" sizes=\"(max-width: 200px) 100vw, 200px\" \/><\/a><\/li>\n<li style=\"text-align: justify;\"><span style=\"color: #000000;\">Dijous 6 de juny, a les 20h, Carolina Rueda, a les 20h, amb &#8216;El juego de las sombras&#8217; a la Taverna d&#8217;en Pascual (Les casetes del Torrent)<a href=\"http:\/\/bisbalpenedes.com\/web\/wp-content\/uploads\/2019\/05\/29-Carolina-Rueda.jpg\"><img loading=\"lazy\" class=\"aligncenter size-medium wp-image-9630\" src=\"http:\/\/bisbalpenedes.com\/web\/wp-content\/uploads\/2019\/05\/29-Carolina-Rueda-300x220.jpg\" alt=\"29 Carolina Rueda\" width=\"300\" height=\"220\" srcset=\"https:\/\/bisbalpenedes.com\/web\/wp-content\/uploads\/2019\/05\/29-Carolina-Rueda-300x220.jpg 300w, https:\/\/bisbalpenedes.com\/web\/wp-content\/uploads\/2019\/05\/29-Carolina-Rueda-600x440.jpg 600w, https:\/\/bisbalpenedes.com\/web\/wp-content\/uploads\/2019\/05\/29-Carolina-Rueda-768x563.jpg 768w, https:\/\/bisbalpenedes.com\/web\/wp-content\/uploads\/2019\/05\/29-Carolina-Rueda.jpg 900w\" sizes=\"(max-width: 300px) 100vw, 300px\" \/><\/a><\/span><img loading=\"lazy\" class=\"aligncenter wp-image-9628 size-medium\" src=\"http:\/\/bisbalpenedes.com\/web\/wp-content\/uploads\/2019\/05\/Eva19_Cartell_LaBisbal-212x300.jpg\" alt=\"Eva19_Cartell_LaBisbal\" width=\"212\" height=\"300\" srcset=\"https:\/\/bisbalpenedes.com\/web\/wp-content\/uploads\/2019\/05\/Eva19_Cartell_LaBisbal-212x300.jpg 212w, https:\/\/bisbalpenedes.com\/web\/wp-content\/uploads\/2019\/05\/Eva19_Cartell_LaBisbal-600x848.jpg 600w, https:\/\/bisbalpenedes.com\/web\/wp-content\/uploads\/2019\/05\/Eva19_Cartell_LaBisbal-768x1086.jpg 768w, https:\/\/bisbalpenedes.com\/web\/wp-content\/uploads\/2019\/05\/Eva19_Cartell_LaBisbal-724x1024.jpg 724w, https:\/\/bisbalpenedes.com\/web\/wp-content\/uploads\/2019\/05\/Eva19_Cartell_LaBisbal.jpg 1754w\" sizes=\"(max-width: 212px) 100vw, 212px\" \/><\/li>\n<\/ul>\n<p style=\"text-align: center;\"><span style=\"color: #000000;\">\u00a0<\/span><br \/>\n<iframe loading=\"lazy\" src=\"https:\/\/www.youtube.com\/embed\/-t-vzWCMXxs\" width=\"560\" height=\"315\" frameborder=\"0\" allowfullscreen=\"allowfullscreen\"><\/iframe><\/p>\n<p>&nbsp;<\/p>\n<hr \/>\n<p><span style=\"color: #000000;\"><strong>CASTELLANO |<\/strong>\u00a0El Festival En Veu Alta, dedicado a la narraci\u00f3n y la tradici\u00f3n oral, vuelve a tener la Bisbal del Pened\u00e8s como escenario. Este a\u00f1o se ofrecer\u00e1n dos espect\u00e1culos.<\/span><\/p>\n<ul>\n<li><span style=\"color: #000000;\">El s\u00e1bado 1 de junio, a las 19h, M\u00e0gic Martini con &#8216;Dej\u00e0 vu&#8217; en el Auditori Salb\u00e0 (CMC)<\/span><\/li>\n<\/ul>\n<p><a href=\"http:\/\/bisbalpenedes.com\/web\/wp-content\/uploads\/2019\/05\/07-Magic-Martini.jpg\"><img loading=\"lazy\" class=\"aligncenter size-medium wp-image-9629\" src=\"http:\/\/bisbalpenedes.com\/web\/wp-content\/uploads\/2019\/05\/07-Magic-Martini-200x300.jpg\" alt=\"07 Magic Martini\" width=\"200\" height=\"300\" srcset=\"https:\/\/bisbalpenedes.com\/web\/wp-content\/uploads\/2019\/05\/07-Magic-Martini-200x300.jpg 200w, https:\/\/bisbalpenedes.com\/web\/wp-content\/uploads\/2019\/05\/07-Magic-Martini-600x900.jpg 600w, https:\/\/bisbalpenedes.com\/web\/wp-content\/uploads\/2019\/05\/07-Magic-Martini.jpg 640w\" sizes=\"(max-width: 200px) 100vw, 200px\" \/><\/a><\/p>\n<ul>\n<li><span style=\"color: #000000;\">El jueves 6 de junio, a las 20h, Carolina Rueda, a las 20h, con &#8216;El juego de las sombras&#8217; en la Taverna d&#8217;en Pascual (Les casetes del Torrent).<a href=\"http:\/\/bisbalpenedes.com\/web\/wp-content\/uploads\/2019\/05\/29-Carolina-Rueda.jpg\"><img loading=\"lazy\" class=\"aligncenter size-medium wp-image-9630\" src=\"http:\/\/bisbalpenedes.com\/web\/wp-content\/uploads\/2019\/05\/29-Carolina-Rueda-300x220.jpg\" alt=\"29 Carolina Rueda\" width=\"300\" height=\"220\" srcset=\"https:\/\/bisbalpenedes.com\/web\/wp-content\/uploads\/2019\/05\/29-Carolina-Rueda-300x220.jpg 300w, https:\/\/bisbalpenedes.com\/web\/wp-content\/uploads\/2019\/05\/29-Carolina-Rueda-600x440.jpg 600w, https:\/\/bisbalpenedes.com\/web\/wp-content\/uploads\/2019\/05\/29-Carolina-Rueda-768x563.jpg 768w, https:\/\/bisbalpenedes.com\/web\/wp-content\/uploads\/2019\/05\/29-Carolina-Rueda.jpg 900w\" sizes=\"(max-width: 300px) 100vw, 300px\" \/><\/a><\/span><img loading=\"lazy\" class=\"aligncenter wp-image-9628 size-medium\" src=\"http:\/\/bisbalpenedes.com\/web\/wp-content\/uploads\/2019\/05\/Eva19_Cartell_LaBisbal-212x300.jpg\" alt=\"Eva19_Cartell_LaBisbal\" width=\"212\" height=\"300\" srcset=\"https:\/\/bisbalpenedes.com\/web\/wp-content\/uploads\/2019\/05\/Eva19_Cartell_LaBisbal-212x300.jpg 212w, https:\/\/bisbalpenedes.com\/web\/wp-content\/uploads\/2019\/05\/Eva19_Cartell_LaBisbal-600x848.jpg 600w, https:\/\/bisbalpenedes.com\/web\/wp-content\/uploads\/2019\/05\/Eva19_Cartell_LaBisbal-768x1086.jpg 768w, https:\/\/bisbalpenedes.com\/web\/wp-content\/uploads\/2019\/05\/Eva19_Cartell_LaBisbal-724x1024.jpg 724w, https:\/\/bisbalpenedes.com\/web\/wp-content\/uploads\/2019\/05\/Eva19_Cartell_LaBisbal.jpg 1754w\" sizes=\"(max-width: 212px) 100vw, 212px\" \/><\/li>\n<\/ul>\n<p style=\"text-align: center;\"><iframe loading=\"lazy\" src=\"https:\/\/www.youtube.com\/embed\/-t-vzWCMXxs\" width=\"560\" height=\"315\" frameborder=\"0\" allowfullscreen=\"allowfullscreen\"><\/iframe><\/p>\n","protected":false},"excerpt":{"rendered":"<p>El Festival En Veu Alta, dedicat a la narraci\u00f3 i la tradici\u00f3 oral, torna a tenir la Bisbal del Pened\u00e8s com a escenari. Enguany s&#8217;hi oferiran dos espectacles: Dissabte 1 &hellip; <a href=\"https:\/\/bisbalpenedes.com\/web\/2019\/05\/20\/festivaleva2019\/\" class=\"more-link\">Read More<\/a><\/p>\n","protected":false},"author":4,"featured_media":9628,"comment_status":"closed","ping_status":"closed","sticky":false,"template":"","format":"standard","meta":[],"categories":[13],"tags":[3032,3030,1807,3031],"_links":{"self":[{"href":"https:\/\/bisbalpenedes.com\/web\/wp-json\/wp\/v2\/posts\/9632"}],"collection":[{"href":"https:\/\/bisbalpenedes.com\/web\/wp-json\/wp\/v2\/posts"}],"about":[{"href":"https:\/\/bisbalpenedes.com\/web\/wp-json\/wp\/v2\/types\/post"}],"author":[{"embeddable":true,"href":"https:\/\/bisbalpenedes.com\/web\/wp-json\/wp\/v2\/users\/4"}],"replies":[{"embeddable":true,"href":"https:\/\/bisbalpenedes.com\/web\/wp-json\/wp\/v2\/comments?post=9632"}],"version-history":[{"count":7,"href":"https:\/\/bisbalpenedes.com\/web\/wp-json\/wp\/v2\/posts\/9632\/revisions"}],"predecessor-version":[{"id":9640,"href":"https:\/\/bisbalpenedes.com\/web\/wp-json\/wp\/v2\/posts\/9632\/revisions\/9640"}],"wp:featuredmedia":[{"embeddable":true,"href":"https:\/\/bisbalpenedes.com\/web\/wp-json\/wp\/v2\/media\/9628"}],"wp:attachment":[{"href":"https:\/\/bisbalpenedes.com\/web\/wp-json\/wp\/v2\/media?parent=9632"}],"wp:term":[{"taxonomy":"category","embeddable":true,"href":"https:\/\/bisbalpenedes.com\/web\/wp-json\/wp\/v2\/categories?post=9632"},{"taxonomy":"post_tag","embeddable":true,"href":"https:\/\/bisbalpenedes.com\/web\/wp-json\/wp\/v2\/tags?post=9632"}],"curies":[{"name":"wp","href":"https:\/\/api.w.org\/{rel}","templated":true}]}}