{"id":9624,"date":"2019-05-20T15:14:05","date_gmt":"2019-05-20T14:14:05","guid":{"rendered":"http:\/\/bisbalpenedes.com\/web\/?p=9624"},"modified":"2019-05-20T15:14:05","modified_gmt":"2019-05-20T14:14:05","slug":"aquesta-setmana-es-du-a-terme-la-campanya-informativa-sobre-la-recollida-de-materia-organica-a-lesplai","status":"publish","type":"post","link":"https:\/\/bisbalpenedes.com\/web\/2019\/05\/20\/aquesta-setmana-es-du-a-terme-la-campanya-informativa-sobre-la-recollida-de-materia-organica-a-lesplai\/","title":{"rendered":"Aquesta setmana es du a terme la campanya informativa sobre la recollida de mat\u00e8ria org\u00e0nica a l&#8217;Esplai"},"content":{"rendered":"<p><a href=\"http:\/\/bisbalpenedes.com\/web\/wp-content\/uploads\/2019\/04\/organica-informadora.jpg\"><img loading=\"lazy\" class=\"aligncenter size-medium wp-image-9303\" src=\"http:\/\/bisbalpenedes.com\/web\/wp-content\/uploads\/2019\/04\/organica-informadora-300x212.jpg\" alt=\"organica informadora\" width=\"300\" height=\"212\" srcset=\"https:\/\/bisbalpenedes.com\/web\/wp-content\/uploads\/2019\/04\/organica-informadora-300x212.jpg 300w, https:\/\/bisbalpenedes.com\/web\/wp-content\/uploads\/2019\/04\/organica-informadora-600x424.jpg 600w, https:\/\/bisbalpenedes.com\/web\/wp-content\/uploads\/2019\/04\/organica-informadora-768x543.jpg 768w, https:\/\/bisbalpenedes.com\/web\/wp-content\/uploads\/2019\/04\/organica-informadora-1024x724.jpg 1024w\" sizes=\"(max-width: 300px) 100vw, 300px\" \/><\/a><\/p>\n<p><span style=\"color: #000000;\">Aquesta setmana es du a terme la campanya informativa de la recollida de mat\u00e8ria org\u00e0nica, mitjan\u00e7ant el \u2018porta a porta\u2019,<strong> a l&#8217;Esplai<\/strong>. <span style=\"text-decoration: underline;\">El proper dissabte podreu trobar la informadora al local social de l&#8217;Esplai, entre les 10h i les 13h<\/span>. Us hi podeu adre\u00e7ar perqu\u00e8 us faciliti informaci\u00f3 sobre la campanya i us faci entrega del cubell i les bosses compostables.<\/span><\/p>\n<p><span style=\"color: #000000;\">Per a m\u00e9s informaci\u00f3 sobre la campanya informativa de la implantaci\u00f3 de la recollida de la mat\u00e8ria org\u00e0nica als barris de fora del nucli, podeu entrar a l\u2019enlla\u00e7:<\/span>\u00a0<a href=\"http:\/\/bisbalpenedes.com\/web\/2019\/04\/04\/comenca-la-campanya-informativa-de-la-implantacio-de-la-recollida-materia-organica-als-barris-de-fora-del-nucli\/\">http:\/\/bisbalpenedes.com\/web\/2019\/04\/04\/comenca-la-campanya-informativa-de-la-implantacio-de-la-recollida-materia-organica-als-barris-de-fora-del-nucli\/<\/a><\/p>\n<hr \/>\n<p><span style=\"color: #000000;\"><strong>CASTELLANO |<\/strong>\u00a0Esta semana se lleva a cabo la campa\u00f1a informativa de la recogida de materia org\u00e1nica, mediante el \u2018puerta por puerta\u2019, <strong>en l&#8217;Esplai.<\/strong> <span style=\"text-decoration: underline;\">El pr\u00f3ximo s\u00e1bado podr\u00e9is encontrar a la informadora en el local social de l&#8217;Esplai, entre las 10h y las 13h<\/span>. Os pod\u00e9is dirigir a ella para que os facilite informaci\u00f3n sobre la campa\u00f1a y os haga entrega del cubo y las bolsas compostables.<\/span><\/p>\n<p><span style=\"color: #000000;\">Para m\u00e1s informaci\u00f3n sobre la campa\u00f1a informativa de la implantaci\u00f3n de la recogida de la materia org\u00e1nica en los barrios de fuera del n\u00facleo, pod\u00e9is entrar en el enlace:<\/span>\u00a0<a href=\"http:\/\/bisbalpenedes.com\/web\/2019\/04\/04\/comenca-la-campanya-informativa-de-la-implantacio-de-la-recollida-materia-organica-als-barris-de-fora-del-nucli\/\">http:\/\/bisbalpenedes.com\/web\/2019\/04\/04\/comenca-la-campanya-informativa-de-la-implantacio-de-la-recollida-materia-organica-als-barris-de-fora-del-nucli\/<\/a><\/p>\n","protected":false},"excerpt":{"rendered":"<p>Aquesta setmana es du a terme la campanya informativa de la recollida de mat\u00e8ria org\u00e0nica, mitjan\u00e7ant el \u2018porta a porta\u2019, a l&#8217;Esplai. El proper dissabte podreu trobar la informadora al &hellip; <a href=\"https:\/\/bisbalpenedes.com\/web\/2019\/05\/20\/aquesta-setmana-es-du-a-terme-la-campanya-informativa-sobre-la-recollida-de-materia-organica-a-lesplai\/\" class=\"more-link\">Read More<\/a><\/p>\n","protected":false},"author":4,"featured_media":9223,"comment_status":"closed","ping_status":"closed","sticky":false,"template":"","format":"standard","meta":[],"categories":[32],"tags":[276,1907,2446,627],"_links":{"self":[{"href":"https:\/\/bisbalpenedes.com\/web\/wp-json\/wp\/v2\/posts\/9624"}],"collection":[{"href":"https:\/\/bisbalpenedes.com\/web\/wp-json\/wp\/v2\/posts"}],"about":[{"href":"https:\/\/bisbalpenedes.com\/web\/wp-json\/wp\/v2\/types\/post"}],"author":[{"embeddable":true,"href":"https:\/\/bisbalpenedes.com\/web\/wp-json\/wp\/v2\/users\/4"}],"replies":[{"embeddable":true,"href":"https:\/\/bisbalpenedes.com\/web\/wp-json\/wp\/v2\/comments?post=9624"}],"version-history":[{"count":1,"href":"https:\/\/bisbalpenedes.com\/web\/wp-json\/wp\/v2\/posts\/9624\/revisions"}],"predecessor-version":[{"id":9625,"href":"https:\/\/bisbalpenedes.com\/web\/wp-json\/wp\/v2\/posts\/9624\/revisions\/9625"}],"wp:featuredmedia":[{"embeddable":true,"href":"https:\/\/bisbalpenedes.com\/web\/wp-json\/wp\/v2\/media\/9223"}],"wp:attachment":[{"href":"https:\/\/bisbalpenedes.com\/web\/wp-json\/wp\/v2\/media?parent=9624"}],"wp:term":[{"taxonomy":"category","embeddable":true,"href":"https:\/\/bisbalpenedes.com\/web\/wp-json\/wp\/v2\/categories?post=9624"},{"taxonomy":"post_tag","embeddable":true,"href":"https:\/\/bisbalpenedes.com\/web\/wp-json\/wp\/v2\/tags?post=9624"}],"curies":[{"name":"wp","href":"https:\/\/api.w.org\/{rel}","templated":true}]}}