{"id":9617,"date":"2019-05-20T14:57:25","date_gmt":"2019-05-20T13:57:25","guid":{"rendered":"http:\/\/bisbalpenedes.com\/web\/?p=9617"},"modified":"2019-05-20T15:09:25","modified_gmt":"2019-05-20T14:09:25","slug":"els-taekwondistes-bisbalencs-triomfen-a-barcelona-i-figueres","status":"publish","type":"post","link":"https:\/\/bisbalpenedes.com\/web\/2019\/05\/20\/els-taekwondistes-bisbalencs-triomfen-a-barcelona-i-figueres\/","title":{"rendered":"Els taekwondistes bisbalencs triomfen a Barcelona i Figueres"},"content":{"rendered":"<div id='gallery-1' class='gallery galleryid-9617 gallery-columns-3 gallery-size-thumbnail'><figure class='gallery-item'>\n\t\t\t<div class='gallery-icon portrait'>\n\t\t\t\t<a href='https:\/\/bisbalpenedes.com\/web\/2019\/05\/20\/els-taekwondistes-bisbalencs-triomfen-a-barcelona-i-figueres\/img_8093\/'><img width=\"150\" height=\"150\" src=\"https:\/\/bisbalpenedes.com\/web\/wp-content\/uploads\/2019\/05\/IMG_8093-150x150.jpeg\" class=\"attachment-thumbnail size-thumbnail\" alt=\"\" loading=\"lazy\" srcset=\"https:\/\/bisbalpenedes.com\/web\/wp-content\/uploads\/2019\/05\/IMG_8093-150x150.jpeg 150w, https:\/\/bisbalpenedes.com\/web\/wp-content\/uploads\/2019\/05\/IMG_8093-300x300.jpeg 300w, https:\/\/bisbalpenedes.com\/web\/wp-content\/uploads\/2019\/05\/IMG_8093-100x100.jpeg 100w\" sizes=\"(max-width: 150px) 100vw, 150px\" \/><\/a>\n\t\t\t<\/div><\/figure><figure class='gallery-item'>\n\t\t\t<div class='gallery-icon portrait'>\n\t\t\t\t<a href='https:\/\/bisbalpenedes.com\/web\/2019\/05\/20\/els-taekwondistes-bisbalencs-triomfen-a-barcelona-i-figueres\/44a2378e-fa10-4604-aadd-c41b57619b4e\/'><img width=\"150\" height=\"150\" src=\"https:\/\/bisbalpenedes.com\/web\/wp-content\/uploads\/2019\/05\/44a2378e-fa10-4604-aadd-c41b57619b4e-150x150.jpeg\" class=\"attachment-thumbnail size-thumbnail\" alt=\"\" loading=\"lazy\" srcset=\"https:\/\/bisbalpenedes.com\/web\/wp-content\/uploads\/2019\/05\/44a2378e-fa10-4604-aadd-c41b57619b4e-150x150.jpeg 150w, https:\/\/bisbalpenedes.com\/web\/wp-content\/uploads\/2019\/05\/44a2378e-fa10-4604-aadd-c41b57619b4e-300x300.jpeg 300w, https:\/\/bisbalpenedes.com\/web\/wp-content\/uploads\/2019\/05\/44a2378e-fa10-4604-aadd-c41b57619b4e-100x100.jpeg 100w\" sizes=\"(max-width: 150px) 100vw, 150px\" \/><\/a>\n\t\t\t<\/div><\/figure><figure class='gallery-item'>\n\t\t\t<div class='gallery-icon portrait'>\n\t\t\t\t<a href='https:\/\/bisbalpenedes.com\/web\/2019\/05\/20\/els-taekwondistes-bisbalencs-triomfen-a-barcelona-i-figueres\/img_8095\/'><img width=\"150\" height=\"150\" src=\"https:\/\/bisbalpenedes.com\/web\/wp-content\/uploads\/2019\/05\/IMG_8095-150x150.jpg\" class=\"attachment-thumbnail size-thumbnail\" alt=\"\" loading=\"lazy\" srcset=\"https:\/\/bisbalpenedes.com\/web\/wp-content\/uploads\/2019\/05\/IMG_8095-150x150.jpg 150w, https:\/\/bisbalpenedes.com\/web\/wp-content\/uploads\/2019\/05\/IMG_8095-300x300.jpg 300w, https:\/\/bisbalpenedes.com\/web\/wp-content\/uploads\/2019\/05\/IMG_8095-100x100.jpg 100w\" sizes=\"(max-width: 150px) 100vw, 150px\" \/><\/a>\n\t\t\t<\/div><\/figure>\n\t\t<\/div>\n\n<p><span style=\"color: #000000;\">En les dues darreres setmanes els germans David Ruiz i Gloria Ruiz han obtingut noves fites esportives. \u00a0D\u2019una banda, David Ruiz ha aconseguit la medalla de bronze al campionat de Catalunya sub-21 de Taekwondo celebrat al poliesportiu de la Mar Bella de Barcelona el cap de setmana dels dies 11 i 12 de maig. D\u2019altra banda, la seva germana Gloria Ruiz ha aconseguit la medalla d\u2019argent a l\u2019Open de Figueres, celebrat al poliesportiu Albert Gurt el passat cap de setmana.<\/span><\/p>\n<p><span style=\"color: #000000;\">Ambd\u00f3s taekwondistes formen part del Club Ol\u00edmpic El Vendrell i els seus mestres s\u00f3n els tamb\u00e9 bisbalencs Alberto i Irene Calvo.<\/span><\/p>\n<p><span style=\"color: #000000;\">Des de l&#8217;Ajuntament de la Bisbal del Pened\u00e8s els felicitem per aquests nous \u00e8xits.<\/span><\/p>\n<hr \/>\n<p><span style=\"color: #000000;\"><strong>CASTELLANO |<\/strong> En las dos \u00faltimas semanas los hermanos David Ruiz y Gloria Ruiz han obtenido nuevos logros deportivos. Por un lado, David Ruiz ha conseguido la medalla de bronce en el campeonato de Catalunya sub-21 de Taekwondo celebrado en el polideportivo de la Mar Bella de Barcelona el fin de semana de los d\u00edas 11 y 12 de mayo. Por otro lado, su hermana Gloria Ruiz ha conseguido la medalla de plata en el Open de Figueres, celebrado en el polideportivo Albert Gurt el pasado fin de semana.<\/span><\/p>\n<p><span style=\"color: #000000;\">Ambos taekwondistas forman parte del Club Ol\u00edmpic El Vendrell y sus maestros son los tambi\u00e9n bisbalencs Alberto e Irene Calvo.<\/span><\/p>\n<p><span style=\"color: #000000;\">Desde el Ayuntamiento de la Bisbal del Pened\u00e8s los felicitamos por estos nuevos \u00e9xitos.<\/span><\/p>\n","protected":false},"excerpt":{"rendered":"<p>En les dues darreres setmanes els germans David Ruiz i Gloria Ruiz han obtingut noves fites esportives. \u00a0D\u2019una banda, David Ruiz ha aconseguit la medalla de bronze al campionat de &hellip; <a href=\"https:\/\/bisbalpenedes.com\/web\/2019\/05\/20\/els-taekwondistes-bisbalencs-triomfen-a-barcelona-i-figueres\/\" class=\"more-link\">Read More<\/a><\/p>\n","protected":false},"author":4,"featured_media":9618,"comment_status":"closed","ping_status":"closed","sticky":false,"template":"","format":"standard","meta":[],"categories":[2370],"tags":[1429,3029,2536,1958,1430,1428],"_links":{"self":[{"href":"https:\/\/bisbalpenedes.com\/web\/wp-json\/wp\/v2\/posts\/9617"}],"collection":[{"href":"https:\/\/bisbalpenedes.com\/web\/wp-json\/wp\/v2\/posts"}],"about":[{"href":"https:\/\/bisbalpenedes.com\/web\/wp-json\/wp\/v2\/types\/post"}],"author":[{"embeddable":true,"href":"https:\/\/bisbalpenedes.com\/web\/wp-json\/wp\/v2\/users\/4"}],"replies":[{"embeddable":true,"href":"https:\/\/bisbalpenedes.com\/web\/wp-json\/wp\/v2\/comments?post=9617"}],"version-history":[{"count":3,"href":"https:\/\/bisbalpenedes.com\/web\/wp-json\/wp\/v2\/posts\/9617\/revisions"}],"predecessor-version":[{"id":9623,"href":"https:\/\/bisbalpenedes.com\/web\/wp-json\/wp\/v2\/posts\/9617\/revisions\/9623"}],"wp:featuredmedia":[{"embeddable":true,"href":"https:\/\/bisbalpenedes.com\/web\/wp-json\/wp\/v2\/media\/9618"}],"wp:attachment":[{"href":"https:\/\/bisbalpenedes.com\/web\/wp-json\/wp\/v2\/media?parent=9617"}],"wp:term":[{"taxonomy":"category","embeddable":true,"href":"https:\/\/bisbalpenedes.com\/web\/wp-json\/wp\/v2\/categories?post=9617"},{"taxonomy":"post_tag","embeddable":true,"href":"https:\/\/bisbalpenedes.com\/web\/wp-json\/wp\/v2\/tags?post=9617"}],"curies":[{"name":"wp","href":"https:\/\/api.w.org\/{rel}","templated":true}]}}